{"id":48553,"date":"2021-03-17T00:45:29","date_gmt":"2021-03-17T06:45:29","guid":{"rendered":"https:\/\/www.porlalibreedomex.com\/?p=48553"},"modified":"2021-03-18T00:45:58","modified_gmt":"2021-03-18T06:45:58","slug":"inician-brigadas-vacunacion-para-adultos-mayores-contra-covid-en-coacalco","status":"publish","type":"post","link":"https:\/\/www.porlalibreedomex.com\/?p=48553","title":{"rendered":"INICIAN BRIGADAS VACUNACI\u00d3N PARA ADULTOS MAYORES CONTRA COVID EN COACALCO"},"content":{"rendered":"<p>&nbsp;<\/p>\n<ul>\n<li>\n<h3><strong>Piden autoridades mantener las medidas preventivas a\u00fan cuando est\u00e9n vacunados.<\/strong><\/h3>\n<\/li>\n<\/ul>\n<p>&nbsp;<\/p>\n<p><strong>Coacalco, Estado de M\u00e9xico, 17 de marzo de 2021.<\/strong> Tras continuar en Coacalco con el Plan Nacional de Vacunaci\u00f3n contra COVID-19, autoridades de los tres \u00f3rdenes de gobierno informaron que se instalaron 43 m\u00f3dulos en la explanada del palacio municipal y en la Unidad de Medicina Familiar N\u00b0 198 del Instituto Mexicano del Seguro Social (IMSS), con el objetivo de aplicar 27 mil 427 dosis a adultos mayores.<\/p>\n<p>Dicha jornada se inici\u00f3 en completo orden y se resalt\u00f3 que est\u00e1 garantizado el suministro de vacunas para la poblaci\u00f3n de la tercera edad en este municipio, con lo que se evit\u00f3 que los beneficiados pernoctaran y acatando las medidas preventivas, como el respeto a la sana distancia, la aplicaci\u00f3n del biol\u00f3gico ha sido constante y fluida.<\/p>\n<p><a href=\"https:\/\/www.porlalibreedomex.com\/wp-content\/uploads\/2021\/03\/Se-planea-aplicar-27-mil-vacunas-a-los-adultos-mayores-de-Coacalco.-2021-03-17.jpeg\"><img loading=\"lazy\" decoding=\"async\" class=\"aligncenter size-large wp-image-48555\" src=\"https:\/\/www.porlalibreedomex.com\/wp-content\/uploads\/2021\/03\/Se-planea-aplicar-27-mil-vacunas-a-los-adultos-mayores-de-Coacalco.-2021-03-17-1024x782.jpeg\" alt=\"\" width=\"800\" height=\"611\" srcset=\"https:\/\/www.porlalibreedomex.com\/wp-content\/uploads\/2021\/03\/Se-planea-aplicar-27-mil-vacunas-a-los-adultos-mayores-de-Coacalco.-2021-03-17-1024x782.jpeg 1024w, https:\/\/www.porlalibreedomex.com\/wp-content\/uploads\/2021\/03\/Se-planea-aplicar-27-mil-vacunas-a-los-adultos-mayores-de-Coacalco.-2021-03-17-300x229.jpeg 300w, https:\/\/www.porlalibreedomex.com\/wp-content\/uploads\/2021\/03\/Se-planea-aplicar-27-mil-vacunas-a-los-adultos-mayores-de-Coacalco.-2021-03-17-768x587.jpeg 768w, https:\/\/www.porlalibreedomex.com\/wp-content\/uploads\/2021\/03\/Se-planea-aplicar-27-mil-vacunas-a-los-adultos-mayores-de-Coacalco.-2021-03-17.jpeg 1280w\" sizes=\"auto, (max-width: 800px) 100vw, 800px\" \/><\/a><\/p>\n<p>Los dos m\u00f3dulos funcionar\u00e1n de 9:00 a 17:00 horas, hasta el pr\u00f3ximo 24 marzo, en la Unidad de Medicina Familiar N\u00b0 198 del IMSS, que se ubica en la calle Miguel Flores s\/n, colonia San Rafael, donde se habilitaron 27 m\u00f3dulos; mientras que en la explanada del palacio municipal, se instalaron 16 brigadas.<\/p>\n<p>Las autoridades se\u00f1alan que para recibir la vacuna deben presentar el registro realizado en el portal https:\/\/mivacuna.salud.gob.mx\/ y una identificaci\u00f3n oficial; en caso de no tener su inscripci\u00f3n, pueden llevar su credencial del INE o del INAPAM, copia impresa de la CURP o una constancia domiciliaria para acreditar la residencia.<\/p>\n<figure id=\"attachment_48558\" aria-describedby=\"caption-attachment-48558\" style=\"width: 800px\" class=\"wp-caption aligncenter\"><a href=\"https:\/\/www.porlalibreedomex.com\/wp-content\/uploads\/2021\/03\/Le-aplican-su-vacuna-contra-COVID-no-porque-le-vaya-a-las-Chivas-sino-porque-es-de-Coacalco-y-mayor-de-60-anos.-2021-03-17.jpeg\"><img loading=\"lazy\" decoding=\"async\" class=\"size-large wp-image-48558\" src=\"https:\/\/www.porlalibreedomex.com\/wp-content\/uploads\/2021\/03\/Le-aplican-su-vacuna-contra-COVID-no-porque-le-vaya-a-las-Chivas-sino-porque-es-de-Coacalco-y-mayor-de-60-anos.-2021-03-17-1024x738.jpeg\" alt=\"\" width=\"800\" height=\"577\" srcset=\"https:\/\/www.porlalibreedomex.com\/wp-content\/uploads\/2021\/03\/Le-aplican-su-vacuna-contra-COVID-no-porque-le-vaya-a-las-Chivas-sino-porque-es-de-Coacalco-y-mayor-de-60-anos.-2021-03-17-1024x738.jpeg 1024w, https:\/\/www.porlalibreedomex.com\/wp-content\/uploads\/2021\/03\/Le-aplican-su-vacuna-contra-COVID-no-porque-le-vaya-a-las-Chivas-sino-porque-es-de-Coacalco-y-mayor-de-60-anos.-2021-03-17-300x216.jpeg 300w, https:\/\/www.porlalibreedomex.com\/wp-content\/uploads\/2021\/03\/Le-aplican-su-vacuna-contra-COVID-no-porque-le-vaya-a-las-Chivas-sino-porque-es-de-Coacalco-y-mayor-de-60-anos.-2021-03-17-768x553.jpeg 768w, https:\/\/www.porlalibreedomex.com\/wp-content\/uploads\/2021\/03\/Le-aplican-su-vacuna-contra-COVID-no-porque-le-vaya-a-las-Chivas-sino-porque-es-de-Coacalco-y-mayor-de-60-anos.-2021-03-17.jpeg 1280w\" sizes=\"auto, (max-width: 800px) 100vw, 800px\" \/><\/a><figcaption id=\"caption-attachment-48558\" class=\"wp-caption-text\">LE TOCA VACUNA, no porque le vaya a las Chivas, sino porque vive en Coacalco, y es mayor de 60 a\u00f1os.<\/figcaption><\/figure>\n<p>Se recuerda a las personas de la tercera edad que deben desayunar correctamente, tomar sus medicamentos si padecen alguna enfermedad, llevar agua para mantenerse hidratados, gorra, sombrero o sombrilla para protegerse del sol.<\/p>\n<p>Finalmente, subrayaron que despu\u00e9s de recibir la dosis deben mantener todas las medidas preventivas como son uso correcto de cubrebocas, sana distancia, lavado constante de manos y de ser posible mantenerse en casa, por ser uno de los grupos m\u00e1s vulnerables al contagio de COVID-19.<\/p>\n","protected":false},"excerpt":{"rendered":"<p>&nbsp; Piden autoridades mantener las medidas preventivas a\u00fan cuando est\u00e9n vacunados. &nbsp; Coacalco, Estado de M\u00e9xico, 17 de marzo de 2021. Tras continuar en Coacalco con el Plan Nacional de Vacunaci\u00f3n contra COVID-19, autoridades de los tres \u00f3rdenes de gobierno informaron que se instalaron 43 m\u00f3dulos en la explanada del palacio municipal y en la [&hellip;]<\/p>\n","protected":false},"author":3,"featured_media":48557,"comment_status":"open","ping_status":"open","sticky":false,"template":"","format":"standard","meta":{"footnotes":""},"categories":[16,9150,9209],"tags":[22253,22254,22255],"class_list":{"0":"post-48553","1":"post","2":"type-post","3":"status-publish","4":"format-standard","5":"has-post-thumbnail","7":"category-foto","8":"category-politica","9":"category-salud","10":"tag-27-mil-vacunas-para-coacalco","11":"tag-inicio-vacunaci0on-vs-covid","12":"tag-inicio-vacunacion-en-coacalco"},"wps_subtitle":"Aplicar\u00e1n en este municipio m\u00e1s de 27 mil dosis hasta el pr\u00f3ximo 24 de marzo.","_links":{"self":[{"href":"https:\/\/www.porlalibreedomex.com\/index.php?rest_route=\/wp\/v2\/posts\/48553","targetHints":{"allow":["GET"]}}],"collection":[{"href":"https:\/\/www.porlalibreedomex.com\/index.php?rest_route=\/wp\/v2\/posts"}],"about":[{"href":"https:\/\/www.porlalibreedomex.com\/index.php?rest_route=\/wp\/v2\/types\/post"}],"author":[{"embeddable":true,"href":"https:\/\/www.porlalibreedomex.com\/index.php?rest_route=\/wp\/v2\/users\/3"}],"replies":[{"embeddable":true,"href":"https:\/\/www.porlalibreedomex.com\/index.php?rest_route=%2Fwp%2Fv2%2Fcomments&post=48553"}],"version-history":[{"count":1,"href":"https:\/\/www.porlalibreedomex.com\/index.php?rest_route=\/wp\/v2\/posts\/48553\/revisions"}],"predecessor-version":[{"id":48559,"href":"https:\/\/www.porlalibreedomex.com\/index.php?rest_route=\/wp\/v2\/posts\/48553\/revisions\/48559"}],"wp:featuredmedia":[{"embeddable":true,"href":"https:\/\/www.porlalibreedomex.com\/index.php?rest_route=\/wp\/v2\/media\/48557"}],"wp:attachment":[{"href":"https:\/\/www.porlalibreedomex.com\/index.php?rest_route=%2Fwp%2Fv2%2Fmedia&parent=48553"}],"wp:term":[{"taxonomy":"category","embeddable":true,"href":"https:\/\/www.porlalibreedomex.com\/index.php?rest_route=%2Fwp%2Fv2%2Fcategories&post=48553"},{"taxonomy":"post_tag","embeddable":true,"href":"https:\/\/www.porlalibreedomex.com\/index.php?rest_route=%2Fwp%2Fv2%2Ftags&post=48553"}],"curies":[{"name":"wp","href":"https:\/\/api.w.org\/{rel}","templated":true}]}}