{"id":48524,"date":"2021-03-16T02:10:25","date_gmt":"2021-03-16T08:10:25","guid":{"rendered":"https:\/\/www.porlalibreedomex.com\/?p=48524"},"modified":"2021-03-17T02:10:56","modified_gmt":"2021-03-17T08:10:56","slug":"investigacion-pilar-del-desarrollo-de-la-uaem-dr-carlos-ortiz-r","status":"publish","type":"post","link":"https:\/\/www.porlalibreedomex.com\/?p=48524","title":{"rendered":"INVESTIGACI\u00d3N, PILAR DEL DESARROLLO DE LA UAEM: DR. CARLOS ORTIZ R."},"content":{"rendered":"<p><strong>\u00a0<\/strong><\/p>\n<ul>\n<li><strong><em>Al presentar su plan de trabajo ante la comunidad de la Facultad de Qu\u00edmica, el aspirante al cargo de Rector de la UAEM destac\u00f3 la necesidad de <\/em><em>orientar las actividades englobadas en el proceso de investigaci\u00f3n hacia enfoques multidisciplinarios y colaborativos.<\/em><\/strong><\/li>\n<\/ul>\n<p><strong>\u00a0<\/strong><\/p>\n<p><strong>Toluca, M\u00e9x. \u2013 16 de marzo de 2021. <\/strong>#Generaci\u00f3nUAEM orientar\u00eda el desarrollo y divulgaci\u00f3n de la investigaci\u00f3n cient\u00edfica y tecnol\u00f3gica de la Universidad Aut\u00f3noma del Estado de M\u00e9xico hacia la resoluci\u00f3n de problem\u00e1ticas sociales desde enfoques multidisciplinarios, destac\u00f3 Ra\u00fal Ortiz, aspirante al cargo de Rector de esta casa de estudios para el periodo 2021-2025.<\/p>\n<p>Al presentar su plan de trabajo ante la comunidad de la Facultad de Qu\u00edmica, acompa\u00f1ado del director de este espacio, V\u00edctor Varela Guerrero, el universitario subray\u00f3 la importancia de la investigaci\u00f3n como uno de los pilares de la universidad moderna, ya que est\u00e1 asociada a una doble funci\u00f3n: la generaci\u00f3n de conocimientos y la formaci\u00f3n de personal especializado.<\/p>\n<p>\u201cEl proyecto que encabezo, que se nutre de las aportaciones de toda la comunidad universitaria, orientar\u00eda las actividades englobadas en el proceso de investigaci\u00f3n hacia enfoques multidisciplinarios y colaborativos que permitan dar respuesta y atenci\u00f3n a los desaf\u00edos regionales, de cara a los puntos fijados en la Agenda 2030\u201d.<\/p>\n<p><a href=\"https:\/\/www.porlalibreedomex.com\/wp-content\/uploads\/2021\/03\/Rau\u0301l-Ortiz-Qui\u0301mica-03-scaled.jpg\"><img loading=\"lazy\" decoding=\"async\" class=\"aligncenter size-full wp-image-48527\" src=\"https:\/\/www.porlalibreedomex.com\/wp-content\/uploads\/2021\/03\/Rau\u0301l-Ortiz-Qui\u0301mica-03-scaled.jpg\" alt=\"\" width=\"2560\" height=\"1707\" srcset=\"https:\/\/www.porlalibreedomex.com\/wp-content\/uploads\/2021\/03\/Rau\u0301l-Ortiz-Qui\u0301mica-03-scaled.jpg 2560w, https:\/\/www.porlalibreedomex.com\/wp-content\/uploads\/2021\/03\/Rau\u0301l-Ortiz-Qui\u0301mica-03-300x200.jpg 300w\" sizes=\"auto, (max-width: 2560px) 100vw, 2560px\" \/><\/a><\/p>\n<p>Como parte de esta estrategia, abund\u00f3, se brindar\u00eda acompa\u00f1amiento a los profesores de tiempo completo, con la finalidad de fomentar su inclusi\u00f3n y permanencia en el Sistema Nacional de Investigadores (SNI).<\/p>\n<p>\u201cSe motivar\u00e1 que el trabajo realizado contribuya a la legitimaci\u00f3n social de la investigaci\u00f3n cient\u00edfica y a la democratizaci\u00f3n del conocimiento\u201d.<\/p>\n<p>Para ello, dijo, se dirigir\u00e1n los esfuerzos hacia el incremento del n\u00famero de proyectos financiados y que se encuentren enfocados a problem\u00e1ticas sociales, se alentar\u00e1 el uso del Repositorio Institucional para la difusi\u00f3n cient\u00edfica, y buscar\u00e1 mayor visibilidad en otras bases de datos.<\/p>\n<p>&nbsp;<\/p>\n<p>Refiri\u00f3 que <strong>#Generaci\u00f3nUAEM propone impulsar el desarrollo de proyectos de investigaci\u00f3n con enfoque social para la soluci\u00f3n de problemas comunitarios; apoyar el desarrollo cient\u00edfico y la producci\u00f3n de patentes en colaboraci\u00f3n y promover la participaci\u00f3n de los estudiantes en la investigaci\u00f3n, mediante la difusi\u00f3n y aplicaci\u00f3n del conocimiento cient\u00edfico.<\/strong><\/p>\n<p>En el octavo d\u00eda de comparecencias en los espacios universitarios, Ra\u00fal Ortiz conoci\u00f3 de primera mano las necesidades e inquietudes de estudiantes, acad\u00e9micos y trabajadores administrativos de la Facultad de Qu\u00edmica, al recorrer los campus Col\u00f3n y El Cerrillo de este organismo acad\u00e9mico.<\/p>\n","protected":false},"excerpt":{"rendered":"<p>\u00a0 Al presentar su plan de trabajo ante la comunidad de la Facultad de Qu\u00edmica, el aspirante al cargo de Rector de la UAEM destac\u00f3 la necesidad de orientar las actividades englobadas en el proceso de investigaci\u00f3n hacia enfoques multidisciplinarios y colaborativos. \u00a0 Toluca, M\u00e9x. \u2013 16 de marzo de 2021. #Generaci\u00f3nUAEM orientar\u00eda el desarrollo [&hellip;]<\/p>\n","protected":false},"author":3,"featured_media":48525,"comment_status":"open","ping_status":"open","sticky":false,"template":"","format":"standard","meta":{"footnotes":""},"categories":[9148,16],"tags":[22244,15653,22245],"class_list":{"0":"post-48524","1":"post","2":"type-post","3":"status-publish","4":"format-standard","5":"has-post-thumbnail","7":"category-educacion","8":"category-foto","9":"tag-dr-raul-ortiz-r","10":"tag-facultad-de-quimica-uaem","11":"tag-fomentar-la-investigacion-en-uaem"},"wps_subtitle":"","_links":{"self":[{"href":"https:\/\/www.porlalibreedomex.com\/index.php?rest_route=\/wp\/v2\/posts\/48524","targetHints":{"allow":["GET"]}}],"collection":[{"href":"https:\/\/www.porlalibreedomex.com\/index.php?rest_route=\/wp\/v2\/posts"}],"about":[{"href":"https:\/\/www.porlalibreedomex.com\/index.php?rest_route=\/wp\/v2\/types\/post"}],"author":[{"embeddable":true,"href":"https:\/\/www.porlalibreedomex.com\/index.php?rest_route=\/wp\/v2\/users\/3"}],"replies":[{"embeddable":true,"href":"https:\/\/www.porlalibreedomex.com\/index.php?rest_route=%2Fwp%2Fv2%2Fcomments&post=48524"}],"version-history":[{"count":1,"href":"https:\/\/www.porlalibreedomex.com\/index.php?rest_route=\/wp\/v2\/posts\/48524\/revisions"}],"predecessor-version":[{"id":48530,"href":"https:\/\/www.porlalibreedomex.com\/index.php?rest_route=\/wp\/v2\/posts\/48524\/revisions\/48530"}],"wp:featuredmedia":[{"embeddable":true,"href":"https:\/\/www.porlalibreedomex.com\/index.php?rest_route=\/wp\/v2\/media\/48525"}],"wp:attachment":[{"href":"https:\/\/www.porlalibreedomex.com\/index.php?rest_route=%2Fwp%2Fv2%2Fmedia&parent=48524"}],"wp:term":[{"taxonomy":"category","embeddable":true,"href":"https:\/\/www.porlalibreedomex.com\/index.php?rest_route=%2Fwp%2Fv2%2Fcategories&post=48524"},{"taxonomy":"post_tag","embeddable":true,"href":"https:\/\/www.porlalibreedomex.com\/index.php?rest_route=%2Fwp%2Fv2%2Ftags&post=48524"}],"curies":[{"name":"wp","href":"https:\/\/api.w.org\/{rel}","templated":true}]}}