{"id":48491,"date":"2021-03-15T03:08:26","date_gmt":"2021-03-15T09:08:26","guid":{"rendered":"https:\/\/www.porlalibreedomex.com\/?p=48491"},"modified":"2021-03-16T03:08:50","modified_gmt":"2021-03-16T09:08:50","slug":"comparte-edomex-en-foro-nacional-acciones-de-busqueda-en-casos-de-desaparicion-de-mujeres","status":"publish","type":"post","link":"https:\/\/www.porlalibreedomex.com\/?p=48491","title":{"rendered":"COMPARTE EDOM\u00c9X EN FORO NACIONAL, ACCIONES DE B\u00daSQUEDA EN CASOS DE DESAPARICI\u00d3N DE MUJERES"},"content":{"rendered":"<p>&nbsp;<\/p>\n<ul>\n<li><strong>Participa Comisionada de B\u00fasqueda de Personas del Estado de M\u00e9xico, en el Conversatorio \u201cRetos y propuestas para la atenci\u00f3n, acompa\u00f1amiento y reparaci\u00f3n integral del da\u00f1o a mujeres v\u00edctimas de delitos o de violaciones de derechos humanos\u201d.<\/strong><\/li>\n<li><strong>Detalla Sol Salgado las acciones de b\u00fasqueda que lleva a cabo la Cobupem, en los casos de desaparici\u00f3n de ni\u00f1as, mujeres y adolescentes.<\/strong><\/li>\n<\/ul>\n<p>&nbsp;<\/p>\n<p><strong>Toluca, Estado de M\u00e9xico, 15 de marzo de 2021.<\/strong> La titular de la Comisi\u00f3n de B\u00fasqueda de Personas del Estado de M\u00e9xico (Cobupem), Sol Salgado Ambros, particip\u00f3 en el Conversatorio \u201cRetos y propuestas para la atenci\u00f3n, acompa\u00f1amiento y reparaci\u00f3n integral del da\u00f1o a mujeres v\u00edctimas de delitos o de violaciones de derechos humanos\u201d, organizada por la Unidad de G\u00e9nero \u00c9tica e Inclusi\u00f3n de la Comisi\u00f3n Ejecutiva de Atenci\u00f3n a V\u00edctimas (CEAV).<\/p>\n<p>En el foro virtual comparti\u00f3 las acciones que se llevan a cabo a trav\u00e9s de la Cobupem, para atender los casos de mujeres, ni\u00f1as y adolescentes desaparecidas.<\/p>\n<p>Destac\u00f3 la importancia de mantener total coordinaci\u00f3n entre autoridades de los diferentes \u00f3rdenes de Gobierno, pues, se\u00f1al\u00f3 que a trav\u00e9s del trabajo conjunto se logran importantes avances en materia de prevenci\u00f3n, investigaci\u00f3n, sanci\u00f3n y principalmente en la erradicaci\u00f3n de delitos en materia de desaparici\u00f3n forzada de personas y desaparici\u00f3n cometida por particulares.<\/p>\n<p>La Comisionada subray\u00f3 que, en los casos de desaparici\u00f3n de mujeres, ni\u00f1as y adolescentes, la Cobupem pone en operaci\u00f3n mecanismos como el Protocolo Alba, a trav\u00e9s del cual se generan acciones de b\u00fasqueda inmediata con la participaci\u00f3n de elementos policiales de los tres \u00f3rdenes de Gobierno, con el objetivo de lograr la localizaci\u00f3n de la persona con vida.<\/p>\n<p>Aunado a estas acciones se da seguimiento a todas las l\u00edneas de investigaci\u00f3n, agreg\u00f3 que el reporte por desaparici\u00f3n y la activaci\u00f3n del Protocolo Alba dentro de las primeras 24 horas es de vital importancia.<\/p>\n<p>Bajo esta premisa, enfatiz\u00f3 la importancia del trabajo que realizan las C\u00e9lulas de b\u00fasqueda y los elementos de la Polic\u00eda de Proximidad, pues ellos se encargan de recolectar evidencias, identificar testigos, ubicar c\u00e1maras de seguridad, realizar patrullajes, as\u00ed como tomar fotos y videos que permitan al Ministerio P\u00fablico contar con m\u00e1s elementos para la pronta localizaci\u00f3n de la persona.<\/p>\n<p>Sol Salgado expuso ante la audiencia que cada uno de los servidores p\u00fablicos que conforman la Cobupem, se rigen bajo los principios de efectividad y exhaustividad, no revictimizaci\u00f3n, debida diligencia, enfoque humanitario, diferencial y especializado, as\u00ed como igualdad y no discriminaci\u00f3n.<\/p>\n<p>Agreg\u00f3 que, durante el proceso de b\u00fasqueda, se trabaja bajo la presunci\u00f3n de vida de la persona en calidad de desaparecida, con perspectiva de g\u00e9nero y anteponiendo siempre el inter\u00e9s superior de la ni\u00f1ez, tal como lo establece la Ley.<\/p>\n<p>Cabe mencionar que en este conversatorio tambi\u00e9n participaron Gabriela Ponce Sernicharo, Titular de la Unidad de G\u00e9nero, \u00c9tica e Inclusi\u00f3n de la CEAV, Luz Mar\u00eda Salazar Cruz, investigadora adscrita al seminario acad\u00e9mico Poblaci\u00f3n, cultura y sociedad, en el Colegio Mexiquense, AC, y Renata Demichelis \u00c1vila, Coordinadora de la Oficina en M\u00e9xico en Elementa DDHH.<\/p>\n","protected":false},"excerpt":{"rendered":"<p>&nbsp; Participa Comisionada de B\u00fasqueda de Personas del Estado de M\u00e9xico, en el Conversatorio \u201cRetos y propuestas para la atenci\u00f3n, acompa\u00f1amiento y reparaci\u00f3n integral del da\u00f1o a mujeres v\u00edctimas de delitos o de violaciones de derechos humanos\u201d. Detalla Sol Salgado las acciones de b\u00fasqueda que lleva a cabo la Cobupem, en los casos de desaparici\u00f3n [&hellip;]<\/p>\n","protected":false},"author":3,"featured_media":48492,"comment_status":"open","ping_status":"open","sticky":false,"template":"","format":"standard","meta":{"footnotes":""},"categories":[9157,16,9149],"tags":[20498,22231],"class_list":{"0":"post-48491","1":"post","2":"type-post","3":"status-publish","4":"format-standard","5":"has-post-thumbnail","7":"category-edomex","8":"category-foto","9":"category-policiaca","10":"tag-busqueda-de-desaparecidos","11":"tag-comparte-experiencia-edomex"},"wps_subtitle":"","_links":{"self":[{"href":"https:\/\/www.porlalibreedomex.com\/index.php?rest_route=\/wp\/v2\/posts\/48491","targetHints":{"allow":["GET"]}}],"collection":[{"href":"https:\/\/www.porlalibreedomex.com\/index.php?rest_route=\/wp\/v2\/posts"}],"about":[{"href":"https:\/\/www.porlalibreedomex.com\/index.php?rest_route=\/wp\/v2\/types\/post"}],"author":[{"embeddable":true,"href":"https:\/\/www.porlalibreedomex.com\/index.php?rest_route=\/wp\/v2\/users\/3"}],"replies":[{"embeddable":true,"href":"https:\/\/www.porlalibreedomex.com\/index.php?rest_route=%2Fwp%2Fv2%2Fcomments&post=48491"}],"version-history":[{"count":1,"href":"https:\/\/www.porlalibreedomex.com\/index.php?rest_route=\/wp\/v2\/posts\/48491\/revisions"}],"predecessor-version":[{"id":48494,"href":"https:\/\/www.porlalibreedomex.com\/index.php?rest_route=\/wp\/v2\/posts\/48491\/revisions\/48494"}],"wp:featuredmedia":[{"embeddable":true,"href":"https:\/\/www.porlalibreedomex.com\/index.php?rest_route=\/wp\/v2\/media\/48492"}],"wp:attachment":[{"href":"https:\/\/www.porlalibreedomex.com\/index.php?rest_route=%2Fwp%2Fv2%2Fmedia&parent=48491"}],"wp:term":[{"taxonomy":"category","embeddable":true,"href":"https:\/\/www.porlalibreedomex.com\/index.php?rest_route=%2Fwp%2Fv2%2Fcategories&post=48491"},{"taxonomy":"post_tag","embeddable":true,"href":"https:\/\/www.porlalibreedomex.com\/index.php?rest_route=%2Fwp%2Fv2%2Ftags&post=48491"}],"curies":[{"name":"wp","href":"https:\/\/api.w.org\/{rel}","templated":true}]}}