{"id":47890,"date":"2021-02-23T23:29:48","date_gmt":"2021-02-24T05:29:48","guid":{"rendered":"https:\/\/www.porlalibreedomex.com\/?p=47890"},"modified":"2021-02-23T23:29:48","modified_gmt":"2021-02-24T05:29:48","slug":"apoya-secretaria-de-cultura-y-turismo-del-edomex-reapertura-de-zona-arqueologica-de-teotihuacan","status":"publish","type":"post","link":"https:\/\/www.porlalibreedomex.com\/?p=47890","title":{"rendered":"APOYA SECRETAR\u00cdA DE CULTURA Y TURISMO DEL EDOM\u00c9X REAPERTURA DE ZONA ARQUEOL\u00d3GICA DE TEOTIHUAC\u00c1N"},"content":{"rendered":"<p>&nbsp;<\/p>\n<ul>\n<li><strong><em> Colaboran Secretar\u00eda de Cultura y Turismo y el INAH para reabrir este emblem\u00e1tico recinto.<\/em><\/strong><\/li>\n<li><strong><em> Contar\u00e1 con protocolos sanitarios para garantizar la salud de las y los visitantes.<\/em><\/strong><\/li>\n<\/ul>\n<p>&nbsp;<\/p>\n<p><strong>Teotihuac\u00e1n, Estado de M\u00e9xico, 23 de febrero de 2021.<\/strong>\u00a0La Secretar\u00eda de Cultura y Turismo del Estado de M\u00e9xico en coordinaci\u00f3n con el Instituto Nacional de Antropolog\u00eda e Historia (INAH), alistan la reapertura segura de la zona arqueol\u00f3gica de Teotihuac\u00e1n y San Mart\u00edn de las Pir\u00e1mides, municipios que comparten la denominaci\u00f3n de Pueblo M\u00e1gico.<\/p>\n<p>Con la intenci\u00f3n de apoyar a la reactivaci\u00f3n segura del turismo y en apoyo a la econom\u00eda de las familias mexiquenses que dependen de esta actividad, en las \u00e1reas circundantes, la Secretaria de Cultura y Turismo, Marcela Gonz\u00e1lez Salas, y la Subsecretaria de Turismo, Denisse Ugalde Alegr\u00eda, se reunieron con autoridades del INAH a fin de contribuir en las acciones que permitan la reapertura de \u00e9ste que es sin duda una de las mayores atracciones tur\u00edsticas de la entidad mexiquense.<\/p>\n<p><a href=\"https:\/\/www.porlalibreedomex.com\/wp-content\/uploads\/2021\/02\/La-grandiosidad-de-la-ciudad-prehispanica-de-Teotihuacan-otra-vez-abierta-a-visitantes-propios-y-foraneos.-23-feb-2021-scaled.jpg\"><img loading=\"lazy\" decoding=\"async\" class=\"aligncenter size-full wp-image-47892\" src=\"https:\/\/www.porlalibreedomex.com\/wp-content\/uploads\/2021\/02\/La-grandiosidad-de-la-ciudad-prehispanica-de-Teotihuacan-otra-vez-abierta-a-visitantes-propios-y-foraneos.-23-feb-2021-scaled.jpg\" alt=\"\" width=\"2560\" height=\"1707\" srcset=\"https:\/\/www.porlalibreedomex.com\/wp-content\/uploads\/2021\/02\/La-grandiosidad-de-la-ciudad-prehispanica-de-Teotihuacan-otra-vez-abierta-a-visitantes-propios-y-foraneos.-23-feb-2021-scaled.jpg 2560w, https:\/\/www.porlalibreedomex.com\/wp-content\/uploads\/2021\/02\/La-grandiosidad-de-la-ciudad-prehispanica-de-Teotihuacan-otra-vez-abierta-a-visitantes-propios-y-foraneos.-23-feb-2021-300x200.jpg 300w, https:\/\/www.porlalibreedomex.com\/wp-content\/uploads\/2021\/02\/La-grandiosidad-de-la-ciudad-prehispanica-de-Teotihuacan-otra-vez-abierta-a-visitantes-propios-y-foraneos.-23-feb-2021-1024x683.jpg 1024w, https:\/\/www.porlalibreedomex.com\/wp-content\/uploads\/2021\/02\/La-grandiosidad-de-la-ciudad-prehispanica-de-Teotihuacan-otra-vez-abierta-a-visitantes-propios-y-foraneos.-23-feb-2021-768x512.jpg 768w, https:\/\/www.porlalibreedomex.com\/wp-content\/uploads\/2021\/02\/La-grandiosidad-de-la-ciudad-prehispanica-de-Teotihuacan-otra-vez-abierta-a-visitantes-propios-y-foraneos.-23-feb-2021-1536x1024.jpg 1536w, https:\/\/www.porlalibreedomex.com\/wp-content\/uploads\/2021\/02\/La-grandiosidad-de-la-ciudad-prehispanica-de-Teotihuacan-otra-vez-abierta-a-visitantes-propios-y-foraneos.-23-feb-2021-2048x1365.jpg 2048w\" sizes=\"auto, (max-width: 2560px) 100vw, 2560px\" \/><\/a><\/p>\n<p>Despu\u00e9s de una serie de acuerdos, el 24 de febrero se reabre la zona arqueol\u00f3gica, misma que contar\u00e1 con protocolos sanitarios para garantizar la seguridad de las y los visitantes, autoridades y la cadena de valor tur\u00edstica.<\/p>\n<p>El aforo ser\u00e1 del 30 por ciento con relaci\u00f3n a las visitas registradas en a\u00f1o pasado, con esta medida se espera evitar aglomeraciones, con un horario de operaci\u00f3n de 9:00 a 15:00 horas.<\/p>\n<p>La venta de los boletos ser\u00e1 restringida, contando con un n\u00famero de venta m\u00e1ximo en cada una de las cinco puertas de acceso a la zona arqueol\u00f3gica; el horario de venta ser\u00e1 hasta agotar los boletos asignados en cada puerta.<\/p>\n<p><a href=\"https:\/\/www.porlalibreedomex.com\/wp-content\/uploads\/2021\/02\/Las-piramides-del-Sol-y-de-la-Luna-en-Teotihuacan-scaled.jpg\"><img loading=\"lazy\" decoding=\"async\" class=\"aligncenter size-full wp-image-47893\" src=\"https:\/\/www.porlalibreedomex.com\/wp-content\/uploads\/2021\/02\/Las-piramides-del-Sol-y-de-la-Luna-en-Teotihuacan-scaled.jpg\" alt=\"\" width=\"2560\" height=\"1707\" srcset=\"https:\/\/www.porlalibreedomex.com\/wp-content\/uploads\/2021\/02\/Las-piramides-del-Sol-y-de-la-Luna-en-Teotihuacan-scaled.jpg 2560w, https:\/\/www.porlalibreedomex.com\/wp-content\/uploads\/2021\/02\/Las-piramides-del-Sol-y-de-la-Luna-en-Teotihuacan-300x200.jpg 300w, https:\/\/www.porlalibreedomex.com\/wp-content\/uploads\/2021\/02\/Las-piramides-del-Sol-y-de-la-Luna-en-Teotihuacan-1024x683.jpg 1024w, https:\/\/www.porlalibreedomex.com\/wp-content\/uploads\/2021\/02\/Las-piramides-del-Sol-y-de-la-Luna-en-Teotihuacan-768x512.jpg 768w, https:\/\/www.porlalibreedomex.com\/wp-content\/uploads\/2021\/02\/Las-piramides-del-Sol-y-de-la-Luna-en-Teotihuacan-1536x1024.jpg 1536w, https:\/\/www.porlalibreedomex.com\/wp-content\/uploads\/2021\/02\/Las-piramides-del-Sol-y-de-la-Luna-en-Teotihuacan-2048x1365.jpg 2048w\" sizes=\"auto, (max-width: 2560px) 100vw, 2560px\" \/><\/a><\/p>\n<p>Cada visitante, adem\u00e1s de contar con su boleto de entrada, deber\u00e1 portar en todo momento cubrebocas, para su protecci\u00f3n y la de los dem\u00e1s, as\u00ed como mantener la sana distancia, al menos un metro y medio entre cada persona, con la excepci\u00f3n de ni\u00f1os, quienes deber\u00e1n estar acompa\u00f1ados de un adulto.<\/p>\n<p>Para mayor seguridad, cada puerta contar\u00e1 con un filtro sanitario donde a los visitantes se les tomar\u00e1 la temperatura, se le brindar\u00e1 gel antibacterial y se proh\u00edbe estrictamente la entrada con bebidas alcoh\u00f3licas y bolsas o mochilas voluminosas.<\/p>\n<p>La apertura de la zona arqueol\u00f3gica ser\u00e1 paulatina, por el momento algunos de los atractivos como los complejos de Quetzalpap\u00e1lotl, R\u00edo San Juan, los Palacios Tetitla, Atetelco, Yayahuala, Zacuala y Tepantitla, as\u00ed como los museos de la Pintura Teotihuacana y de la Cultura Teotihuacana estar\u00e1n cerrados.<\/p>\n<p>Finalmente, la Secretar\u00eda de Cultura y Turismo invita a los visitantes a conocer y seguir el Dec\u00e1logo del Turista Responsable, disponible en las redes sociales de Facebook y Twitter de la Subsecretar\u00eda de Turismo, @TurismoEdomex.<\/p>\n<p>&nbsp;<\/p>\n","protected":false},"excerpt":{"rendered":"<p>&nbsp; Colaboran Secretar\u00eda de Cultura y Turismo y el INAH para reabrir este emblem\u00e1tico recinto. Contar\u00e1 con protocolos sanitarios para garantizar la salud de las y los visitantes. &nbsp; Teotihuac\u00e1n, Estado de M\u00e9xico, 23 de febrero de 2021.\u00a0La Secretar\u00eda de Cultura y Turismo del Estado de M\u00e9xico en coordinaci\u00f3n con el Instituto Nacional de Antropolog\u00eda [&hellip;]<\/p>\n","protected":false},"author":3,"featured_media":47891,"comment_status":"open","ping_status":"open","sticky":false,"template":"","format":"standard","meta":{"footnotes":""},"categories":[16,9147],"tags":[21938,19882],"class_list":{"0":"post-47890","1":"post","2":"type-post","3":"status-publish","4":"format-standard","5":"has-post-thumbnail","7":"category-foto","8":"category-turismo","9":"tag-reabren-teotihuacan","10":"tag-secretaria-de-cultura-y-turismo"},"wps_subtitle":"","_links":{"self":[{"href":"https:\/\/www.porlalibreedomex.com\/index.php?rest_route=\/wp\/v2\/posts\/47890","targetHints":{"allow":["GET"]}}],"collection":[{"href":"https:\/\/www.porlalibreedomex.com\/index.php?rest_route=\/wp\/v2\/posts"}],"about":[{"href":"https:\/\/www.porlalibreedomex.com\/index.php?rest_route=\/wp\/v2\/types\/post"}],"author":[{"embeddable":true,"href":"https:\/\/www.porlalibreedomex.com\/index.php?rest_route=\/wp\/v2\/users\/3"}],"replies":[{"embeddable":true,"href":"https:\/\/www.porlalibreedomex.com\/index.php?rest_route=%2Fwp%2Fv2%2Fcomments&post=47890"}],"version-history":[{"count":1,"href":"https:\/\/www.porlalibreedomex.com\/index.php?rest_route=\/wp\/v2\/posts\/47890\/revisions"}],"predecessor-version":[{"id":47894,"href":"https:\/\/www.porlalibreedomex.com\/index.php?rest_route=\/wp\/v2\/posts\/47890\/revisions\/47894"}],"wp:featuredmedia":[{"embeddable":true,"href":"https:\/\/www.porlalibreedomex.com\/index.php?rest_route=\/wp\/v2\/media\/47891"}],"wp:attachment":[{"href":"https:\/\/www.porlalibreedomex.com\/index.php?rest_route=%2Fwp%2Fv2%2Fmedia&parent=47890"}],"wp:term":[{"taxonomy":"category","embeddable":true,"href":"https:\/\/www.porlalibreedomex.com\/index.php?rest_route=%2Fwp%2Fv2%2Fcategories&post=47890"},{"taxonomy":"post_tag","embeddable":true,"href":"https:\/\/www.porlalibreedomex.com\/index.php?rest_route=%2Fwp%2Fv2%2Ftags&post=47890"}],"curies":[{"name":"wp","href":"https:\/\/api.w.org\/{rel}","templated":true}]}}