{"id":47502,"date":"2021-02-07T00:57:19","date_gmt":"2021-02-07T06:57:19","guid":{"rendered":"https:\/\/www.porlalibreedomex.com\/?p=47502"},"modified":"2021-02-08T00:57:59","modified_gmt":"2021-02-08T06:57:59","slug":"alebrijes-en-cuadratines-servicio-electrico-cuestionado","status":"publish","type":"post","link":"https:\/\/www.porlalibreedomex.com\/?p=47502","title":{"rendered":"Alebrijes en Cuadratines \/ Servicio el\u00e9ctrico cuestionado"},"content":{"rendered":"<p>&nbsp;<\/p>\n<p><strong>Adri\u00e1n Chavarr\u00eda Espinosa<\/strong><\/p>\n<p align=\"right\"><strong><i><a href=\"mailto:ache57@yahoo.com.mx\" target=\"_blank\" rel=\"noopener\">ache57@yahoo.com.mx<\/a><\/i><i><\/i><\/strong><\/p>\n<p><strong>\u00bf<\/strong>Se imagina que el gobierno federal, inconforme con los servicios prestados por Tel\u00e9fonos de M\u00e9xico (Telmex), decidiera crear una empresa paraestatal para hacerle competencia? Claro que esa nueva compa\u00f1\u00eda de telecomunicaciones operar\u00eda tal como la existente hasta antes de 1990, cuando precisamente esa empresa era propiedad del gobierno federal.<\/p>\n<p>Debe recordarse que en ese entonces el servicio ofrecido por Telmex se pod\u00eda calificar con un simple calificativo: p\u00e9simo. Las razones eran simples: no exist\u00edan l\u00edneas disponibles, el servicio era caro, la atenci\u00f3n a las descomposturas en aparatos o las l\u00edneas tardaban hasta semanas en ser atendidas, entre otras deficiencias.<\/p>\n<p>Despu\u00e9s de que en 1990 Telmex se privatiz\u00f3 esas situaciones cambiaron y el servicio mejor\u00f3 de forma lenta pero constante. No se puede considerar que actualmente sea perfecto, pero en comparaci\u00f3n al ofrecido hace m\u00e1s de 30 a\u00f1os no existe un punto de comparaci\u00f3n.<\/p>\n<p>Ello a pesar de la actual competencia con otras empresas, tanto nacionales como extranjeras, que proporcionan servicios de telefon\u00eda fija y celular as\u00ed como internet, tanto para el p\u00fablico en general como para empresas y en servicios oficiales, Telmex contin\u00faa siendo la que atiende a la mayor clientela en todo el pa\u00eds.<\/p>\n<p>Entonces si el gobierno federal intentara crear una compa\u00f1\u00eda con la mentalidad de hace m\u00e1s de tres d\u00e9cadas, sencillamente fracasar\u00eda ya que no podr\u00eda competir con las actuales condiciones del mercado del inicio de la tercera d\u00e9cada del Siglo XXI.<\/p>\n<p>Algo similar sucede con la iniciativa de reforma a la Ley de la Industria El\u00e9ctrica, enviada al Congreso por el presidente Andr\u00e9s Manuel L\u00f3pez Obrador, de tipo preferente, es decir con prioridad sobre otras propuestas agendadas para ser discutidas.<\/p>\n<p>M\u00e1s all\u00e1 de los argumentos legales, la idea central es fortalecer a la Comisi\u00f3n Federal de Electricidad, empresa productiva del Estado, para \u201cbeneficio del inter\u00e9s nacional\u201d, con el presunto objetivo de no incrementar las tarifas de electricidad \u2013solo aplicar\u00edan los ajustes de la inflaci\u00f3n\u2013 y garantizar al servicio \u201ccomo pieza estrat\u00e9gica de la seguridad nacional\u201d.<\/p>\n<p>Para ello la prioridad de generaci\u00f3n en las centrales el\u00e9ctricas la prioridad ser\u00eda para 1.- Energ\u00eda Producida por las Hidroel\u00e9ctricas, 2.- Energ\u00eda Generada en otras Plantas de la CFE, 3.- Energ\u00eda e\u00f3lica o solar de particulares y 4.- Ciclos Combinados de empresas privadas. En otras palabras marginar y desplazar a empresas generadoras del sector privado en favor de la CFE.<\/p>\n<p>Sucede que el presidente Andr\u00e9s Manuel L\u00f3pez Obrador quiere repetir c\u00f3mo funcionaba la administraci\u00f3n p\u00fablica federal en los a\u00f1os sesenta y setenta del siglo pasado, donde el gobierno, adem\u00e1s de ser propietario de gran cantidad de las llamadas empresas paraestatales, manten\u00eda el monopolio de servicios e industrias aunque su operaci\u00f3n resultara poco productiva.<\/p>\n<p>Pretende que el gobierno controle y administre las actividades prioritarias, pero si hace medio siglo su \u00e9xito resultaba dudoso, ahora bajo otras condiciones econ\u00f3micas, pol\u00edticas y sociales, simplemente el que reasuma la responsabilidad de su operaci\u00f3n no garantiza ni eficiencia ni mucho menos productividad, adem\u00e1s de que ahora la CFE prefiere generar las llamadas energ\u00edas sucias, producidas con materia prima f\u00f3sil, marginando a las limpias producidas de forma natural que es la tendencia a nivel mundial.<\/p>\n<p>Adem\u00e1s la Suprema Corte de Justicia de la Naci\u00f3n invalid\u00f3 los elementos centrales de la\u00a0<i>Pol\u00edtica de Confiabilidad, Seguridad, Continuidad y Calidad en el Sistema El\u00e9ctrico Nacional<\/i>, propuesta por Roc\u00edo Nahle, secretaria de Energ\u00eda nada menos que por violar el derecho de libre competencia, se\u00f1alado en la Constituci\u00f3n, al otorgar una \u00abventaja indebida\u00bb a la CFE e invadir facultades de la Comisi\u00f3n Federal de Competencia Econ\u00f3mica.<\/p>\n<p>Seg\u00fan legisladores de Morena, se proponen reformar una ley secundaria en materia energ\u00e9tica, pero si es aprobada por el Congreso de la Uni\u00f3n, de inmediato se presentar\u00edan ante la SCJN acciones de inconstitucionalidad que impedir\u00edan la vigencia de los presuntos cambios.<\/p>\n<p>En el supuesto caso de que procedieran las reformas, resultar\u00eda m\u00e1s cara la generaci\u00f3n de electricidad por la CFE, pero ante el compromiso presidencial de no elevar las tarifas entonces se deber\u00eda incrementar el actual subsidio, lo cual significar\u00eda dedicar recursos p\u00fablicos a ese prop\u00f3sito en lugar de canalizarse a otras necesidades sociales, como ser\u00edan en estos momentos adquisici\u00f3n de medicinas de todo tipo, no solo vacunas anticovid.<\/p>\n<p>Pero ya existen voces de inconformidad: el Consejo Coordinador Empresarial calific\u00f3 a la iniciativa como la apertura a una expropiaci\u00f3n indirecta para apoyar a la CFE, mientras la C\u00e1mara de Comercio de Estados Unidos pidi\u00f3 al gobierno de M\u00e9xico retire esa iniciativa ya que esta podr\u00eda restablecer un monopolio y violar\u00eda compromisos fijados en el nuevo tratado de libre trinacional de libre comercio.<\/p>\n<p>En resumen la reforma a la Ley de la Industria El\u00e9ctrica resulta ser otra ocurrencia presidencial que, de ser impuesta, provocar\u00eda m\u00e1s problemas de los que pretende resolver.<\/p>\n<p>&nbsp;<\/p>\n","protected":false},"excerpt":{"rendered":"<p>&nbsp; Adri\u00e1n Chavarr\u00eda Espinosa ache57@yahoo.com.mx \u00bfSe imagina que el gobierno federal, inconforme con los servicios prestados por Tel\u00e9fonos de M\u00e9xico (Telmex), decidiera crear una empresa paraestatal para hacerle competencia? Claro que esa nueva compa\u00f1\u00eda de telecomunicaciones operar\u00eda tal como la existente hasta antes de 1990, cuando precisamente esa empresa era propiedad del gobierno federal. Debe [&hellip;]<\/p>\n","protected":false},"author":3,"featured_media":47503,"comment_status":"open","ping_status":"open","sticky":false,"template":"","format":"standard","meta":{"footnotes":""},"categories":[23,16],"tags":[21714,6315,11389],"class_list":{"0":"post-47502","1":"post","2":"type-post","3":"status-publish","4":"format-standard","5":"has-post-thumbnail","7":"category-columna","8":"category-foto","9":"tag-deficiencias-del-servicio-electrico","10":"tag-gato-de-barrio","11":"tag-maullidos-urbanos"},"wps_subtitle":"","_links":{"self":[{"href":"https:\/\/www.porlalibreedomex.com\/index.php?rest_route=\/wp\/v2\/posts\/47502","targetHints":{"allow":["GET"]}}],"collection":[{"href":"https:\/\/www.porlalibreedomex.com\/index.php?rest_route=\/wp\/v2\/posts"}],"about":[{"href":"https:\/\/www.porlalibreedomex.com\/index.php?rest_route=\/wp\/v2\/types\/post"}],"author":[{"embeddable":true,"href":"https:\/\/www.porlalibreedomex.com\/index.php?rest_route=\/wp\/v2\/users\/3"}],"replies":[{"embeddable":true,"href":"https:\/\/www.porlalibreedomex.com\/index.php?rest_route=%2Fwp%2Fv2%2Fcomments&post=47502"}],"version-history":[{"count":1,"href":"https:\/\/www.porlalibreedomex.com\/index.php?rest_route=\/wp\/v2\/posts\/47502\/revisions"}],"predecessor-version":[{"id":47504,"href":"https:\/\/www.porlalibreedomex.com\/index.php?rest_route=\/wp\/v2\/posts\/47502\/revisions\/47504"}],"wp:featuredmedia":[{"embeddable":true,"href":"https:\/\/www.porlalibreedomex.com\/index.php?rest_route=\/wp\/v2\/media\/47503"}],"wp:attachment":[{"href":"https:\/\/www.porlalibreedomex.com\/index.php?rest_route=%2Fwp%2Fv2%2Fmedia&parent=47502"}],"wp:term":[{"taxonomy":"category","embeddable":true,"href":"https:\/\/www.porlalibreedomex.com\/index.php?rest_route=%2Fwp%2Fv2%2Fcategories&post=47502"},{"taxonomy":"post_tag","embeddable":true,"href":"https:\/\/www.porlalibreedomex.com\/index.php?rest_route=%2Fwp%2Fv2%2Ftags&post=47502"}],"curies":[{"name":"wp","href":"https:\/\/api.w.org\/{rel}","templated":true}]}}