{"id":47315,"date":"2021-01-29T01:56:38","date_gmt":"2021-01-29T07:56:38","guid":{"rendered":"https:\/\/www.porlalibreedomex.com\/?p=47315"},"modified":"2021-01-30T01:57:02","modified_gmt":"2021-01-30T07:57:02","slug":"se-reanuda-la-verificacion-vehicular-en-el-estado-de-mexico-2","status":"publish","type":"post","link":"https:\/\/www.porlalibreedomex.com\/?p=47315","title":{"rendered":"SE REANUDA LA VERIFICACI\u00d3N VEHICULAR EN EL ESTADO DE M\u00c9XICO"},"content":{"rendered":"<p>&nbsp;<\/p>\n<ul>\n<li><strong><em>Contin\u00faa programaci\u00f3n de citas para realizar la verificaci\u00f3n.<\/em><\/strong><\/li>\n<li><strong><em> Informan que el horario de atenci\u00f3n ser\u00e1 de 7:00 a 20:00 horas de lunes a s\u00e1bado.<\/em><\/strong><\/li>\n<\/ul>\n<p>&nbsp;<\/p>\n<p>Metepec, Estado de M\u00e9xico, 29 de enero 2021. El Gobierno del Estado de M\u00e9xico, a trav\u00e9s de la Secretar\u00eda del Medio Ambiente (SMA) y la Direcci\u00f3n General de Prevenci\u00f3n y Control de la Contaminaci\u00f3n Atmosf\u00e9rica (DGPCCA), informa que los verificentros del Estado de M\u00e9xico reanudar\u00e1n sus actividades a partir del 2 de febrero de 2021.<\/p>\n<figure id=\"attachment_47322\" aria-describedby=\"caption-attachment-47322\" style=\"width: 1024px\" class=\"wp-caption aligncenter\"><a href=\"https:\/\/www.porlalibreedomex.com\/wp-content\/uploads\/2021\/01\/Verificentros-deben-respetar-la-sana-distancia-al-atender-a-los-automovilistas-2021-01-29.jpeg\"><img loading=\"lazy\" decoding=\"async\" class=\"size-full wp-image-47322\" src=\"https:\/\/www.porlalibreedomex.com\/wp-content\/uploads\/2021\/01\/Verificentros-deben-respetar-la-sana-distancia-al-atender-a-los-automovilistas-2021-01-29.jpeg\" alt=\"\" width=\"1024\" height=\"768\" srcset=\"https:\/\/www.porlalibreedomex.com\/wp-content\/uploads\/2021\/01\/Verificentros-deben-respetar-la-sana-distancia-al-atender-a-los-automovilistas-2021-01-29.jpeg 1024w, https:\/\/www.porlalibreedomex.com\/wp-content\/uploads\/2021\/01\/Verificentros-deben-respetar-la-sana-distancia-al-atender-a-los-automovilistas-2021-01-29-300x225.jpeg 300w, https:\/\/www.porlalibreedomex.com\/wp-content\/uploads\/2021\/01\/Verificentros-deben-respetar-la-sana-distancia-al-atender-a-los-automovilistas-2021-01-29-768x576.jpeg 768w\" sizes=\"auto, (max-width: 1024px) 100vw, 1024px\" \/><\/a><figcaption id=\"caption-attachment-47322\" class=\"wp-caption-text\">Mantener la Sana distancia al ir a verificar<\/figcaption><\/figure>\n<p>Continuando con las medidas de prevenci\u00f3n derivado de la pandemia por COVID-19, los usuarios deber\u00e1n programar una cita para verificar en https:\/\/citaverificacion.edomex.gob.mx , o si lo prefiere tambi\u00e9n puede solicitarla v\u00eda telef\u00f3nica al establecimiento de su preferencia, el cual es posible ubicar en el siguiente link https:\/\/sma.edomex.gob.mx\/directorio-verificentros-talleres-pirec , de lo contrario, no se podr\u00eda brindar el servicio.<!--more--><\/p>\n<p>El horario de atenci\u00f3n ser\u00e1 de 7:00 a 20:00 horas de lunes a s\u00e1bado, deber\u00e1 acudir una sola persona a verificar y el uso de cubrebocas es obligatorio durante el procedimiento.<\/p>\n<p>Los autom\u00f3viles con terminaci\u00f3n de placas 5 o 6 y 7 u 8, deber\u00e1n realizar la verificaci\u00f3n vehicular durante los meses de febrero y marzo, teniendo fecha l\u00edmite para verificar ambas terminaciones, el 31 de marzo de 2021.<\/p>\n<p>En el caso de la terminaci\u00f3n de placas 3 o 4 podr\u00e1n realizar la verificaci\u00f3n a partir del 1 de marzo al 30 de abril de 2021; para la terminaci\u00f3n de placas 1 o 2 podr\u00e1n hacerlo desde el 1 de abril y hasta el 31 de mayo de este a\u00f1o.<\/p>\n<p>Finalmente para la terminaci\u00f3n de placas 9 o 0 podr\u00e1n verificar del 1 de mayo al 30 de junio de 2021.<\/p>\n<p>Para los usuarios que realizaron pago de la multa por verificaci\u00f3n vehicular extempor\u00e1nea, cuyo plazo qued\u00f3 vigente al 19 de diciembre de 2020, podr\u00e1n continuar con el proceso de verificaci\u00f3n sin inconvenientes del 2 de febrero hasta el 30 de abril del este a\u00f1o.<\/p>\n<p><a href=\"https:\/\/www.porlalibreedomex.com\/wp-content\/uploads\/2021\/01\/Pide-la-Secretaria-del-Medio-Ambiente-del-EDOMEX-respetar-todas-las-indicaciones-para-prevenir-contagios-de-COVID.-2021-01-29-at-3.12.36-PM.jpeg\"><img loading=\"lazy\" decoding=\"async\" class=\"aligncenter size-full wp-image-47321\" src=\"https:\/\/www.porlalibreedomex.com\/wp-content\/uploads\/2021\/01\/Pide-la-Secretaria-del-Medio-Ambiente-del-EDOMEX-respetar-todas-las-indicaciones-para-prevenir-contagios-de-COVID.-2021-01-29-at-3.12.36-PM.jpeg\" alt=\"\" width=\"1024\" height=\"768\" srcset=\"https:\/\/www.porlalibreedomex.com\/wp-content\/uploads\/2021\/01\/Pide-la-Secretaria-del-Medio-Ambiente-del-EDOMEX-respetar-todas-las-indicaciones-para-prevenir-contagios-de-COVID.-2021-01-29-at-3.12.36-PM.jpeg 1024w, https:\/\/www.porlalibreedomex.com\/wp-content\/uploads\/2021\/01\/Pide-la-Secretaria-del-Medio-Ambiente-del-EDOMEX-respetar-todas-las-indicaciones-para-prevenir-contagios-de-COVID.-2021-01-29-at-3.12.36-PM-300x225.jpeg 300w, https:\/\/www.porlalibreedomex.com\/wp-content\/uploads\/2021\/01\/Pide-la-Secretaria-del-Medio-Ambiente-del-EDOMEX-respetar-todas-las-indicaciones-para-prevenir-contagios-de-COVID.-2021-01-29-at-3.12.36-PM-768x576.jpeg 768w\" sizes=\"auto, (max-width: 1024px) 100vw, 1024px\" \/><\/a><\/p>\n<p>Del mismo modo aquellos usuarios que realizaron alg\u00fan tr\u00e1mite relacionado con placas de circulaci\u00f3n (alta, baja o renovaci\u00f3n) a partir de marzo del 2020 al 1 de febrero de 2021, podr\u00e1n realizar la verificaci\u00f3n vehicular del 2 de febrero hasta el 30 de abril del presente a\u00f1o.<\/p>\n<p><strong>Los veh\u00edculos con holograma Doble Cero \u201c00\u201d con opci\u00f3n a renovaci\u00f3n y que venci\u00f3 del 23 de marzo de 2020 al 1 de febrero de 2021, deber\u00e1n realizar la verificaci\u00f3n vehicular desde el inicio de actividades de los verificentros y hasta el 30 de abril, siempre y cuando se encuentren en el listado de candidatos para la obtenci\u00f3n de dicho holograma, el cual puede ser consultado en la direcci\u00f3n https:\/\/sma.edomex.gob.mx\/verificacion_vehicular.<\/strong><\/p>\n<p>Por otra parte, los veh\u00edculos que ya hayan obtenido el holograma 00 por dos ocasiones y cuya vigencia termin\u00f3 en el periodo comprendido entre el 23 de marzo de 2020 y el 1 de febrero de 2021, deber\u00e1n verificar conforme al \u00faltimo d\u00edgito de la placa de circulaci\u00f3n de acuerdo al calendario de verificaci\u00f3n vigente.<\/p>\n<p><a href=\"https:\/\/www.porlalibreedomex.com\/wp-content\/uploads\/2021\/01\/Se-reanuda-la-Verificacion-Vehicular-en-el-Estado-el-2-de-febrero.-2021-01-29-at-3.12.36-PM.jpeg\"><img loading=\"lazy\" decoding=\"async\" class=\"aligncenter size-full wp-image-47320\" src=\"https:\/\/www.porlalibreedomex.com\/wp-content\/uploads\/2021\/01\/Se-reanuda-la-Verificacion-Vehicular-en-el-Estado-el-2-de-febrero.-2021-01-29-at-3.12.36-PM.jpeg\" alt=\"\" width=\"1024\" height=\"768\" srcset=\"https:\/\/www.porlalibreedomex.com\/wp-content\/uploads\/2021\/01\/Se-reanuda-la-Verificacion-Vehicular-en-el-Estado-el-2-de-febrero.-2021-01-29-at-3.12.36-PM.jpeg 1024w, https:\/\/www.porlalibreedomex.com\/wp-content\/uploads\/2021\/01\/Se-reanuda-la-Verificacion-Vehicular-en-el-Estado-el-2-de-febrero.-2021-01-29-at-3.12.36-PM-300x225.jpeg 300w, https:\/\/www.porlalibreedomex.com\/wp-content\/uploads\/2021\/01\/Se-reanuda-la-Verificacion-Vehicular-en-el-Estado-el-2-de-febrero.-2021-01-29-at-3.12.36-PM-768x576.jpeg 768w\" sizes=\"auto, (max-width: 1024px) 100vw, 1024px\" \/><\/a><\/p>\n<p>Para los veh\u00edculos que porten holograma 00 que no sean candidatos a renovaci\u00f3n conforme al listado de candidatos para la obtenci\u00f3n de dicho holograma y cuya vigencia termin\u00f3 en el periodo comprendido entre el 23 de marzo de 2020 y el 1 de febrero de 2021, deber\u00e1n verificar conforme al \u00faltimo d\u00edgito de la placa de circulaci\u00f3n de acuerdo al calendario de verificaci\u00f3n vigente.<\/p>\n<p>La DGPCCA hace un llamado para continuar con las medidas sanitarias de prevenci\u00f3n dentro de los Centros de Verificaci\u00f3n Vehicular, tales como portar el cubrebocas, mantener sana distancia, el uso de gel antibacterial, asistencia de una sola persona y seguir las indicaciones del personal.<\/p>\n<p>Para mayor informaci\u00f3n se pone a disposici\u00f3n del p\u00fablico el correo electr\u00f3nico atnpublico@smagem.net, los tel\u00e9fonos 55-5366-8267, 722-238-2268, as\u00ed como las redes sociales en Twitter @DGPCCA_Edomex y Facebook @DGPCCA.Edomex.<\/p>\n","protected":false},"excerpt":{"rendered":"<p>&nbsp; Contin\u00faa programaci\u00f3n de citas para realizar la verificaci\u00f3n. Informan que el horario de atenci\u00f3n ser\u00e1 de 7:00 a 20:00 horas de lunes a s\u00e1bado. &nbsp; Metepec, Estado de M\u00e9xico, 29 de enero 2021. El Gobierno del Estado de M\u00e9xico, a trav\u00e9s de la Secretar\u00eda del Medio Ambiente (SMA) y la Direcci\u00f3n General de Prevenci\u00f3n [&hellip;]<\/p>\n","protected":false},"author":3,"featured_media":47316,"comment_status":"open","ping_status":"open","sticky":false,"template":"","format":"standard","meta":{"footnotes":""},"categories":[9157,16,9207],"tags":[21618,21617,21620,21619],"class_list":{"0":"post-47315","1":"post","2":"type-post","3":"status-publish","4":"format-standard","5":"has-post-thumbnail","7":"category-edomex","8":"category-foto","9":"category-medio-ambiente","10":"tag-fija-reglas-secretaria-del-medio-ambiente","11":"tag-reabren-verificentyros-del-edomex","12":"tag-se-reanuda-la-verificacion-vehicular","13":"tag-verificacion-con-medidas-sanitarias"},"wps_subtitle":"","_links":{"self":[{"href":"https:\/\/www.porlalibreedomex.com\/index.php?rest_route=\/wp\/v2\/posts\/47315","targetHints":{"allow":["GET"]}}],"collection":[{"href":"https:\/\/www.porlalibreedomex.com\/index.php?rest_route=\/wp\/v2\/posts"}],"about":[{"href":"https:\/\/www.porlalibreedomex.com\/index.php?rest_route=\/wp\/v2\/types\/post"}],"author":[{"embeddable":true,"href":"https:\/\/www.porlalibreedomex.com\/index.php?rest_route=\/wp\/v2\/users\/3"}],"replies":[{"embeddable":true,"href":"https:\/\/www.porlalibreedomex.com\/index.php?rest_route=%2Fwp%2Fv2%2Fcomments&post=47315"}],"version-history":[{"count":1,"href":"https:\/\/www.porlalibreedomex.com\/index.php?rest_route=\/wp\/v2\/posts\/47315\/revisions"}],"predecessor-version":[{"id":47323,"href":"https:\/\/www.porlalibreedomex.com\/index.php?rest_route=\/wp\/v2\/posts\/47315\/revisions\/47323"}],"wp:featuredmedia":[{"embeddable":true,"href":"https:\/\/www.porlalibreedomex.com\/index.php?rest_route=\/wp\/v2\/media\/47316"}],"wp:attachment":[{"href":"https:\/\/www.porlalibreedomex.com\/index.php?rest_route=%2Fwp%2Fv2%2Fmedia&parent=47315"}],"wp:term":[{"taxonomy":"category","embeddable":true,"href":"https:\/\/www.porlalibreedomex.com\/index.php?rest_route=%2Fwp%2Fv2%2Fcategories&post=47315"},{"taxonomy":"post_tag","embeddable":true,"href":"https:\/\/www.porlalibreedomex.com\/index.php?rest_route=%2Fwp%2Fv2%2Ftags&post=47315"}],"curies":[{"name":"wp","href":"https:\/\/api.w.org\/{rel}","templated":true}]}}