{"id":47299,"date":"2021-01-29T21:24:24","date_gmt":"2021-01-30T03:24:24","guid":{"rendered":"https:\/\/www.porlalibreedomex.com\/?p=47299"},"modified":"2021-01-29T21:24:24","modified_gmt":"2021-01-30T03:24:24","slug":"entrega-alfredo-barrera-propuesta-de-convocatoria-para-eleccion-de-rector-al-h-consejo-universitario","status":"publish","type":"post","link":"https:\/\/www.porlalibreedomex.com\/?p=47299","title":{"rendered":"ENTREGA ALFREDO BARRERA PROPUESTA DE CONVOCATORIA PARA ELECCI\u00d3N DE RECTOR, AL H. CONSEJO UNIVERSITARIO"},"content":{"rendered":"<p style=\"font-weight: 400;\">\n<ul style=\"font-weight: 400;\">\n<li><strong><em>El m\u00e1ximo \u00f3rgano colegiado de la UAEM la analizar\u00e1 y, en su caso, aprobar\u00e1 el pr\u00f3ximo 12 de febrero, en sesi\u00f3n extraordinaria.\u00a0\u00a0<\/em><\/strong><\/li>\n<\/ul>\n<p style=\"font-weight: 400;\"><strong><em>\u00a0<\/em><\/strong><\/p>\n<p style=\"font-weight: 400;\"><strong>Toluca, M\u00e9xico,\u00a0 29 de enero de 2021.<\/strong>\u00a0El rector de la Universidad Aut\u00f3noma del Estado de M\u00e9xico, Alfredo Barrera Baca, entreg\u00f3 al H. Consejo Universitario la propuesta de la convocatoria para la elecci\u00f3n de rector para el periodo 2021-2025, proceso, dijo, que dar\u00e1 prioridad a la vida y salud de los universitarios, al tiempo de encarar de manera valiente, honesta y honorable este relevo, que resulta necesario e impostergable.<\/p>\n<p style=\"font-weight: 400;\">\u00a0\u00a0\u00a0\u00a0\u00a0\u00a0\u00a0\u00a0\u00a0\u00a0\u00a0\u00a0Durante la sesi\u00f3n ordinaria del H. Consejo Universitario correspondiente al mes de enero, Alfredo Barrera precis\u00f3 que dicha propuesta ser\u00e1 canalizada a la Comisi\u00f3n Especial Electoral del m\u00e1ximo \u00f3rgano colegiado de la UAEM para su an\u00e1lisis y, en su caso, aprobaci\u00f3n el pr\u00f3ximo 12 de febrero, en sesi\u00f3n extraordinaria.<\/p>\n<figure id=\"attachment_47241\" aria-describedby=\"caption-attachment-47241\" style=\"width: 1024px\" class=\"wp-caption aligncenter\"><a href=\"https:\/\/www.porlalibreedomex.com\/wp-content\/uploads\/2021\/01\/El-Rector-de-la-UAEM-Alfredo-Barrera-Baca-anuncio-el-lanzamiento-de-la-Convocartoria-para-elegir-a-su-sucesor.-2021-01-27.jpeg\"><img loading=\"lazy\" decoding=\"async\" class=\"size-full wp-image-47241\" src=\"https:\/\/www.porlalibreedomex.com\/wp-content\/uploads\/2021\/01\/El-Rector-de-la-UAEM-Alfredo-Barrera-Baca-anuncio-el-lanzamiento-de-la-Convocartoria-para-elegir-a-su-sucesor.-2021-01-27.jpeg\" alt=\"\" width=\"1024\" height=\"683\" srcset=\"https:\/\/www.porlalibreedomex.com\/wp-content\/uploads\/2021\/01\/El-Rector-de-la-UAEM-Alfredo-Barrera-Baca-anuncio-el-lanzamiento-de-la-Convocartoria-para-elegir-a-su-sucesor.-2021-01-27.jpeg 1024w, https:\/\/www.porlalibreedomex.com\/wp-content\/uploads\/2021\/01\/El-Rector-de-la-UAEM-Alfredo-Barrera-Baca-anuncio-el-lanzamiento-de-la-Convocartoria-para-elegir-a-su-sucesor.-2021-01-27-300x200.jpeg 300w, https:\/\/www.porlalibreedomex.com\/wp-content\/uploads\/2021\/01\/El-Rector-de-la-UAEM-Alfredo-Barrera-Baca-anuncio-el-lanzamiento-de-la-Convocartoria-para-elegir-a-su-sucesor.-2021-01-27-768x512.jpeg 768w\" sizes=\"auto, (max-width: 1024px) 100vw, 1024px\" \/><\/a><figcaption id=\"caption-attachment-47241\" class=\"wp-caption-text\">Foto de Archivo porlalibreedomex.com<\/figcaption><\/figure>\n<p style=\"font-weight: 400;\">\u00a0\u00a0\u00a0\u00a0\u00a0\u00a0\u00a0\u00a0\u00a0\u00a0\u00a0\u00a0En el Edificio de Rector\u00eda, Alfredo Barrera detall\u00f3 que a partir de la aprobaci\u00f3n de la convocatoria, sus bases se difundir\u00e1n por diversos medios. <strong>El 25 de febrero los aspirantes deber\u00e1n solicitar su registro ante la Comisi\u00f3n Especial Electoral, que entregar\u00e1 las constancias de aceptaci\u00f3n o rechazo.\u00a0\u00a0<\/strong><\/p>\n<p style=\"font-weight: 400;\">Del 4 de marzo al 30 de abril se llevar\u00e1 a cabo el proceso de comparecencia institucional, en la modalidad virtual y a trav\u00e9s del cual los aspirantes presentar\u00e1n ante la comunidad de los espacios universitarios su programa de trabajo y tendr\u00e1n la posibilidad de interactuar, con la finalidad de evitar aglomeraciones.<\/p>\n<p style=\"font-weight: 400;\">Finalmente, entre el 4 y 7 de mayo se llevar\u00e1 a cabo la etapa de auscultaci\u00f3n cualitativa, en la cual los aspirantes tendr\u00e1n una entrevista con los integrantes de la Comisi\u00f3n Especial Electoral del H. Consejo Universitario, quienes valorar\u00e1n su programa de trabajo; posteriormente, y conforme a la legislaci\u00f3n universitaria, se realizar\u00e1 una auscultaci\u00f3n cuantitativa, mediante la cual los consejeros universitarios consultan a su comunidad.<\/p>\n<p style=\"font-weight: 400;\">\u00a0\u00a0\u00a0\u00a0\u00a0\u00a0\u00a0\u00a0\u00a0\u00a0\u00a0\u00a0Antes, a fin de atender el car\u00e1cter extraordinario de emergencia sanitaria que ubica a la instituci\u00f3n en un contexto sin precedentes, el m\u00e1ximo \u00f3rgano de gobierno de la instituci\u00f3n aprob\u00f3 el acuerdo por el que se determina que en el proceso de elecci\u00f3n del titular de la rector\u00eda para el periodo 2021-2025 se recurra al uso de las tecnolog\u00edas de la informaci\u00f3n y comunicaciones.<\/p>\n","protected":false},"excerpt":{"rendered":"<p>El m\u00e1ximo \u00f3rgano colegiado de la UAEM la analizar\u00e1 y, en su caso, aprobar\u00e1 el pr\u00f3ximo 12 de febrero, en sesi\u00f3n extraordinaria.\u00a0\u00a0 \u00a0 Toluca, M\u00e9xico,\u00a0 29 de enero de 2021.\u00a0El rector de la Universidad Aut\u00f3noma del Estado de M\u00e9xico, Alfredo Barrera Baca, entreg\u00f3 al H. Consejo Universitario la propuesta de la convocatoria para la elecci\u00f3n [&hellip;]<\/p>\n","protected":false},"author":3,"featured_media":47300,"comment_status":"open","ping_status":"open","sticky":false,"template":"","format":"standard","meta":{"footnotes":""},"categories":[9148,16,9150],"tags":[21608,8665,6002,21609],"class_list":{"0":"post-47299","1":"post","2":"type-post","3":"status-publish","4":"format-standard","5":"has-post-thumbnail","7":"category-educacion","8":"category-foto","9":"category-politica","10":"tag-convocatoria-para-elegir-rector","11":"tag-dr-alfredo-barrera-baca","12":"tag-h-consejo-universitario","13":"tag-uaem-inicia-eleccion-de-rector"},"wps_subtitle":"","_links":{"self":[{"href":"https:\/\/www.porlalibreedomex.com\/index.php?rest_route=\/wp\/v2\/posts\/47299","targetHints":{"allow":["GET"]}}],"collection":[{"href":"https:\/\/www.porlalibreedomex.com\/index.php?rest_route=\/wp\/v2\/posts"}],"about":[{"href":"https:\/\/www.porlalibreedomex.com\/index.php?rest_route=\/wp\/v2\/types\/post"}],"author":[{"embeddable":true,"href":"https:\/\/www.porlalibreedomex.com\/index.php?rest_route=\/wp\/v2\/users\/3"}],"replies":[{"embeddable":true,"href":"https:\/\/www.porlalibreedomex.com\/index.php?rest_route=%2Fwp%2Fv2%2Fcomments&post=47299"}],"version-history":[{"count":1,"href":"https:\/\/www.porlalibreedomex.com\/index.php?rest_route=\/wp\/v2\/posts\/47299\/revisions"}],"predecessor-version":[{"id":47301,"href":"https:\/\/www.porlalibreedomex.com\/index.php?rest_route=\/wp\/v2\/posts\/47299\/revisions\/47301"}],"wp:featuredmedia":[{"embeddable":true,"href":"https:\/\/www.porlalibreedomex.com\/index.php?rest_route=\/wp\/v2\/media\/47300"}],"wp:attachment":[{"href":"https:\/\/www.porlalibreedomex.com\/index.php?rest_route=%2Fwp%2Fv2%2Fmedia&parent=47299"}],"wp:term":[{"taxonomy":"category","embeddable":true,"href":"https:\/\/www.porlalibreedomex.com\/index.php?rest_route=%2Fwp%2Fv2%2Fcategories&post=47299"},{"taxonomy":"post_tag","embeddable":true,"href":"https:\/\/www.porlalibreedomex.com\/index.php?rest_route=%2Fwp%2Fv2%2Ftags&post=47299"}],"curies":[{"name":"wp","href":"https:\/\/api.w.org\/{rel}","templated":true}]}}