{"id":47064,"date":"2021-01-21T00:54:24","date_gmt":"2021-01-21T06:54:24","guid":{"rendered":"https:\/\/www.porlalibreedomex.com\/?p=47064"},"modified":"2021-01-22T00:54:54","modified_gmt":"2021-01-22T06:54:54","slug":"codhem-certificara-a-las-y-los-aspirantes-a-encabezar-defensorias-municipales-de-derechos-humanos","status":"publish","type":"post","link":"https:\/\/www.porlalibreedomex.com\/?p=47064","title":{"rendered":"CODHEM CERTIFICAR\u00c1 A LAS Y LOS ASPIRANTES A ENCABEZAR DEFENSOR\u00cdAS MUNICIPALES DE DERECHOS HUMANOS"},"content":{"rendered":"<div>\n<div><\/div>\n<div><b>\u00a0<\/b><\/div>\n<ul type=\"disc\">\n<li><i>El curso inicia el 3 de marzo; las clases se impartir\u00e1n a distancia.<\/i><\/li>\n<\/ul>\n<p><b>\u00a0<\/b><\/p>\n<p><b>Toluca, Estado de M\u00e9xico, 21 de enero de 2021.-\u00a0<\/b>La Comisi\u00f3n de Derechos Humanos del Estado de M\u00e9xico (Codhem) emiti\u00f3 la convocatoria para que las y los aspirantes a encabezar las Defensor\u00edas Municipales de Derechos Humanos, se capaciten y obtengan la correspondiente certificaci\u00f3n sobre los conocimientos y las herramientas necesarias para desarrollar su tarea de forma \u00e9tica, profesional y eficiente.<\/p>\n<p>De acuerdo con la convocatoria, las personas interesadas en certificarse, presentar\u00e1n un examen previo solicitado por escrito al correo electr\u00f3nico\u00a0<a href=\"mailto:centro.estudios@codhem.org.mx\" target=\"_blank\" rel=\"noopener\">centro.estudios@codhem.org.mx<\/a>, en el que deber\u00e1n incluir nombre completo y copia de una identificaci\u00f3n oficial, carta de exposici\u00f3n de motivos y\u00a0<i>curr\u00edculum vitae<\/i>\u00a0resumido, para que obtengan la gu\u00eda de estudio y reciban la fecha de examen.<\/p>\n<p>Las clases del curso de certificaci\u00f3n iniciar\u00e1n el 3 de marzo en modalidad escolarizada; la capacitaci\u00f3n consta de 49 horas y ser\u00e1 impartida por facilitadores de la Codhem y profesores de la Especialidad en Derechos Humanos, a trav\u00e9s de la plataforma Zoom.<\/p>\n<p>Al final se aplicar\u00e1 un examen general de conocimientos, cuyo cuestionario se pondr\u00e1 en l\u00ednea para que las y los alumnos lo contesten v\u00eda remota, a fin de que puedan obtener el Certificado de conocimientos en materia de derechos humanos expedido por la Codhem, con validez oficial de tres a\u00f1os a partir de la fecha de expedici\u00f3n. La convocatoria completa puede consultarse en la p\u00e1gina oficial\u00a0<a href=\"http:\/\/www.codhem.org.mx\/\" target=\"_blank\" rel=\"nofollow noopener\" data-saferedirecturl=\"https:\/\/www.google.com\/url?q=http:\/\/www.codhem.org.mx\/&amp;source=gmail&amp;ust=1611384454973000&amp;usg=AFQjCNFaB51TBJXehEHGuRAuXXtepphkbA\">www.codhem.org.mx<\/a>.<\/p>\n<p>Conforme a lo establecido en la Constituci\u00f3n Pol\u00edtica de los Estados Unidos Mexicanos y la Constituci\u00f3n estatal, el organismo defensor encabezado por el ombudsperson Jorge Olvera Garc\u00eda, cuenta con la capacidad t\u00e9cnica, humana y material para certificar a las y los aspirantes a defensoras y defensores municipales de derechos humanos; asimismo, en la Ley de la Codhem y su Reglamento interno se establece la facultad de impartir programas de estudio para la capacitaci\u00f3n y certificaci\u00f3n en la materia.<\/p>\n<\/div>\n<div class=\"yj6qo\"><\/div>\n<div class=\"adL\" dir=\"ltr\"><\/div>\n<div class=\"adL\" dir=\"ltr\"><\/div>\n<div class=\"adL\"><\/div>\n","protected":false},"excerpt":{"rendered":"<p>\u00a0 El curso inicia el 3 de marzo; las clases se impartir\u00e1n a distancia. \u00a0 Toluca, Estado de M\u00e9xico, 21 de enero de 2021.-\u00a0La Comisi\u00f3n de Derechos Humanos del Estado de M\u00e9xico (Codhem) emiti\u00f3 la convocatoria para que las y los aspirantes a encabezar las Defensor\u00edas Municipales de Derechos Humanos, se capaciten y obtengan la [&hellip;]<\/p>\n","protected":false},"author":3,"featured_media":47065,"comment_status":"open","ping_status":"open","sticky":false,"template":"","format":"standard","meta":{"footnotes":""},"categories":[16,9145],"tags":[21466,19497,1888],"class_list":{"0":"post-47064","1":"post","2":"type-post","3":"status-publish","4":"format-standard","5":"has-post-thumbnail","7":"category-foto","8":"category-general","9":"tag-codhem-certificara","10":"tag-defensores-municipales-de-dh","11":"tag-dr-jorge-olvera-garcia"},"wps_subtitle":"","_links":{"self":[{"href":"https:\/\/www.porlalibreedomex.com\/index.php?rest_route=\/wp\/v2\/posts\/47064","targetHints":{"allow":["GET"]}}],"collection":[{"href":"https:\/\/www.porlalibreedomex.com\/index.php?rest_route=\/wp\/v2\/posts"}],"about":[{"href":"https:\/\/www.porlalibreedomex.com\/index.php?rest_route=\/wp\/v2\/types\/post"}],"author":[{"embeddable":true,"href":"https:\/\/www.porlalibreedomex.com\/index.php?rest_route=\/wp\/v2\/users\/3"}],"replies":[{"embeddable":true,"href":"https:\/\/www.porlalibreedomex.com\/index.php?rest_route=%2Fwp%2Fv2%2Fcomments&post=47064"}],"version-history":[{"count":1,"href":"https:\/\/www.porlalibreedomex.com\/index.php?rest_route=\/wp\/v2\/posts\/47064\/revisions"}],"predecessor-version":[{"id":47066,"href":"https:\/\/www.porlalibreedomex.com\/index.php?rest_route=\/wp\/v2\/posts\/47064\/revisions\/47066"}],"wp:featuredmedia":[{"embeddable":true,"href":"https:\/\/www.porlalibreedomex.com\/index.php?rest_route=\/wp\/v2\/media\/47065"}],"wp:attachment":[{"href":"https:\/\/www.porlalibreedomex.com\/index.php?rest_route=%2Fwp%2Fv2%2Fmedia&parent=47064"}],"wp:term":[{"taxonomy":"category","embeddable":true,"href":"https:\/\/www.porlalibreedomex.com\/index.php?rest_route=%2Fwp%2Fv2%2Fcategories&post=47064"},{"taxonomy":"post_tag","embeddable":true,"href":"https:\/\/www.porlalibreedomex.com\/index.php?rest_route=%2Fwp%2Fv2%2Ftags&post=47064"}],"curies":[{"name":"wp","href":"https:\/\/api.w.org\/{rel}","templated":true}]}}