{"id":47007,"date":"2021-01-20T20:59:44","date_gmt":"2021-01-21T02:59:44","guid":{"rendered":"https:\/\/www.porlalibreedomex.com\/?p=47007"},"modified":"2021-01-20T20:59:44","modified_gmt":"2021-01-21T02:59:44","slug":"informa-alfredo-del-mazo-que-en-edomex-continua-la-vacunacion-de-personal-de-salud-en-la-primera-linea-contra-el-covid-19","status":"publish","type":"post","link":"https:\/\/www.porlalibreedomex.com\/?p=47007","title":{"rendered":"INFORMA ALFREDO DEL MAZO QUE EN EDOM\u00c9X CONTIN\u00daA LA VACUNACI\u00d3N DE PERSONAL DE SALUD EN LA PRIMERA L\u00cdNEA CONTRA EL COVID-19"},"content":{"rendered":"<ul>\n<li><strong>Supervisa Gobernador, junto con Mauricio Hern\u00e1ndez \u00c1vila, Comisionado del Gobierno de M\u00e9xico para la vacunaci\u00f3n COVID-19 en la entidad, la aplicaci\u00f3n de la vacuna a personal del Hospital Materno Perinatal \u201cM\u00f3nica Pretelini S\u00e1enz\u00bb.<\/strong><\/li>\n<li><strong>Subraya Del Mazo Maza la importancia que tiene esta vacuna para los trabajadores del sector que atienden pacientes con coronavirus, pues les ofrece mayor tranquilidad para ejercer su trabajo.<\/strong><\/li>\n<\/ul>\n<p>&nbsp;<\/p>\n<p><strong>Toluca, Estado de M\u00e9xico, 20 de enero de 2021.<\/strong> Para constatar que el personal del sector salud reciba adecuadamente la vacuna contra el COVID-19, el Gobernador Alfredo Del Mazo Maza visit\u00f3 el m\u00f3dulo de vacunaci\u00f3n, instalado en el Hospital Materno Perinatal \u201cM\u00f3nica Pretelini S\u00e1enz\u00bb, donde subray\u00f3 que en la entidad contin\u00faa esta campa\u00f1a para los 46 mil trabajadores de este sector, que hacen frente a esta enfermedad en la primera l\u00ednea en hospitales del estado.<\/p>\n<p>En su mensaje, el mandatario estatal recalc\u00f3 la importancia de que las y los trabajadores de la salud en la entidad cuenten con esta vacuna, ya que les dar\u00e1 tranquilidad y un gran respaldo al momento de hacer su trabajo.<\/p>\n<div style=\"width: 696px;\" class=\"wp-video\"><video class=\"wp-video-shortcode\" id=\"video-47007-1\" width=\"696\" height=\"394\" preload=\"metadata\" controls=\"controls\"><source type=\"video\/mp4\" src=\"https:\/\/www.porlalibreedomex.com\/wp-content\/uploads\/2021\/01\/ALFREDO-DEL-MAZO-SUPERVISA-VACUNACION-AL-PERSONAL-MEDICO-DEL-EDOMEX-2021-01-20.mp4?_=1\" \/><a href=\"https:\/\/www.porlalibreedomex.com\/wp-content\/uploads\/2021\/01\/ALFREDO-DEL-MAZO-SUPERVISA-VACUNACION-AL-PERSONAL-MEDICO-DEL-EDOMEX-2021-01-20.mp4\">https:\/\/www.porlalibreedomex.com\/wp-content\/uploads\/2021\/01\/ALFREDO-DEL-MAZO-SUPERVISA-VACUNACION-AL-PERSONAL-MEDICO-DEL-EDOMEX-2021-01-20.mp4<\/a><\/video><\/div>\n<p>\u00abEstamos aqu\u00ed en un d\u00eda muy importante porque continuamos con la vacunaci\u00f3n del personal del sector salud en el Estado de M\u00e9xico, primero todo el personal que est\u00e1 en la primera l\u00ednea de batalla contra el COVID\u00bb, mencion\u00f3.<\/p>\n<p><a href=\"https:\/\/www.porlalibreedomex.com\/wp-content\/uploads\/2021\/01\/El-Gobernador-Alfredo-del-Mazo-y-el-Secretario-de-Salud-Gabriel-O\u00b4Shea-supervisaron-vacunacion-del-personal-medicoL-2021-01-20.jpeg\"><img loading=\"lazy\" decoding=\"async\" class=\"aligncenter size-large wp-image-47008\" src=\"https:\/\/www.porlalibreedomex.com\/wp-content\/uploads\/2021\/01\/El-Gobernador-Alfredo-del-Mazo-y-el-Secretario-de-Salud-Gabriel-O\u00b4Shea-supervisaron-vacunacion-del-personal-medicoL-2021-01-20-1024x742.jpeg\" alt=\"\" width=\"800\" height=\"580\" srcset=\"https:\/\/www.porlalibreedomex.com\/wp-content\/uploads\/2021\/01\/El-Gobernador-Alfredo-del-Mazo-y-el-Secretario-de-Salud-Gabriel-O\u00b4Shea-supervisaron-vacunacion-del-personal-medicoL-2021-01-20-1024x742.jpeg 1024w, https:\/\/www.porlalibreedomex.com\/wp-content\/uploads\/2021\/01\/El-Gobernador-Alfredo-del-Mazo-y-el-Secretario-de-Salud-Gabriel-O\u00b4Shea-supervisaron-vacunacion-del-personal-medicoL-2021-01-20-300x218.jpeg 300w, https:\/\/www.porlalibreedomex.com\/wp-content\/uploads\/2021\/01\/El-Gobernador-Alfredo-del-Mazo-y-el-Secretario-de-Salud-Gabriel-O\u00b4Shea-supervisaron-vacunacion-del-personal-medicoL-2021-01-20-768x557.jpeg 768w, https:\/\/www.porlalibreedomex.com\/wp-content\/uploads\/2021\/01\/El-Gobernador-Alfredo-del-Mazo-y-el-Secretario-de-Salud-Gabriel-O\u00b4Shea-supervisaron-vacunacion-del-personal-medicoL-2021-01-20.jpeg 1280w\" sizes=\"auto, (max-width: 800px) 100vw, 800px\" \/><\/a><\/p>\n<p>Junto con Gabriel O\u2019Shea Cuevas, Secretario de Salud mexiquense y Mauricio Hern\u00e1ndez \u00c1vila, Comisionado del Gobierno de M\u00e9xico para la vacunaci\u00f3n COVID-19 en la entidad, el Gobernador Del Mazo supervis\u00f3 la aplicaci\u00f3n de la vacuna contra el SARS-CoV-2, a m\u00e9dicas, m\u00e9dicos, enfermeras y enfermeros del Hospital Materno Perinatal \u201cM\u00f3nica Pretelini S\u00e1enz\u00bb, quienes pasaron por las \u00e1reas de triage, registro, vacunaci\u00f3n y observaci\u00f3n.<\/p>\n","protected":false},"excerpt":{"rendered":"<p>Supervisa Gobernador, junto con Mauricio Hern\u00e1ndez \u00c1vila, Comisionado del Gobierno de M\u00e9xico para la vacunaci\u00f3n COVID-19 en la entidad, la aplicaci\u00f3n de la vacuna a personal del Hospital Materno Perinatal \u201cM\u00f3nica Pretelini S\u00e1enz\u00bb. Subraya Del Mazo Maza la importancia que tiene esta vacuna para los trabajadores del sector que atienden pacientes con coronavirus, pues les [&hellip;]<\/p>\n","protected":false},"author":3,"featured_media":47011,"comment_status":"open","ping_status":"open","sticky":false,"template":"","format":"standard","meta":{"footnotes":""},"categories":[9157,16,9209],"tags":[9751,21442,10687,21440,21441],"class_list":{"0":"post-47007","1":"post","2":"type-post","3":"status-publish","4":"format-standard","5":"has-post-thumbnail","7":"category-edomex","8":"category-foto","9":"category-salud","10":"tag-gabriel-oshea-cuevas","11":"tag-mauricio-hernandez-avila-vacunacion","12":"tag-secretario-de-salud-edomex","13":"tag-supervisa-el-gobernador-vacunacion","14":"tag-vacunas-al-personal-medico"},"wps_subtitle":"","_links":{"self":[{"href":"https:\/\/www.porlalibreedomex.com\/index.php?rest_route=\/wp\/v2\/posts\/47007","targetHints":{"allow":["GET"]}}],"collection":[{"href":"https:\/\/www.porlalibreedomex.com\/index.php?rest_route=\/wp\/v2\/posts"}],"about":[{"href":"https:\/\/www.porlalibreedomex.com\/index.php?rest_route=\/wp\/v2\/types\/post"}],"author":[{"embeddable":true,"href":"https:\/\/www.porlalibreedomex.com\/index.php?rest_route=\/wp\/v2\/users\/3"}],"replies":[{"embeddable":true,"href":"https:\/\/www.porlalibreedomex.com\/index.php?rest_route=%2Fwp%2Fv2%2Fcomments&post=47007"}],"version-history":[{"count":1,"href":"https:\/\/www.porlalibreedomex.com\/index.php?rest_route=\/wp\/v2\/posts\/47007\/revisions"}],"predecessor-version":[{"id":47013,"href":"https:\/\/www.porlalibreedomex.com\/index.php?rest_route=\/wp\/v2\/posts\/47007\/revisions\/47013"}],"wp:featuredmedia":[{"embeddable":true,"href":"https:\/\/www.porlalibreedomex.com\/index.php?rest_route=\/wp\/v2\/media\/47011"}],"wp:attachment":[{"href":"https:\/\/www.porlalibreedomex.com\/index.php?rest_route=%2Fwp%2Fv2%2Fmedia&parent=47007"}],"wp:term":[{"taxonomy":"category","embeddable":true,"href":"https:\/\/www.porlalibreedomex.com\/index.php?rest_route=%2Fwp%2Fv2%2Fcategories&post=47007"},{"taxonomy":"post_tag","embeddable":true,"href":"https:\/\/www.porlalibreedomex.com\/index.php?rest_route=%2Fwp%2Fv2%2Ftags&post=47007"}],"curies":[{"name":"wp","href":"https:\/\/api.w.org\/{rel}","templated":true}]}}