{"id":46400,"date":"2020-12-23T02:19:06","date_gmt":"2020-12-23T08:19:06","guid":{"rendered":"https:\/\/www.porlalibreedomex.com\/?p=46400"},"modified":"2020-12-24T02:19:58","modified_gmt":"2020-12-24T08:19:58","slug":"reafirma-gobierno-estatal-su-compromiso-con-el-aprendizaje-a-distancia","status":"publish","type":"post","link":"https:\/\/www.porlalibreedomex.com\/?p=46400","title":{"rendered":"REAFIRMA GOBIERNO ESTATAL SU COMPROMISO CON EL APRENDIZAJE A DISTANCIA"},"content":{"rendered":"<ul>\n<li><strong>Incorpora el Gobierno estatal durante el ciclo escolar 2020-2021, el programa de la SEP, Aprende en Casa.<\/strong><\/li>\n<li><strong>Pueden estudiantes, docentes y padres de familia consultar diversos materiales y recursos de apoyo a trav\u00e9s de la p\u00e1gina http:\/\/edugem.gob.mx\/edumex\/.<\/strong><\/li>\n<\/ul>\n<p>&nbsp;<\/p>\n<p><strong>Toluca, Estado de M\u00e9xico, 23 de diciembre de 2020.<\/strong> Durante este a\u00f1o, el Gobierno de Alfredo Del Mazo Maza ha hecho frente a los retos del aprendizaje a distancia, adem\u00e1s de brindar las herramientas necesarias para atender la matr\u00edcula m\u00e1s grande del pa\u00eds, la cual corresponde al Estado de M\u00e9xico, y que cuenta con 4.7 millones de alumnos, una plantilla de 252 mil maestros y m\u00e1s de 25 mil servicios educativos.<\/p>\n<p>Por lo anterior, y para el ciclo escolar 2020-2021, a trav\u00e9s de la Secretar\u00eda de Educaci\u00f3n que encabeza Gerardo Monroy Serrano, el Gobierno estatal se sum\u00f3 al <strong>programa nacional de la Secretar\u00eda de Educaci\u00f3n P\u00fablica (SEP) \u201cAprende en Casa II\u201d<\/strong>, para que todos los alumnos y alumnas continuaran sus estudios de forma segura, apoyados por docentes, madres y padres de familia.<\/p>\n<p><a href=\"https:\/\/www.porlalibreedomex.com\/wp-content\/uploads\/2020\/12\/Comprometido-el-Edomex-con-programa-federal-de-Educacion-a-Distancia-2020-12-23.jpeg\"><img loading=\"lazy\" decoding=\"async\" class=\"aligncenter size-full wp-image-46402\" src=\"https:\/\/www.porlalibreedomex.com\/wp-content\/uploads\/2020\/12\/Comprometido-el-Edomex-con-programa-federal-de-Educacion-a-Distancia-2020-12-23.jpeg\" alt=\"\" width=\"1280\" height=\"814\" srcset=\"https:\/\/www.porlalibreedomex.com\/wp-content\/uploads\/2020\/12\/Comprometido-el-Edomex-con-programa-federal-de-Educacion-a-Distancia-2020-12-23.jpeg 1280w, https:\/\/www.porlalibreedomex.com\/wp-content\/uploads\/2020\/12\/Comprometido-el-Edomex-con-programa-federal-de-Educacion-a-Distancia-2020-12-23-300x191.jpeg 300w, https:\/\/www.porlalibreedomex.com\/wp-content\/uploads\/2020\/12\/Comprometido-el-Edomex-con-programa-federal-de-Educacion-a-Distancia-2020-12-23-1024x651.jpeg 1024w, https:\/\/www.porlalibreedomex.com\/wp-content\/uploads\/2020\/12\/Comprometido-el-Edomex-con-programa-federal-de-Educacion-a-Distancia-2020-12-23-768x488.jpeg 768w\" sizes=\"auto, (max-width: 1280px) 100vw, 1280px\" \/><\/a><\/p>\n<p>En ese sentido<strong>, los contenidos educativos elaborados por la SEP se retransmiten a trav\u00e9s del Sistema de Radio y Televisi\u00f3n Mexiquense, en su canal 34.3 de televisi\u00f3n abierta, que tiene cobertura en los 125 municipios del Estado de M\u00e9xico, 16 alcald\u00edas de la Ciudad de M\u00e9xico, y algunos municipios colindantes de Puebla, Tlaxcala, Hidalgo, Michoac\u00e1n, Guerrero, Morelos y Quer\u00e9taro<\/strong><\/p>\n<p>Asimismo, se da continuidad a la estrategia \u201cEDUMEX\u201d, implementada desde el ciclo escolar anterior, para que ni\u00f1as, ni\u00f1os, j\u00f3venes y docentes, as\u00ed como padres de familia tengan acceso a un repositorio de recursos digitales e interactivos como conferencias, capacitaciones, videos educativos, libros, revistas, entre otros materiales de apoyo, diferenciados para cada grado escolar, as\u00ed como para las maestras y maestros del sistema educativo estatal, disponible en http:\/\/edugem.gob.mx\/edumex\/ .<\/p>\n<p><a href=\"https:\/\/www.porlalibreedomex.com\/wp-content\/uploads\/2020\/12\/Fortalece-el-Edomex-Educacion-a-Distancia-2020-12-23-at-11.32.48-AM.jpeg\"><img loading=\"lazy\" decoding=\"async\" class=\"aligncenter size-full wp-image-46401\" src=\"https:\/\/www.porlalibreedomex.com\/wp-content\/uploads\/2020\/12\/Fortalece-el-Edomex-Educacion-a-Distancia-2020-12-23-at-11.32.48-AM.jpeg\" alt=\"\" width=\"1280\" height=\"970\" srcset=\"https:\/\/www.porlalibreedomex.com\/wp-content\/uploads\/2020\/12\/Fortalece-el-Edomex-Educacion-a-Distancia-2020-12-23-at-11.32.48-AM.jpeg 1280w, https:\/\/www.porlalibreedomex.com\/wp-content\/uploads\/2020\/12\/Fortalece-el-Edomex-Educacion-a-Distancia-2020-12-23-at-11.32.48-AM-300x227.jpeg 300w, https:\/\/www.porlalibreedomex.com\/wp-content\/uploads\/2020\/12\/Fortalece-el-Edomex-Educacion-a-Distancia-2020-12-23-at-11.32.48-AM-1024x776.jpeg 1024w, https:\/\/www.porlalibreedomex.com\/wp-content\/uploads\/2020\/12\/Fortalece-el-Edomex-Educacion-a-Distancia-2020-12-23-at-11.32.48-AM-768x582.jpeg 768w\" sizes=\"auto, (max-width: 1280px) 100vw, 1280px\" \/><\/a><\/p>\n<p>Cabe mencionar que el sitio EDUM\u00c9X cuenta con las siguientes secciones: \u201cCuadernos de recuperaci\u00f3n y nivelaci\u00f3n para Educaci\u00f3n B\u00e1sica\u201d; \u201cCalendario escolar\u201d (educaci\u00f3n b\u00e1sica y media superior); \u201cHorario de transmisi\u00f3n de clases\u201d; \u201cRegreso a clases\u201d; \u201cAudiovisuales\u201d acerca de la convivencia escolar; \u201cBeb\u00e9s + Fuertes\u201d, y \u201cMaterial de Apoyo\u201d.<\/p>\n<p>En este ejercicio, y en cada secci\u00f3n encontrar\u00e1n diversos materiales y recursos para educaci\u00f3n inicial, b\u00e1sica, media superior y superior.<\/p>\n<p>Por ello, y desde que inici\u00f3 su operaci\u00f3n hasta el cierre del ciclo 2019-2020, la p\u00e1gina web hab\u00eda tenido m\u00e1s de un mill\u00f3n de visitas, por lo que se mantiene vigente y se fortalece permanentemente su contenido.<br \/>\n<a href=\"https:\/\/www.porlalibreedomex.com\/wp-content\/uploads\/2020\/12\/Ante-la-pandemia-Se-fortalece-la-Educacion-a-Distancia-en-el-Edomex.-2020-12-23.jpeg\"><img loading=\"lazy\" decoding=\"async\" class=\"aligncenter size-full wp-image-46403\" src=\"https:\/\/www.porlalibreedomex.com\/wp-content\/uploads\/2020\/12\/Ante-la-pandemia-Se-fortalece-la-Educacion-a-Distancia-en-el-Edomex.-2020-12-23.jpeg\" alt=\"\" width=\"1280\" height=\"894\" srcset=\"https:\/\/www.porlalibreedomex.com\/wp-content\/uploads\/2020\/12\/Ante-la-pandemia-Se-fortalece-la-Educacion-a-Distancia-en-el-Edomex.-2020-12-23.jpeg 1280w, https:\/\/www.porlalibreedomex.com\/wp-content\/uploads\/2020\/12\/Ante-la-pandemia-Se-fortalece-la-Educacion-a-Distancia-en-el-Edomex.-2020-12-23-300x210.jpeg 300w, https:\/\/www.porlalibreedomex.com\/wp-content\/uploads\/2020\/12\/Ante-la-pandemia-Se-fortalece-la-Educacion-a-Distancia-en-el-Edomex.-2020-12-23-1024x715.jpeg 1024w, https:\/\/www.porlalibreedomex.com\/wp-content\/uploads\/2020\/12\/Ante-la-pandemia-Se-fortalece-la-Educacion-a-Distancia-en-el-Edomex.-2020-12-23-768x536.jpeg 768w, https:\/\/www.porlalibreedomex.com\/wp-content\/uploads\/2020\/12\/Ante-la-pandemia-Se-fortalece-la-Educacion-a-Distancia-en-el-Edomex.-2020-12-23-130x90.jpeg 130w\" sizes=\"auto, (max-width: 1280px) 100vw, 1280px\" \/><\/a><br \/>\nAdicionalmente a EDUM\u00c9X, se habilitaron m\u00e1s de 500 mil cuentas de correo electr\u00f3nico para alumnos, docentes, orientadores, directivos, mandos medios y superiores; y con el uso de las plataformas educativas en l\u00ednea (Google Classroom, Microsoft Teams, Edmodo, Moodle y Schoology).<\/p>\n<p>Asimismo, se habilitaron m\u00e1s de 41 mil sesiones de clase para cubrir las diversas asignaturas que integran los planes de estudio.<\/p>\n","protected":false},"excerpt":{"rendered":"<p>Incorpora el Gobierno estatal durante el ciclo escolar 2020-2021, el programa de la SEP, Aprende en Casa. Pueden estudiantes, docentes y padres de familia consultar diversos materiales y recursos de apoyo a trav\u00e9s de la p\u00e1gina http:\/\/edugem.gob.mx\/edumex\/. &nbsp; Toluca, Estado de M\u00e9xico, 23 de diciembre de 2020. Durante este a\u00f1o, el Gobierno de Alfredo Del [&hellip;]<\/p>\n","protected":false},"author":3,"featured_media":46404,"comment_status":"open","ping_status":"open","sticky":false,"template":"","format":"standard","meta":{"footnotes":""},"categories":[9148,9157,16],"tags":[21099,21100,21098,21097],"class_list":{"0":"post-46400","1":"post","2":"type-post","3":"status-publish","4":"format-standard","5":"has-post-thumbnail","7":"category-educacion","8":"category-edomex","9":"category-foto","10":"tag-21099","11":"tag-7-millones-de-alumnos-en-edomex","12":"tag-edomex-educacion-a-distancia","13":"tag-programa-aprende-en-casa"},"wps_subtitle":"","_links":{"self":[{"href":"https:\/\/www.porlalibreedomex.com\/index.php?rest_route=\/wp\/v2\/posts\/46400","targetHints":{"allow":["GET"]}}],"collection":[{"href":"https:\/\/www.porlalibreedomex.com\/index.php?rest_route=\/wp\/v2\/posts"}],"about":[{"href":"https:\/\/www.porlalibreedomex.com\/index.php?rest_route=\/wp\/v2\/types\/post"}],"author":[{"embeddable":true,"href":"https:\/\/www.porlalibreedomex.com\/index.php?rest_route=\/wp\/v2\/users\/3"}],"replies":[{"embeddable":true,"href":"https:\/\/www.porlalibreedomex.com\/index.php?rest_route=%2Fwp%2Fv2%2Fcomments&post=46400"}],"version-history":[{"count":1,"href":"https:\/\/www.porlalibreedomex.com\/index.php?rest_route=\/wp\/v2\/posts\/46400\/revisions"}],"predecessor-version":[{"id":46405,"href":"https:\/\/www.porlalibreedomex.com\/index.php?rest_route=\/wp\/v2\/posts\/46400\/revisions\/46405"}],"wp:featuredmedia":[{"embeddable":true,"href":"https:\/\/www.porlalibreedomex.com\/index.php?rest_route=\/wp\/v2\/media\/46404"}],"wp:attachment":[{"href":"https:\/\/www.porlalibreedomex.com\/index.php?rest_route=%2Fwp%2Fv2%2Fmedia&parent=46400"}],"wp:term":[{"taxonomy":"category","embeddable":true,"href":"https:\/\/www.porlalibreedomex.com\/index.php?rest_route=%2Fwp%2Fv2%2Fcategories&post=46400"},{"taxonomy":"post_tag","embeddable":true,"href":"https:\/\/www.porlalibreedomex.com\/index.php?rest_route=%2Fwp%2Fv2%2Ftags&post=46400"}],"curies":[{"name":"wp","href":"https:\/\/api.w.org\/{rel}","templated":true}]}}