{"id":464,"date":"2014-04-14T21:06:55","date_gmt":"2014-04-14T21:06:55","guid":{"rendered":"http:\/\/porlalibre.info\/?p=464"},"modified":"2014-04-14T21:06:55","modified_gmt":"2014-04-14T21:06:55","slug":"fortalecen-coordinacion-por-la-seguridad-la-policia-federal-y-la-ssc","status":"publish","type":"post","link":"https:\/\/www.porlalibreedomex.com\/?p=464","title":{"rendered":"FORTALECEN COORDINACI\u00d3N POR LA SEGURIDAD, LA POLIC\u00cdA FEDERAL Y LA SSC"},"content":{"rendered":"<p>En una reuni\u00f3n de trabajo para la coordinaci\u00f3n y fortalecimiento de acciones, encabezada por el Comisario General de la Polic\u00eda Federal, Enrique Galindo Ceballos, y el titular de la Secretar\u00eda de Seguridad Ciudadana (SSC) del Estado de M\u00e9xico, Dami\u00e1n Canales Mena, la dependencia federal ofreci\u00f3\u00a0a los mandos operativos de la corporaci\u00f3n estatal cursos de capacitaci\u00f3n, disponibilidad para el intercambio de informaci\u00f3n y realizaci\u00f3n de trabajos de inteligencia, as\u00ed como coadyuvar en los esfuerzos de desarrollo que emprenda la dependencia.<\/p>\n<figure id=\"attachment_467\" aria-describedby=\"caption-attachment-467\" style=\"width: 474px\" class=\"wp-caption alignright\"><a href=\"http:\/\/porlalibre.info\/wp-content\/uploads\/2014\/04\/SSC_7205.jpg\"><img loading=\"lazy\" decoding=\"async\" class=\"size-large wp-image-467\" alt=\"Mayor coordinaci\u00f3n entre Polic\u00eda Federal, y Secretar\u00eda de Seguridad Ciudadana del Estado de M\u00e9xico.\" src=\"http:\/\/porlalibre.info\/wp-content\/uploads\/2014\/04\/SSC_7205-1024x720.jpg\" width=\"474\" height=\"333\" \/><\/a><figcaption id=\"caption-attachment-467\" class=\"wp-caption-text\">Mayor coordinaci\u00f3n entre Polic\u00eda Federal, y Secretar\u00eda de Seguridad Ciudadana del Estado de M\u00e9xico.<\/figcaption><\/figure>\n<p>\u201cLa suma del esfuerzo institucional es fundamental para alcanzar resultados; el ejercicio de confianza que se ha venido construyendo entre Marina, SEDENA, CISEN, PGR y la Polic\u00eda Federal, as\u00ed como los estados y municipios, es el primer escal\u00f3n para conseguir logros importantes\u201d, destac\u00f3 el Comisario.<\/p>\n<p>&nbsp;<\/p>\n<figure id=\"attachment_465\" aria-describedby=\"caption-attachment-465\" style=\"width: 474px\" class=\"wp-caption alignright\"><a href=\"http:\/\/porlalibre.info\/wp-content\/uploads\/2014\/04\/SSC_7071.jpg\"><img loading=\"lazy\" decoding=\"async\" class=\"size-large wp-image-465\" alt=\"REUNI\u00d3N DE COORDINACI\u00d3N DEL SECRETARIO DE SEGURIDAD CIUDADANA DEL ESTADO DE M\u00c9XICO, DAMI\u00c1N CANALES MENA Y EL COMISARIO DE LA POLIC\u00cdA FEDERAL, ENRIQUE GALINDO CEBALLOS\" src=\"http:\/\/porlalibre.info\/wp-content\/uploads\/2014\/04\/SSC_7071-1024x640.jpg\" width=\"474\" height=\"296\" \/><\/a><figcaption id=\"caption-attachment-465\" class=\"wp-caption-text\">REUNI\u00d3N DE COORDINACI\u00d3N DEL SECRETARIO DE SEGURIDAD CIUDADANA DEL ESTADO DE M\u00c9XICO, DAMI\u00c1N CANALES MENA Y EL COMISARIO DE LA POLIC\u00cdA FEDERAL, ENRIQUE GALINDO CEBALLOS<\/figcaption><\/figure>\n<p>En el marco de \u00a0la reuni\u00f3n se\u00a0establecieron estrategias de trabajo y, adem\u00e1s, se pusieron a disposici\u00f3n los recursos materiales y humanos de ambas de pendencias para cumplir\u00a0con las instrucciones de los gobiernos federal y estatal en el sentido de brindar una mayor protecci\u00f3n y seguridad a la poblaci\u00f3n.<\/p>\n<p>Canales Mena agradeci\u00f3 el respaldo de la Comisi\u00f3n Nacional de Seguridad (CNS) y de su titular Monte Alejandro Rubido Garc\u00eda, y<\/p>\n<p><!--more-->resalt\u00f3 la importancia de aprovechar los apoyos que puede aportar la Polic\u00eda Federal para fortalecer a la corporaci\u00f3n estatal, adem\u00e1s enfatiz\u00f3 que el compromiso de la SSC es y ser\u00e1 la lealtad a la sociedad mexiquense.<\/p>\n<p id=\"yui_3_13_0_1_1397497937455_4913\">\n<p id=\"yui_3_13_0_1_1397497937455_4915\">\u201cLa voluntad de los participantes en la estrategia de seguridad que implementan de manera coordinada el Gobierno de la Rep\u00fablica y el Gobierno Estatal, es el elemento que permitir\u00e1 cumplir cabalmente con el inter\u00e9s com\u00fan de regresarle la seguridad a los habitantes del estado de M\u00e9xico\u201d, asegur\u00f3 Canales Mena.<\/p>\n<p id=\"yui_3_13_0_1_1397497937455_4916\">\n<p id=\"yui_3_13_0_1_1397497937455_4918\">Con este tipo de trabajos los Gobiernos de la Rep\u00fablica y del Estado de M\u00e9xico refrendan el compromiso de trabajar de manera coordinada para mantener la tranquilidad de los mexiquenses.<\/p>\n","protected":false},"excerpt":{"rendered":"<p>En una reuni\u00f3n de trabajo para la coordinaci\u00f3n y fortalecimiento de acciones, encabezada por el Comisario General de la Polic\u00eda Federal, Enrique Galindo Ceballos, y el titular de la Secretar\u00eda de Seguridad Ciudadana (SSC) del Estado de M\u00e9xico, Dami\u00e1n Canales Mena, la dependencia federal ofreci\u00f3\u00a0a los mandos operativos de la corporaci\u00f3n estatal cursos de capacitaci\u00f3n, [&hellip;]<\/p>\n","protected":false},"author":2,"featured_media":0,"comment_status":"open","ping_status":"open","sticky":false,"template":"","format":"standard","meta":{"footnotes":""},"categories":[1],"tags":[240,241,180,242],"class_list":{"0":"post-464","1":"post","2":"type-post","3":"status-publish","4":"format-standard","6":"category-uncategorized","7":"tag-comisario-general","8":"tag-coordinacion-policia-federal-ssc","9":"tag-damian-canales-mena","10":"tag-enrique-galindo-ceballos"},"wps_subtitle":"","_links":{"self":[{"href":"https:\/\/www.porlalibreedomex.com\/index.php?rest_route=\/wp\/v2\/posts\/464","targetHints":{"allow":["GET"]}}],"collection":[{"href":"https:\/\/www.porlalibreedomex.com\/index.php?rest_route=\/wp\/v2\/posts"}],"about":[{"href":"https:\/\/www.porlalibreedomex.com\/index.php?rest_route=\/wp\/v2\/types\/post"}],"author":[{"embeddable":true,"href":"https:\/\/www.porlalibreedomex.com\/index.php?rest_route=\/wp\/v2\/users\/2"}],"replies":[{"embeddable":true,"href":"https:\/\/www.porlalibreedomex.com\/index.php?rest_route=%2Fwp%2Fv2%2Fcomments&post=464"}],"version-history":[{"count":0,"href":"https:\/\/www.porlalibreedomex.com\/index.php?rest_route=\/wp\/v2\/posts\/464\/revisions"}],"wp:attachment":[{"href":"https:\/\/www.porlalibreedomex.com\/index.php?rest_route=%2Fwp%2Fv2%2Fmedia&parent=464"}],"wp:term":[{"taxonomy":"category","embeddable":true,"href":"https:\/\/www.porlalibreedomex.com\/index.php?rest_route=%2Fwp%2Fv2%2Fcategories&post=464"},{"taxonomy":"post_tag","embeddable":true,"href":"https:\/\/www.porlalibreedomex.com\/index.php?rest_route=%2Fwp%2Fv2%2Ftags&post=464"}],"curies":[{"name":"wp","href":"https:\/\/api.w.org\/{rel}","templated":true}]}}