{"id":46171,"date":"2020-12-17T01:02:57","date_gmt":"2020-12-17T07:02:57","guid":{"rendered":"https:\/\/www.porlalibreedomex.com\/?p=46171"},"modified":"2020-12-17T01:02:57","modified_gmt":"2020-12-17T07:02:57","slug":"egresado-de-la-uaem-obtiene-el-premio-nacional-francisco-javier-clavijero","status":"publish","type":"post","link":"https:\/\/www.porlalibreedomex.com\/?p=46171","title":{"rendered":"EGRESADO DE LA UAEM OBTIENE EL PREMIO NACIONAL FRANCISCO JAVIER CLAVIJERO"},"content":{"rendered":"<p style=\"font-weight: 400;\"><strong>\u00a0<\/strong><\/p>\n<ul style=\"font-weight: 400;\">\n<li><em>Este reconocimiento evidencia que en la Aut\u00f3noma mexiquense se realiza investigaci\u00f3n de vanguardia y, por supuesto, la calidad acad\u00e9mica de la planta docente, en este caso de la Facultad de Humanidades.\u00a0<\/em><\/li>\n<\/ul>\n<p style=\"font-weight: 400;\"><strong><em>\u00a0<\/em><\/strong><\/p>\n<p style=\"font-weight: 400;\"><strong>Toluca, M\u00e9xico, 16 de diciembre de 2020<\/strong>.\u00a0Luis Fernando Vivero Dom\u00ednguez, egresado de la Facultad de Humanidades de la Universidad Aut\u00f3noma del Estado de M\u00e9xico, obtuvo el Premio Nacional Francisco Javier Clavijero a Mejor Tesis de Licenciatura, en el marco de los 35 premios del Instituto Nacional de Antropolog\u00eda e Historia 2020.<\/p>\n<p style=\"font-weight: 400;\">El Licenciado en Historia gan\u00f3 este galard\u00f3n con el trabajo \u201cEl clero de la Provincia de la Plata: din\u00e1mica parroquial y conflicto social en Sultepec, Temascaltepec y Zacualpan en el siglo XVIII\u201d, mediante el cual estudi\u00f3 las relaciones que estableci\u00f3 el clero parroquial con los feligreses de dicha zona.<\/p>\n<p style=\"font-weight: 400;\">Vivero Dom\u00ednguez resalt\u00f3 que \u201cson pocos los trabajos enfocados en investigar el clero parroquial. Normalmente los estudios sobre la iglesia del periodo virreinal est\u00e1n enfocados en grandes acontecimientos, como la Independencia, el alto clero y la figura de los arzobispos, pero pocas veces hay inter\u00e9s en los sacerdotes y p\u00e1rrocos, quienes est\u00e1n m\u00e1s cerca de la sociedad\u201d.<\/p>\n<p style=\"font-weight: 400;\">Abund\u00f3 que en el inicio de su trabajo de investigaci\u00f3n not\u00f3 que no se hab\u00eda puesto inter\u00e9s en el clero de la zona. Los trabajos acad\u00e9micos est\u00e1n enfocados principalmente en la miner\u00eda y aspectos pol\u00edticos, as\u00ed que el suyo es un proyecto novedoso.<\/p>\n<p style=\"font-weight: 400;\">Durante el periodo virreinal, puntualiz\u00f3, los sacerdotes tuvieron un papel importante en la pol\u00edtica, influyeron en las decisiones locales de la vida econ\u00f3mica y se involucraron en la miner\u00eda. \u201cLos estudi\u00e9 desde un punto de vista humano, alejado de los estereotipos, ya que fueron fundamentales en la vida local. Ignorarlos implica seguir con una visi\u00f3n reducida de la vida en aquellos tiempos\u201d.<\/p>\n<p style=\"font-weight: 400;\">Este premio, consider\u00f3, evidencia que en la UAEM se realiza investigaci\u00f3n de vanguardia y, por supuesto, la calidad acad\u00e9mica de la planta docente, en este caso de la Facultad de Humanidades.<\/p>\n<p style=\"font-weight: 400;\">Cabe destacar que Luis Fernando obtuvo una menci\u00f3n honor\u00edfica, a Mejor Tesis de Licenciatura en Ciencias Sociales y Humanidades, en el Premio Nacional Luis Gonz\u00e1lez y Gonz\u00e1lez de El Colegio de Michoac\u00e1n.<\/p>\n","protected":false},"excerpt":{"rendered":"<p>\u00a0 Este reconocimiento evidencia que en la Aut\u00f3noma mexiquense se realiza investigaci\u00f3n de vanguardia y, por supuesto, la calidad acad\u00e9mica de la planta docente, en este caso de la Facultad de Humanidades.\u00a0 \u00a0 Toluca, M\u00e9xico, 16 de diciembre de 2020.\u00a0Luis Fernando Vivero Dom\u00ednguez, egresado de la Facultad de Humanidades de la Universidad Aut\u00f3noma del Estado [&hellip;]<\/p>\n","protected":false},"author":3,"featured_media":46172,"comment_status":"open","ping_status":"open","sticky":false,"template":"","format":"standard","meta":{"footnotes":""},"categories":[9148,16],"tags":[20993,20991,20992],"class_list":{"0":"post-46171","1":"post","2":"type-post","3":"status-publish","4":"format-standard","5":"has-post-thumbnail","7":"category-educacion","8":"category-foto","9":"tag-galardonan-a-egresado-de-la-uaem","10":"tag-luis-fernando-vivero-dominguez","11":"tag-premio-francisco-javier-clavijero"},"wps_subtitle":"","_links":{"self":[{"href":"https:\/\/www.porlalibreedomex.com\/index.php?rest_route=\/wp\/v2\/posts\/46171","targetHints":{"allow":["GET"]}}],"collection":[{"href":"https:\/\/www.porlalibreedomex.com\/index.php?rest_route=\/wp\/v2\/posts"}],"about":[{"href":"https:\/\/www.porlalibreedomex.com\/index.php?rest_route=\/wp\/v2\/types\/post"}],"author":[{"embeddable":true,"href":"https:\/\/www.porlalibreedomex.com\/index.php?rest_route=\/wp\/v2\/users\/3"}],"replies":[{"embeddable":true,"href":"https:\/\/www.porlalibreedomex.com\/index.php?rest_route=%2Fwp%2Fv2%2Fcomments&post=46171"}],"version-history":[{"count":1,"href":"https:\/\/www.porlalibreedomex.com\/index.php?rest_route=\/wp\/v2\/posts\/46171\/revisions"}],"predecessor-version":[{"id":46173,"href":"https:\/\/www.porlalibreedomex.com\/index.php?rest_route=\/wp\/v2\/posts\/46171\/revisions\/46173"}],"wp:featuredmedia":[{"embeddable":true,"href":"https:\/\/www.porlalibreedomex.com\/index.php?rest_route=\/wp\/v2\/media\/46172"}],"wp:attachment":[{"href":"https:\/\/www.porlalibreedomex.com\/index.php?rest_route=%2Fwp%2Fv2%2Fmedia&parent=46171"}],"wp:term":[{"taxonomy":"category","embeddable":true,"href":"https:\/\/www.porlalibreedomex.com\/index.php?rest_route=%2Fwp%2Fv2%2Fcategories&post=46171"},{"taxonomy":"post_tag","embeddable":true,"href":"https:\/\/www.porlalibreedomex.com\/index.php?rest_route=%2Fwp%2Fv2%2Ftags&post=46171"}],"curies":[{"name":"wp","href":"https:\/\/api.w.org\/{rel}","templated":true}]}}