{"id":45640,"date":"2020-11-29T01:00:45","date_gmt":"2020-11-29T07:00:45","guid":{"rendered":"https:\/\/www.porlalibreedomex.com\/?p=45640"},"modified":"2020-11-30T01:00:59","modified_gmt":"2020-11-30T07:00:59","slug":"derechos-civiles-y-politicos-los-mas-afectados-en-el-contexto-de-la-pandemia-de-covid-dr-jose-carlos-de-bartolome","status":"publish","type":"post","link":"https:\/\/www.porlalibreedomex.com\/?p=45640","title":{"rendered":"DERECHOS CIVILES Y POL\u00cdTICOS, LOS M\u00c1S AFECTADOS EN EL CONTEXTO DE LA PANDEMIA DE COVID: DR. JOS\u00c9 CARLOS DE BARTOLOM\u00c9"},"content":{"rendered":"<p align=\"center\"><strong>\u00a0<\/strong><\/p>\n<ul>\n<li><i><strong>El 3er Congreso Internacional de Derechos Humanos<\/strong> cerr\u00f3 con la conferencia magistral \u201cRespuestas sociales y constitucionales a las amenazas contra la vida y los derechos humanos\u201d, impartida por el doctor Jos\u00e9 Carlos <\/i><i>de Bartolom\u00e9 Cenzano.<\/i><\/li>\n<li><i>El constitucionalista espa\u00f1ol advirti\u00f3 que la afectaci\u00f3n a los derechos civiles en el marco de la pandemia incrementa la inconformidad de las personas con los gobiernos ante la inconsistente respuesta a la emergencia.<\/i><\/li>\n<\/ul>\n<p>&nbsp;<\/p>\n<p><b>Toluca, Estado de M\u00e9xico, 29 de noviembre de 2020.-\u00a0<\/b>El doctor Jos\u00e9 Carlos de Bartolom\u00e9 Cenzano, de la Universidad de Valencia, Espa\u00f1a, dict\u00f3 la conferencia magistral de cierre del 3er Congreso Internacional de Derechos Humanos, efectuado del 24 al 27 de noviembre por la Comisi\u00f3n de Derechos Humanos del Estado de M\u00e9xico (Codhem), presidida por el doctor Jorge Olvera Garc\u00eda.<\/p>\n<p>Al exponer el tema\u00a0\u201cRespuestas sociales y constitucionales a las amenazas contra la vida y los derechos humanos\u201d, el Dr. De Bartolom\u00e9 Cenzano asegur\u00f3 que la pandemia de Covid-19 \u201clleg\u00f3 como las 10 plagas del \u00e9xodo de Mois\u00e9s\u201d y se disemin\u00f3 de forma tan vertiginosa y violenta que tom\u00f3 por sorpresa y sin estrategia, a personas y gobiernos.<\/p>\n<p>La respuesta al fen\u00f3meno \u2013de acuerdo\u00a0a\u00a0su an\u00e1lisis\u2013 present\u00f3 cuatro fases: la ignorancia, la b\u00fasqueda de retrovirales, los Equipos de Protecci\u00f3n Personal (EPIS) y el confinamiento. En dicho contexto, dijo, los primeros que sufrieron afectaciones fueron los derechos civiles y pol\u00edticos, como los que protegen el libre tr\u00e1nsito, la residencia, la libre reuni\u00f3n, incluso con las personas m\u00e1s cercanas.<\/p>\n<p>Tras hacer un recorrido hist\u00f3rico por la creaci\u00f3n de los instrumentos internacionales y el marco jur\u00eddico que sustenta los derechos humanos de los siglos XX y XXI en el mundo, De Bartolom\u00e9 explic\u00f3\u00a0\u201cla pandemia nos ha recordado la importancia del planeta, desde el punto de vista de la salud de los ecosistemas. La enfermedad que nos agobia y muchas otras son producto de la degradaci\u00f3n de los h\u00e1bitats y el destrozo de los procesos naturales, en pos del capital.\u201d<\/p>\n<p>Consider\u00f3 que como sociedad nos corresponde \u201chacer un esfuerzo conjunto para mantener vivo y sano al planeta, tomar conciencia de la relaci\u00f3n entre econom\u00eda-virus-naturaleza y derechos, y exigir a los gobiernos la puesta en pr\u00e1ctica de medidas urgentes\u201d, como la regulaci\u00f3n o desaparici\u00f3n de pr\u00e1cticas\u00a0que ponen en riesgo a la humanidad y que implican la negaci\u00f3n de cualquier derecho humano.<\/p>\n<p>En el 3er\u00a0Congreso Internacional Desaf\u00edos in\u00e9ditos para los Derechos Humanos en el contexto de la pandemia de COVID-19, participaron 33 expertos de varios pa\u00edses que analizaron y presentaron sus conclusiones, acerca de las amenazas y las respuestas a la pandemia, tanto de parte de las autoridades como de todas las personas en el mundo.<\/p>\n<p>Todas las ponencias y conferencias magistrales est\u00e1n disponibles en la secci\u00f3n de videos del canal de Youtube de la Codhem:<b><\/b><\/p>\n<p><a href=\"https:\/\/www.youtube.com\/c\/CODHEMOficial\/videos\" target=\"_blank\" rel=\"nofollow noopener noreferrer\" data-saferedirecturl=\"https:\/\/www.google.com\/url?q=https:\/\/www.youtube.com\/c\/CODHEMOficial\/videos&amp;source=gmail&amp;ust=1606805695229000&amp;usg=AFQjCNGywOWhkkXJFisiLBaqNyDgxtN71Q\">https:\/\/www.youtube.com\/c\/<wbr \/>CODHEMOficial\/videos<\/a>.<\/p>\n","protected":false},"excerpt":{"rendered":"<p>\u00a0 El 3er Congreso Internacional de Derechos Humanos cerr\u00f3 con la conferencia magistral \u201cRespuestas sociales y constitucionales a las amenazas contra la vida y los derechos humanos\u201d, impartida por el doctor Jos\u00e9 Carlos de Bartolom\u00e9 Cenzano. El constitucionalista espa\u00f1ol advirti\u00f3 que la afectaci\u00f3n a los derechos civiles en el marco de la pandemia incrementa la [&hellip;]<\/p>\n","protected":false},"author":3,"featured_media":45641,"comment_status":"open","ping_status":"open","sticky":false,"template":"","format":"standard","meta":{"footnotes":""},"categories":[16,9149],"tags":[17,20710,20711],"class_list":{"0":"post-45640","1":"post","2":"type-post","3":"status-publish","4":"format-standard","5":"has-post-thumbnail","7":"category-foto","8":"category-policiaca","9":"tag-codhem","10":"tag-desafios-a-los-derechos-humanos","11":"tag-dr-de-bartolome-cenzano"},"wps_subtitle":"","_links":{"self":[{"href":"https:\/\/www.porlalibreedomex.com\/index.php?rest_route=\/wp\/v2\/posts\/45640","targetHints":{"allow":["GET"]}}],"collection":[{"href":"https:\/\/www.porlalibreedomex.com\/index.php?rest_route=\/wp\/v2\/posts"}],"about":[{"href":"https:\/\/www.porlalibreedomex.com\/index.php?rest_route=\/wp\/v2\/types\/post"}],"author":[{"embeddable":true,"href":"https:\/\/www.porlalibreedomex.com\/index.php?rest_route=\/wp\/v2\/users\/3"}],"replies":[{"embeddable":true,"href":"https:\/\/www.porlalibreedomex.com\/index.php?rest_route=%2Fwp%2Fv2%2Fcomments&post=45640"}],"version-history":[{"count":1,"href":"https:\/\/www.porlalibreedomex.com\/index.php?rest_route=\/wp\/v2\/posts\/45640\/revisions"}],"predecessor-version":[{"id":45642,"href":"https:\/\/www.porlalibreedomex.com\/index.php?rest_route=\/wp\/v2\/posts\/45640\/revisions\/45642"}],"wp:featuredmedia":[{"embeddable":true,"href":"https:\/\/www.porlalibreedomex.com\/index.php?rest_route=\/wp\/v2\/media\/45641"}],"wp:attachment":[{"href":"https:\/\/www.porlalibreedomex.com\/index.php?rest_route=%2Fwp%2Fv2%2Fmedia&parent=45640"}],"wp:term":[{"taxonomy":"category","embeddable":true,"href":"https:\/\/www.porlalibreedomex.com\/index.php?rest_route=%2Fwp%2Fv2%2Fcategories&post=45640"},{"taxonomy":"post_tag","embeddable":true,"href":"https:\/\/www.porlalibreedomex.com\/index.php?rest_route=%2Fwp%2Fv2%2Ftags&post=45640"}],"curies":[{"name":"wp","href":"https:\/\/api.w.org\/{rel}","templated":true}]}}