{"id":45637,"date":"2020-11-29T00:54:01","date_gmt":"2020-11-29T06:54:01","guid":{"rendered":"https:\/\/www.porlalibreedomex.com\/?p=45637"},"modified":"2020-11-30T00:54:22","modified_gmt":"2020-11-30T06:54:22","slug":"resalta-gaby-gamboa-embellecimiento-del-pueblo-magico","status":"publish","type":"post","link":"https:\/\/www.porlalibreedomex.com\/?p=45637","title":{"rendered":"RESALTA GABY GAMBOA EMBELLECIMIENTO DEL PUEBLO M\u00c1GICO"},"content":{"rendered":"<ul>\n<li><strong>Destaca los trabajos realizados en la cabecera municipal.<\/strong><\/li>\n<\/ul>\n<p><strong>Metepec, M\u00e9xico; 29 de noviembre de 2020.<\/strong> En el marco de la presentaci\u00f3n de su Segundo Informe de Gobierno, la alcaldesa de Metepec, Gaby Gamboa S\u00e1nchez, resalt\u00f3 las acciones realizadas para embellecer y dignificar la imagen del Pueblo M\u00e1gico.<\/p>\n<p>Se trata dijo, de hacer un recuento de resultados que tienen que ver en este caso, con el rescate y preservaci\u00f3n de la identidad, as\u00ed como la promoci\u00f3n tur\u00edstica de la cabecera municipal que conlleva la reactivaci\u00f3n econ\u00f3mica tan necesaria en esta etapa de pandemia.<\/p>\n<p>El Programa de Acciones para el Desarrollo (PAD), se lleva a cabo, subray\u00f3, con recursos gestionados directamente ante el Gobierno Estatal.<\/p>\n<p>El monto para el proyecto es de 10 millones 109 mil 423 pesos, inversi\u00f3n que tiene como prop\u00f3sito, preservar a \u201cMetepec M\u00e1gico\u201d a trav\u00e9s de la rehabilitaci\u00f3n de la imagen urbana de los Barrios de San Miguel y Santiaguito.<\/p>\n<p>Las obras ejecutadas tiene como resultado el mejoramiento del aspecto de 300 fachadas, beneficiando en forma directa a 2 mil 330 habitantes.<\/p>\n<p>Gamboa S\u00e1nchez, asever\u00f3 que las acciones de promoci\u00f3n tur\u00edstica continuar\u00e1n en el 2021, exaltando la vocaci\u00f3n tur\u00edstica en beneficio de toda la poblaci\u00f3n.<\/p>\n","protected":false},"excerpt":{"rendered":"<p>Destaca los trabajos realizados en la cabecera municipal. Metepec, M\u00e9xico; 29 de noviembre de 2020. En el marco de la presentaci\u00f3n de su Segundo Informe de Gobierno, la alcaldesa de Metepec, Gaby Gamboa S\u00e1nchez, resalt\u00f3 las acciones realizadas para embellecer y dignificar la imagen del Pueblo M\u00e1gico. Se trata dijo, de hacer un recuento de [&hellip;]<\/p>\n","protected":false},"author":3,"featured_media":45638,"comment_status":"open","ping_status":"open","sticky":false,"template":"","format":"standard","meta":{"footnotes":""},"categories":[16,9145],"tags":[20708,20709,20707],"class_list":{"0":"post-45637","1":"post","2":"type-post","3":"status-publish","4":"format-standard","5":"has-post-thumbnail","7":"category-foto","8":"category-general","9":"tag-acciones-para-el-desarrollo","10":"tag-embellecimiento-de-metepec","11":"tag-gira-de-la-alcaldesa"},"wps_subtitle":"","_links":{"self":[{"href":"https:\/\/www.porlalibreedomex.com\/index.php?rest_route=\/wp\/v2\/posts\/45637","targetHints":{"allow":["GET"]}}],"collection":[{"href":"https:\/\/www.porlalibreedomex.com\/index.php?rest_route=\/wp\/v2\/posts"}],"about":[{"href":"https:\/\/www.porlalibreedomex.com\/index.php?rest_route=\/wp\/v2\/types\/post"}],"author":[{"embeddable":true,"href":"https:\/\/www.porlalibreedomex.com\/index.php?rest_route=\/wp\/v2\/users\/3"}],"replies":[{"embeddable":true,"href":"https:\/\/www.porlalibreedomex.com\/index.php?rest_route=%2Fwp%2Fv2%2Fcomments&post=45637"}],"version-history":[{"count":1,"href":"https:\/\/www.porlalibreedomex.com\/index.php?rest_route=\/wp\/v2\/posts\/45637\/revisions"}],"predecessor-version":[{"id":45639,"href":"https:\/\/www.porlalibreedomex.com\/index.php?rest_route=\/wp\/v2\/posts\/45637\/revisions\/45639"}],"wp:featuredmedia":[{"embeddable":true,"href":"https:\/\/www.porlalibreedomex.com\/index.php?rest_route=\/wp\/v2\/media\/45638"}],"wp:attachment":[{"href":"https:\/\/www.porlalibreedomex.com\/index.php?rest_route=%2Fwp%2Fv2%2Fmedia&parent=45637"}],"wp:term":[{"taxonomy":"category","embeddable":true,"href":"https:\/\/www.porlalibreedomex.com\/index.php?rest_route=%2Fwp%2Fv2%2Fcategories&post=45637"},{"taxonomy":"post_tag","embeddable":true,"href":"https:\/\/www.porlalibreedomex.com\/index.php?rest_route=%2Fwp%2Fv2%2Ftags&post=45637"}],"curies":[{"name":"wp","href":"https:\/\/api.w.org\/{rel}","templated":true}]}}