{"id":44716,"date":"2020-11-02T00:01:43","date_gmt":"2020-11-02T06:01:43","guid":{"rendered":"https:\/\/www.porlalibreedomex.com\/?p=44716"},"modified":"2020-11-02T00:01:43","modified_gmt":"2020-11-02T06:01:43","slug":"imparte-icati-mas-de-mil-633-cursos-a-mexiquenses-para-impulsar-el-empleo-formal","status":"publish","type":"post","link":"https:\/\/www.porlalibreedomex.com\/?p=44716","title":{"rendered":"IMPARTE ICATI M\u00c1S DE MIL 633 CURSOS A MEXIQUENSES PARA IMPULSAR EL EMPLEO FORMAL"},"content":{"rendered":"<p>&nbsp;<\/p>\n<ul>\n<li><em><strong>Preside Secretaria del Trabajo, Martha Hilda Gonz\u00e1lez Calder\u00f3n, reuni\u00f3n con directivos y l\u00edderes sindicales de Spring Air M\u00e9xico.<\/strong><\/em><\/li>\n<li><em><strong>Informa que en esta era laboral se ha desarrollado un nuevo modelo educativo, con sistemas tecnol\u00f3gicos que permiten dar cursos y servicios en l\u00ednea.<\/strong><\/em><\/li>\n<\/ul>\n<p>&nbsp;<\/p>\n<p><strong>Toluca, Estado de M\u00e9xico, 1 de noviembre de 2020.<\/strong> El Instituto de Capacitaci\u00f3n y Adiestramiento para el Trabajo Industrial (ICATI), ha impartido mil 633 cursos a 26 mil 155 mexiquenses, de los cuales 2 mil 408 han sido vinculados a un empleo formal.<\/p>\n<p>As\u00ed lo manifest\u00f3 la Secretaria del Trabajo, Martha Hilda Gonz\u00e1lez Calder\u00f3n, quien agreg\u00f3 que en esta era laboral, se ha desarrollado un nuevo modelo educativo, con sistemas tecnol\u00f3gicos que permiten dar cursos y servicios en l\u00ednea.<\/p>\n<p><a href=\"https:\/\/www.porlalibreedomex.com\/wp-content\/uploads\/2020\/11\/EDAYO-Capacitaci\u00f3n-Edom\u00e9xWhatsApp-Image-2020-11-01-at-12.23.43-PM.jpeg\"><img loading=\"lazy\" decoding=\"async\" class=\"aligncenter size-large wp-image-44719\" src=\"https:\/\/www.porlalibreedomex.com\/wp-content\/uploads\/2020\/11\/EDAYO-Capacitaci\u00f3n-Edom\u00e9xWhatsApp-Image-2020-11-01-at-12.23.43-PM-1024x682.jpeg\" alt=\"\" width=\"800\" height=\"533\" srcset=\"https:\/\/www.porlalibreedomex.com\/wp-content\/uploads\/2020\/11\/EDAYO-Capacitaci\u00f3n-Edom\u00e9xWhatsApp-Image-2020-11-01-at-12.23.43-PM.jpeg 1024w, https:\/\/www.porlalibreedomex.com\/wp-content\/uploads\/2020\/11\/EDAYO-Capacitaci\u00f3n-Edom\u00e9xWhatsApp-Image-2020-11-01-at-12.23.43-PM-300x200.jpeg 300w, https:\/\/www.porlalibreedomex.com\/wp-content\/uploads\/2020\/11\/EDAYO-Capacitaci\u00f3n-Edom\u00e9xWhatsApp-Image-2020-11-01-at-12.23.43-PM-768x512.jpeg 768w\" sizes=\"auto, (max-width: 800px) 100vw, 800px\" \/><\/a><\/p>\n<p>Al reunirse con el Director General de la empresa Spring Air M\u00e9xico, Abraham Cohen Kibrit, y l\u00edderes sindicales de la Federaci\u00f3n Revolucionaria de Empleados y Trabajadores (FRET), la funcionaria estatal habl\u00f3 sobre la capacitaci\u00f3n que se ofrece, con el prop\u00f3sito de que las empresas cuenten con personal calificado para una vacante.<\/p>\n<p>Al visitar el corporativo, dijo que la buena relaci\u00f3n entre autoridades estatales, sindicatos y empresarios fortalece la estabilidad laboral en el Estado de M\u00e9xico, al tiempo de presentar los servicios y programas con que cuenta la Secretar\u00eda del Trabajo.<\/p>\n<p>La funcionaria estatal subray\u00f3 que el objetivo es mantener la coordinaci\u00f3n y comunicaci\u00f3n entre los factores de la producci\u00f3n para cumplir eficazmente con la impartici\u00f3n de justicia laboral.<\/p>\n<p>En presencia de Alejandra Mondrag\u00f3n Orozco, Secretaria de la Federaci\u00f3n Revolucionaria de Empleados y Trabajadores (FRET), subray\u00f3 que el di\u00e1logo y la conciliaci\u00f3n son la mejor f\u00f3rmula para dirimir los conflictos de cualquier \u00edndole.<\/p>\n<p><a href=\"https:\/\/www.porlalibreedomex.com\/wp-content\/uploads\/2020\/11\/La-Secretaria-del-Trabajo-supervis\u00f3-capacitaci\u00f3n-para-los-trabajadores-a-trav\u00e9s-del-ICATI-2020-11-01.jpeg\"><img loading=\"lazy\" decoding=\"async\" class=\"aligncenter size-large wp-image-44717\" src=\"https:\/\/www.porlalibreedomex.com\/wp-content\/uploads\/2020\/11\/La-Secretaria-del-Trabajo-supervis\u00f3-capacitaci\u00f3n-para-los-trabajadores-a-trav\u00e9s-del-ICATI-2020-11-01-1024x682.jpeg\" alt=\"\" width=\"800\" height=\"533\" srcset=\"https:\/\/www.porlalibreedomex.com\/wp-content\/uploads\/2020\/11\/La-Secretaria-del-Trabajo-supervis\u00f3-capacitaci\u00f3n-para-los-trabajadores-a-trav\u00e9s-del-ICATI-2020-11-01.jpeg 1024w, https:\/\/www.porlalibreedomex.com\/wp-content\/uploads\/2020\/11\/La-Secretaria-del-Trabajo-supervis\u00f3-capacitaci\u00f3n-para-los-trabajadores-a-trav\u00e9s-del-ICATI-2020-11-01-300x200.jpeg 300w, https:\/\/www.porlalibreedomex.com\/wp-content\/uploads\/2020\/11\/La-Secretaria-del-Trabajo-supervis\u00f3-capacitaci\u00f3n-para-los-trabajadores-a-trav\u00e9s-del-ICATI-2020-11-01-768x512.jpeg 768w\" sizes=\"auto, (max-width: 800px) 100vw, 800px\" \/><\/a>Tras conocer los protocolos que llevan a cabo ante la emergencia sanitaria por COVID-19, Gonz\u00e1lez Calder\u00f3n realiz\u00f3 un recorrido por sus instalaciones, en el que conoci\u00f3 los procesos de producci\u00f3n.<\/p>\n<p>Por \u00faltimo, hizo un reconocimiento a los l\u00edderes y representantes de los sectores obrero y patronal, por la estabilidad que se registra entre los factores de la producci\u00f3n en el Estado de M\u00e9xico, lo cual fue fundamental para resistir ante los embates de la pandemia por COVID-19.<\/p>\n","protected":false},"excerpt":{"rendered":"<p>&nbsp; Preside Secretaria del Trabajo, Martha Hilda Gonz\u00e1lez Calder\u00f3n, reuni\u00f3n con directivos y l\u00edderes sindicales de Spring Air M\u00e9xico. Informa que en esta era laboral se ha desarrollado un nuevo modelo educativo, con sistemas tecnol\u00f3gicos que permiten dar cursos y servicios en l\u00ednea. &nbsp; Toluca, Estado de M\u00e9xico, 1 de noviembre de 2020. El Instituto [&hellip;]<\/p>\n","protected":false},"author":3,"featured_media":44718,"comment_status":"open","ping_status":"open","sticky":false,"template":"","format":"standard","meta":{"footnotes":""},"categories":[9146,16],"tags":[20241,20242,13104],"class_list":{"0":"post-44716","1":"post","2":"type-post","3":"status-publish","4":"format-standard","5":"has-post-thumbnail","7":"category-economia","8":"category-foto","9":"tag-capacitacion-para-el-trabajo-icati","10":"tag-empleo-formal-edomex","11":"tag-martha-hilda-gonzalez"},"wps_subtitle":"","_links":{"self":[{"href":"https:\/\/www.porlalibreedomex.com\/index.php?rest_route=\/wp\/v2\/posts\/44716","targetHints":{"allow":["GET"]}}],"collection":[{"href":"https:\/\/www.porlalibreedomex.com\/index.php?rest_route=\/wp\/v2\/posts"}],"about":[{"href":"https:\/\/www.porlalibreedomex.com\/index.php?rest_route=\/wp\/v2\/types\/post"}],"author":[{"embeddable":true,"href":"https:\/\/www.porlalibreedomex.com\/index.php?rest_route=\/wp\/v2\/users\/3"}],"replies":[{"embeddable":true,"href":"https:\/\/www.porlalibreedomex.com\/index.php?rest_route=%2Fwp%2Fv2%2Fcomments&post=44716"}],"version-history":[{"count":1,"href":"https:\/\/www.porlalibreedomex.com\/index.php?rest_route=\/wp\/v2\/posts\/44716\/revisions"}],"predecessor-version":[{"id":44720,"href":"https:\/\/www.porlalibreedomex.com\/index.php?rest_route=\/wp\/v2\/posts\/44716\/revisions\/44720"}],"wp:featuredmedia":[{"embeddable":true,"href":"https:\/\/www.porlalibreedomex.com\/index.php?rest_route=\/wp\/v2\/media\/44718"}],"wp:attachment":[{"href":"https:\/\/www.porlalibreedomex.com\/index.php?rest_route=%2Fwp%2Fv2%2Fmedia&parent=44716"}],"wp:term":[{"taxonomy":"category","embeddable":true,"href":"https:\/\/www.porlalibreedomex.com\/index.php?rest_route=%2Fwp%2Fv2%2Fcategories&post=44716"},{"taxonomy":"post_tag","embeddable":true,"href":"https:\/\/www.porlalibreedomex.com\/index.php?rest_route=%2Fwp%2Fv2%2Ftags&post=44716"}],"curies":[{"name":"wp","href":"https:\/\/api.w.org\/{rel}","templated":true}]}}