{"id":44711,"date":"2020-11-01T23:50:16","date_gmt":"2020-11-02T05:50:16","guid":{"rendered":"https:\/\/www.porlalibreedomex.com\/?p=44711"},"modified":"2020-11-01T23:50:16","modified_gmt":"2020-11-02T05:50:16","slug":"suman-difem-y-asistencia-privada-esfuerzos-para-tener-infancia-sana-y-protegida-en-el-edomex-%e2%80%a2","status":"publish","type":"post","link":"https:\/\/www.porlalibreedomex.com\/?p=44711","title":{"rendered":"SUMAN DIFEM Y ASISTENCIA PRIVADA ESFUERZOS PARA TENER INFANCIA SANA Y PROTEGIDA EN EL EDOM\u00c9X  \u2022"},"content":{"rendered":"<ul>\n<li><em><strong> Visita DIF estatal Casa Hogar Nazareos en Tultepec y Fundaci\u00f3n DB en Huixquilucan, para constatar situaci\u00f3n jur\u00eddica de ni\u00f1os y adolescentes albergados.<\/strong><\/em><\/li>\n<li><em><strong>Entrega DIFEM apoyos alimentarios y vacunas en Centros de Asistencia Social para proteger a infantes ante bajas temperaturas.<\/strong><\/em><\/li>\n<\/ul>\n<p>&nbsp;<\/p>\n<p><strong>Tultepec, Estado de M\u00e9xico, 1 de noviembre de 2020.<\/strong> Con el prop\u00f3sito de fortalecer las acciones para proteger y hacer valer los derechos de la infancia que habita en Centros de Asistencia Social, el DIF Estado de M\u00e9xico (DIFEM), que preside Fernanda Castillo de Del Mazo, supervisa y coordina acciones con Instituciones de Asistencia Privada, a fin de garantizar que el desarrollo de ni\u00f1as, ni\u00f1os y adolescentes sea en un ambiente de amor y bienestar.<\/p>\n<p>Al visitar la Casa Hogar Nazareos y Fundaci\u00f3n DB, donde se albergan infantes y adolescentes, el Director General del DIFEM, Miguel \u00c1ngel Torres Cabello, refiri\u00f3 que cumpliendo con la premisa de cuidar el bienestar integral de la infancia mexiquense, as\u00ed como de continuar con el compromiso permanente de su Presidenta Honoraria, Fernanda Castillo de Del Mazo, el organismo est\u00e1 verificando la situaci\u00f3n jur\u00eddica, as\u00ed como las condiciones e instalaciones de estos espacios que est\u00e1n constituidos formalmente.<\/p>\n<p><a href=\"https:\/\/www.porlalibreedomex.com\/wp-content\/uploads\/2020\/11\/Suma-de-esfuerzos-en-EDOM\u00e9x-para-tener-infancia-sana-y-protegida-2020-11-01.jpeg\"><img loading=\"lazy\" decoding=\"async\" class=\"aligncenter size-large wp-image-44713\" src=\"https:\/\/www.porlalibreedomex.com\/wp-content\/uploads\/2020\/11\/Suma-de-esfuerzos-en-EDOM\u00e9x-para-tener-infancia-sana-y-protegida-2020-11-01-1024x638.jpeg\" alt=\"\" width=\"800\" height=\"498\" srcset=\"https:\/\/www.porlalibreedomex.com\/wp-content\/uploads\/2020\/11\/Suma-de-esfuerzos-en-EDOM\u00e9x-para-tener-infancia-sana-y-protegida-2020-11-01-1024x638.jpeg 1024w, https:\/\/www.porlalibreedomex.com\/wp-content\/uploads\/2020\/11\/Suma-de-esfuerzos-en-EDOM\u00e9x-para-tener-infancia-sana-y-protegida-2020-11-01-300x187.jpeg 300w, https:\/\/www.porlalibreedomex.com\/wp-content\/uploads\/2020\/11\/Suma-de-esfuerzos-en-EDOM\u00e9x-para-tener-infancia-sana-y-protegida-2020-11-01-768x478.jpeg 768w, https:\/\/www.porlalibreedomex.com\/wp-content\/uploads\/2020\/11\/Suma-de-esfuerzos-en-EDOM\u00e9x-para-tener-infancia-sana-y-protegida-2020-11-01.jpeg 1280w\" sizes=\"auto, (max-width: 800px) 100vw, 800px\" \/><\/a><\/p>\n<p>Agreg\u00f3 que el organismo asistencial mantiene una estrecha comunicaci\u00f3n, para apoyar en la atenci\u00f3n de los peque\u00f1os, y, en ese sentido, para cuidar su salud durante la temporada invernal, se reforzar\u00e1 la aplicaci\u00f3n de la vacuna contra la influenza, as\u00ed como la entrega de canastas alimentarias y cobertores.<\/p>\n<p>Al recorrer la Casa Hogar Nazareos, el funcionario estatal, en compa\u00f1\u00eda de Cristel Pozas Serrano, Procuradora de Protecci\u00f3n de Ni\u00f1as, Ni\u00f1os y Adolescentes del DIF mexiquense, reconoci\u00f3 el altruismo y vocaci\u00f3n de voluntarios dirigidos por Juan Ram\u00f3n Casta\u00f1eda Garc\u00eda, Presidente Fundador, en donde se brindan servicios multidisciplinarios como atenci\u00f3n m\u00e9dica, psicol\u00f3gica, pedag\u00f3gica, odontol\u00f3gica y de estimulaci\u00f3n, al igual que alimentaci\u00f3n y vestido por medio de donaciones.<\/p>\n<p>De igual forma, destac\u00f3 que en la Casa Hogar de Ellas DB, la cual opera en el municipio de Huixquilucan, a cargo de Raquel Gerson, Presidenta de la Fundaci\u00f3n DB y Mariel Balbuena Reyes, Directora de esta casa, se atiende a poblaci\u00f3n femenina de los tres hasta los 17 a\u00f1os de edad, con la intenci\u00f3n de integrarlas a un n\u00facleo familiar, vida productiva e inclusi\u00f3n social mediante la atenci\u00f3n b\u00e1sica de sus necesidades, formaci\u00f3n escolar y capacitaci\u00f3n.<\/p>\n<p><a href=\"https:\/\/www.porlalibreedomex.com\/wp-content\/uploads\/2020\/11\/DIFEM-suma-de-esfuerzos-2020-11-01-at-11.52.52-AM.jpeg\"><img loading=\"lazy\" decoding=\"async\" class=\"aligncenter size-full wp-image-44714\" src=\"https:\/\/www.porlalibreedomex.com\/wp-content\/uploads\/2020\/11\/DIFEM-suma-de-esfuerzos-2020-11-01-at-11.52.52-AM.jpeg\" alt=\"\" width=\"846\" height=\"506\" srcset=\"https:\/\/www.porlalibreedomex.com\/wp-content\/uploads\/2020\/11\/DIFEM-suma-de-esfuerzos-2020-11-01-at-11.52.52-AM.jpeg 846w, https:\/\/www.porlalibreedomex.com\/wp-content\/uploads\/2020\/11\/DIFEM-suma-de-esfuerzos-2020-11-01-at-11.52.52-AM-300x179.jpeg 300w, https:\/\/www.porlalibreedomex.com\/wp-content\/uploads\/2020\/11\/DIFEM-suma-de-esfuerzos-2020-11-01-at-11.52.52-AM-768x459.jpeg 768w\" sizes=\"auto, (max-width: 846px) 100vw, 846px\" \/><\/a><\/p>\n<p>Torres Cabello destac\u00f3 que para Fernanda Castillo de Del Mazo, enlazar humanismo interinstitucional sobre todo en momentos dif\u00edciles como el que se est\u00e1 viviendo a causa de la pandemia mundial por COVID-19, es de suma importancia para fortalecer los programas encaminados a salvaguardar el desarrollo de los m\u00e1s vulnerables.<\/p>\n<p>En este sentido, recalc\u00f3 el compromiso del DIFEM de continuar conjugando voluntades para vigilar, estudiar y atender cada caso de los menores de edad, mediante la Procuradur\u00eda de Protecci\u00f3n de Ni\u00f1as Ni\u00f1os y Adolescentes del DIFEM, y con ello, resolver su situaci\u00f3n jur\u00eddica y propiciar su integraci\u00f3n.<\/p>\n<p>Por \u00faltimo, destac\u00f3 que adem\u00e1s de auxiliar en necesidades b\u00e1sicas de ambos Centros, el DIFEM entreg\u00f3 pintura, impermeabilizante y juguetes para estas instituciones.<\/p>\n","protected":false},"excerpt":{"rendered":"<p>Visita DIF estatal Casa Hogar Nazareos en Tultepec y Fundaci\u00f3n DB en Huixquilucan, para constatar situaci\u00f3n jur\u00eddica de ni\u00f1os y adolescentes albergados. Entrega DIFEM apoyos alimentarios y vacunas en Centros de Asistencia Social para proteger a infantes ante bajas temperaturas. &nbsp; Tultepec, Estado de M\u00e9xico, 1 de noviembre de 2020. Con el prop\u00f3sito de fortalecer [&hellip;]<\/p>\n","protected":false},"author":3,"featured_media":44712,"comment_status":"open","ping_status":"open","sticky":false,"template":"","format":"standard","meta":{"footnotes":""},"categories":[9157,16],"tags":[20240,20239,20238,20237],"class_list":{"0":"post-44711","1":"post","2":"type-post","3":"status-publish","4":"format-standard","5":"has-post-thumbnail","7":"category-edomex","8":"category-foto","9":"tag-casa-hogas-nazareos","10":"tag-difem-y-asistencia-privada","11":"tag-fundacion-db","12":"tag-miguel-angel-torres"},"wps_subtitle":"","_links":{"self":[{"href":"https:\/\/www.porlalibreedomex.com\/index.php?rest_route=\/wp\/v2\/posts\/44711","targetHints":{"allow":["GET"]}}],"collection":[{"href":"https:\/\/www.porlalibreedomex.com\/index.php?rest_route=\/wp\/v2\/posts"}],"about":[{"href":"https:\/\/www.porlalibreedomex.com\/index.php?rest_route=\/wp\/v2\/types\/post"}],"author":[{"embeddable":true,"href":"https:\/\/www.porlalibreedomex.com\/index.php?rest_route=\/wp\/v2\/users\/3"}],"replies":[{"embeddable":true,"href":"https:\/\/www.porlalibreedomex.com\/index.php?rest_route=%2Fwp%2Fv2%2Fcomments&post=44711"}],"version-history":[{"count":1,"href":"https:\/\/www.porlalibreedomex.com\/index.php?rest_route=\/wp\/v2\/posts\/44711\/revisions"}],"predecessor-version":[{"id":44715,"href":"https:\/\/www.porlalibreedomex.com\/index.php?rest_route=\/wp\/v2\/posts\/44711\/revisions\/44715"}],"wp:featuredmedia":[{"embeddable":true,"href":"https:\/\/www.porlalibreedomex.com\/index.php?rest_route=\/wp\/v2\/media\/44712"}],"wp:attachment":[{"href":"https:\/\/www.porlalibreedomex.com\/index.php?rest_route=%2Fwp%2Fv2%2Fmedia&parent=44711"}],"wp:term":[{"taxonomy":"category","embeddable":true,"href":"https:\/\/www.porlalibreedomex.com\/index.php?rest_route=%2Fwp%2Fv2%2Fcategories&post=44711"},{"taxonomy":"post_tag","embeddable":true,"href":"https:\/\/www.porlalibreedomex.com\/index.php?rest_route=%2Fwp%2Fv2%2Ftags&post=44711"}],"curies":[{"name":"wp","href":"https:\/\/api.w.org\/{rel}","templated":true}]}}