{"id":44040,"date":"2020-10-11T00:22:01","date_gmt":"2020-10-11T05:22:01","guid":{"rendered":"https:\/\/www.porlalibreedomex.com\/?p=44040"},"modified":"2020-10-12T00:22:23","modified_gmt":"2020-10-12T05:22:23","slug":"resalta-gem-tradiciones-de-la-comunidad-matlazinca","status":"publish","type":"post","link":"https:\/\/www.porlalibreedomex.com\/?p=44040","title":{"rendered":"RESALTA GEM TRADICIONES DE LA COMUNIDAD MATLAZINCA"},"content":{"rendered":"<ul>\n<li><em><strong>Fomenta la preservaci\u00f3n de la cultura y el respeto de sus derechos.<\/strong><\/em><\/li>\n<li><em><strong>Expone su historia y costumbres mediante la presentaci\u00f3n de ofrendas y rituales.<\/strong><\/em><\/li>\n<li><em><strong>Resalta el v\u00ednculo de colaboraci\u00f3n entre los pueblos originarios y el gobierno estatal.<\/strong><\/em><\/li>\n<\/ul>\n<p>&nbsp;<\/p>\n<p><strong>Temascaltepec, Estado de M\u00e9xico, 11 de octubre de 2020.<\/strong> Para el Gobierno del Estado de M\u00e9xico, que encabeza Alfredo Del Mazo Maza, impulsar y procurar los derechos de los pueblos ind\u00edgenas, naturales y migrantes, es un compromiso que se refrenda de manera permanente, con el objetivo de que sus ra\u00edces hist\u00f3ricas y costumbres se desarrollen ya que son parte fundamental de la sociedad mexiquense.<\/p>\n<p>Por tal motivo, el Consejo Estatal para el Desarrollo Integral de los Pueblos Ind\u00edgenas del Estado de M\u00e9xico (CEDIPIEM), organismo sectorizado a la Secretar\u00eda de Desarrollo Social, trabaja de manera coordinada con las comunidades originarias para que su legado e identidad cuenten con un reconocimiento y que su cultura perdure por m\u00e1s generaciones.<\/p>\n<p><a href=\"https:\/\/www.porlalibreedomex.com\/wp-content\/uploads\/2020\/10\/Cultura-Matlazinca-Edom\u00e9x-2020-10-11-at-1.05.44-PM.jpeg\"><img loading=\"lazy\" decoding=\"async\" class=\"aligncenter size-large wp-image-44043\" src=\"https:\/\/www.porlalibreedomex.com\/wp-content\/uploads\/2020\/10\/Cultura-Matlazinca-Edom\u00e9x-2020-10-11-at-1.05.44-PM-1024x682.jpeg\" alt=\"\" width=\"800\" height=\"533\" srcset=\"https:\/\/www.porlalibreedomex.com\/wp-content\/uploads\/2020\/10\/Cultura-Matlazinca-Edom\u00e9x-2020-10-11-at-1.05.44-PM-1024x682.jpeg 1024w, https:\/\/www.porlalibreedomex.com\/wp-content\/uploads\/2020\/10\/Cultura-Matlazinca-Edom\u00e9x-2020-10-11-at-1.05.44-PM-300x200.jpeg 300w, https:\/\/www.porlalibreedomex.com\/wp-content\/uploads\/2020\/10\/Cultura-Matlazinca-Edom\u00e9x-2020-10-11-at-1.05.44-PM-768x512.jpeg 768w, https:\/\/www.porlalibreedomex.com\/wp-content\/uploads\/2020\/10\/Cultura-Matlazinca-Edom\u00e9x-2020-10-11-at-1.05.44-PM.jpeg 1280w\" sizes=\"auto, (max-width: 800px) 100vw, 800px\" \/><\/a><\/p>\n<p>\u201cSer ind\u00edgena es parte de que uno es nacido de aqu\u00ed, el lugar que estoy sirviendo, el compromiso que tenemos aqu\u00ed, las costumbres que tenemos como el cambio de la iglesia, siempre me invitan a participar como jefe y como hablante\u201d, declar\u00f3 Aureliano Mart\u00ednez Hern\u00e1ndez, Jefe Supremo matlazinca de la comunidad de San Francisco Oxtotilpan.<\/p>\n<p>Asimismo, Mart\u00ednez Hern\u00e1ndez destac\u00f3 que \u201caqu\u00ed el Gobernador tambi\u00e9n se preocupa, tuvimos una reuni\u00f3n con \u00e9l, siempre nos ha involucrado de ense\u00f1ar a nuestra familia. CEDIPIEM tambi\u00e9n est\u00e1n preocupados por nosotros, con los apoyos y siempre est\u00e1n apegados con nosotros o nosotros con ello estamos apegados\u201d.<\/p>\n<p><a href=\"https:\/\/www.porlalibreedomex.com\/wp-content\/uploads\/2020\/10\/Presente-la-cultura-Matlazinca-en-Edom\u00e9x-2020-10-11.jpeg\"><img loading=\"lazy\" decoding=\"async\" class=\"aligncenter size-large wp-image-44041\" src=\"https:\/\/www.porlalibreedomex.com\/wp-content\/uploads\/2020\/10\/Presente-la-cultura-Matlazinca-en-Edom\u00e9x-2020-10-11-682x1024.jpeg\" alt=\"\" width=\"682\" height=\"1024\" srcset=\"https:\/\/www.porlalibreedomex.com\/wp-content\/uploads\/2020\/10\/Presente-la-cultura-Matlazinca-en-Edom\u00e9x-2020-10-11-682x1024.jpeg 682w, https:\/\/www.porlalibreedomex.com\/wp-content\/uploads\/2020\/10\/Presente-la-cultura-Matlazinca-en-Edom\u00e9x-2020-10-11-200x300.jpeg 200w, https:\/\/www.porlalibreedomex.com\/wp-content\/uploads\/2020\/10\/Presente-la-cultura-Matlazinca-en-Edom\u00e9x-2020-10-11-768x1152.jpeg 768w, https:\/\/www.porlalibreedomex.com\/wp-content\/uploads\/2020\/10\/Presente-la-cultura-Matlazinca-en-Edom\u00e9x-2020-10-11.jpeg 853w\" sizes=\"auto, (max-width: 682px) 100vw, 682px\" \/><\/a><\/p>\n<p>Finalmente, como representante de su comunidad ante las instancias gubernamentales, puntualiz\u00f3 que \u201ces muy importante y me interesa mucho seguir ense\u00f1\u00e1ndole a las personas que quieran venir a saber y aprender algo, estoy en la mejor manera de ense\u00f1arles\u201d.<\/p>\n<p>Por su parte, CEDIPIEM ratific\u00f3 el v\u00ednculo estrecho que existe entre los pueblos ind\u00edgenas y el Gobierno estatal, as\u00ed como el fortalecimiento de las estrategias y programas que fomenten su difusi\u00f3n, revaloraci\u00f3n de la cultura y cosmovisi\u00f3n con total apego al respeto de sus derechos, valores y tradiciones.<\/p>\n","protected":false},"excerpt":{"rendered":"<p>Fomenta la preservaci\u00f3n de la cultura y el respeto de sus derechos. Expone su historia y costumbres mediante la presentaci\u00f3n de ofrendas y rituales. Resalta el v\u00ednculo de colaboraci\u00f3n entre los pueblos originarios y el gobierno estatal. &nbsp; Temascaltepec, Estado de M\u00e9xico, 11 de octubre de 2020. Para el Gobierno del Estado de M\u00e9xico, que [&hellip;]<\/p>\n","protected":false},"author":3,"featured_media":44042,"comment_status":"open","ping_status":"open","sticky":false,"template":"","format":"standard","meta":{"footnotes":""},"categories":[9157,16],"tags":[17739,19905,11909],"class_list":{"0":"post-44040","1":"post","2":"type-post","3":"status-publish","4":"format-standard","5":"has-post-thumbnail","7":"category-edomex","8":"category-foto","9":"tag-cedipiem","10":"tag-edomex-cultura-matlazinca","11":"tag-secretaria-de-desarrollo-social"},"wps_subtitle":"","_links":{"self":[{"href":"https:\/\/www.porlalibreedomex.com\/index.php?rest_route=\/wp\/v2\/posts\/44040","targetHints":{"allow":["GET"]}}],"collection":[{"href":"https:\/\/www.porlalibreedomex.com\/index.php?rest_route=\/wp\/v2\/posts"}],"about":[{"href":"https:\/\/www.porlalibreedomex.com\/index.php?rest_route=\/wp\/v2\/types\/post"}],"author":[{"embeddable":true,"href":"https:\/\/www.porlalibreedomex.com\/index.php?rest_route=\/wp\/v2\/users\/3"}],"replies":[{"embeddable":true,"href":"https:\/\/www.porlalibreedomex.com\/index.php?rest_route=%2Fwp%2Fv2%2Fcomments&post=44040"}],"version-history":[{"count":1,"href":"https:\/\/www.porlalibreedomex.com\/index.php?rest_route=\/wp\/v2\/posts\/44040\/revisions"}],"predecessor-version":[{"id":44044,"href":"https:\/\/www.porlalibreedomex.com\/index.php?rest_route=\/wp\/v2\/posts\/44040\/revisions\/44044"}],"wp:featuredmedia":[{"embeddable":true,"href":"https:\/\/www.porlalibreedomex.com\/index.php?rest_route=\/wp\/v2\/media\/44042"}],"wp:attachment":[{"href":"https:\/\/www.porlalibreedomex.com\/index.php?rest_route=%2Fwp%2Fv2%2Fmedia&parent=44040"}],"wp:term":[{"taxonomy":"category","embeddable":true,"href":"https:\/\/www.porlalibreedomex.com\/index.php?rest_route=%2Fwp%2Fv2%2Fcategories&post=44040"},{"taxonomy":"post_tag","embeddable":true,"href":"https:\/\/www.porlalibreedomex.com\/index.php?rest_route=%2Fwp%2Fv2%2Ftags&post=44040"}],"curies":[{"name":"wp","href":"https:\/\/api.w.org\/{rel}","templated":true}]}}