{"id":43942,"date":"2020-10-08T01:13:47","date_gmt":"2020-10-08T06:13:47","guid":{"rendered":"https:\/\/www.porlalibreedomex.com\/?p=43942"},"modified":"2020-10-09T01:14:08","modified_gmt":"2020-10-09T06:14:08","slug":"maullidos-urbanos-coincidencias-de-la-vida","status":"publish","type":"post","link":"https:\/\/www.porlalibreedomex.com\/?p=43942","title":{"rendered":"Maullidos Urbanos \/ Coincidencias de la vida"},"content":{"rendered":"<p>&nbsp;<\/p>\n<p><strong>Gato de Barrio<\/strong><\/p>\n<p align=\"right\"><strong><i><a href=\"mailto:gatodebarrio@yahoo.com.mx\" target=\"_blank\" rel=\"noopener noreferrer\">gatodebarrio@yahoo.com.mx<\/a><\/i><i><\/i><\/strong><\/p>\n<p><strong>A<\/strong>parentemente la vida nos presenta situaciones y coincidencias\u00a0\u00a0inesperadas que, en ocasiones, m\u00e1s parecen iron\u00edas inevitables. As\u00ed acaba de suceder con<strong> el deceso de Mario Molina, mexicano ganador del premio Nobel de Qu\u00edmica, y el paso del hurac\u00e1n\u00a0<i>Delta<\/i>\u00a0por la pen\u00ednsula de Yucat\u00e1n con la desaparici\u00f3n del Fondo Nacional de desastres.<\/strong><\/p>\n<p>Hasta el momento son tres los mexicanos galardonados con un premio Nobel: Alfonso Garc\u00eda Robles, de la Paz en 1982; Octavio Paz, de Literatura en 1990 y Jos\u00e9 Mario Molina Henr\u00edquez \u2013su nombre completo\u2013, de Qu\u00edmica en 1995, todos ya fallecidos.<\/p>\n<p>Molina naci\u00f3 en la Ciudad de M\u00e9xico el 19 de marzo de 1943, ingeniero qu\u00edmico mexicano egresado de la Universidad Nacional Aut\u00f3noma de M\u00e9xico, destacado por ser uno de los descubridores de las causas del agujero de ozono ant\u00e1rtico, cuya muerte se registr\u00f3 exactamente el d\u00eda que dio a conocer a las ganadoras del Nobel de Qu\u00edmica del a\u00f1o 2020..<\/p>\n<p>Al cient\u00edfico mexicano se le premi\u00f3 junto a Paul J. Crutzen y Frank Sherwood Rowland, el 11 de octubre de 1995 por su papel para explicar la amenaza que representan los gases de cloro, bromo, di\u00f3xido de carbono y otros a la capa de ozono de la Tierra.<\/p>\n<p>Por otro lado en la C\u00e1mara de Diputados se cancel\u00f3 el Fondo Nacional de Desastres (Fonden), precisamente cuando el hurac\u00e1n\u00a0<i>Delta<\/i>\u00a0atraves\u00f3 la zona norte de la Pen\u00ednsula de Yucat\u00e1n, donde si bien no se registraron p\u00e9rdidas de vidas humanas, los da\u00f1os materiales a\u00fan no se cuantificaban pero por experiencias anteriores se pueden anticipar de cuantiosos.<\/p>\n<p>Ahora las autoridades de Yucat\u00e1n y Quintana esperan ver c\u00f3mo funcionar\u00e1 la ayuda federal que antes proporcionaba el Fonden para la reconstrucci\u00f3n de los servicios m\u00e1s indispensables, pero en la C\u00e1mara de Diputados la mayor\u00eda de Morena votaba por terminar con todos los fideicomisos, donde los legisladores de oposici\u00f3n solo rescataron el de Salud para atender principalmente a personas sin seguridad social.<\/p>\n<p>A pesar de que la fracci\u00f3n del Partido del Trabajo, aliado de Morena, intent\u00f3 d\u00e9bilmente impedir la cancelaci\u00f3n del Fonden, la avasalladora aplanadora del partido oficial impuso su fuerza y anul\u00f3 el intento de defensa. Resta esperar a ver c\u00f3mo responder\u00e1 la federaci\u00f3n de forma \u00e1gil y oportuna para apoyar a los damnificados, tal como se comprometi\u00f3 el presidente.<\/p>\n<p>La vida ofrece coincidencias inesperadas, como la muerte de un destacado mexicano el mismo d\u00eda que se anuncia a sus sucesoras 25 a\u00f1os despu\u00e9s, pero tambi\u00e9n pone a prueba la palabra oficial de que ser\u00e1n atendidas las necesidades de los hoy damnificados.<\/p>\n","protected":false},"excerpt":{"rendered":"<p>&nbsp; Gato de Barrio gatodebarrio@yahoo.com.mx Aparentemente la vida nos presenta situaciones y coincidencias\u00a0\u00a0inesperadas que, en ocasiones, m\u00e1s parecen iron\u00edas inevitables. As\u00ed acaba de suceder con el deceso de Mario Molina, mexicano ganador del premio Nobel de Qu\u00edmica, y el paso del hurac\u00e1n\u00a0Delta\u00a0por la pen\u00ednsula de Yucat\u00e1n con la desaparici\u00f3n del Fondo Nacional de desastres. Hasta [&hellip;]<\/p>\n","protected":false},"author":3,"featured_media":43943,"comment_status":"open","ping_status":"open","sticky":false,"template":"","format":"standard","meta":{"footnotes":""},"categories":[23,16],"tags":[19855,19854,19853,293],"class_list":{"0":"post-43942","1":"post","2":"type-post","3":"status-publish","4":"format-standard","5":"has-post-thumbnail","7":"category-columna","8":"category-foto","9":"tag-alfonso-garcia-robles","10":"tag-mario-molina-henriquez","11":"tag-muere-premio-nobel","12":"tag-octavio-paz"},"wps_subtitle":"","_links":{"self":[{"href":"https:\/\/www.porlalibreedomex.com\/index.php?rest_route=\/wp\/v2\/posts\/43942","targetHints":{"allow":["GET"]}}],"collection":[{"href":"https:\/\/www.porlalibreedomex.com\/index.php?rest_route=\/wp\/v2\/posts"}],"about":[{"href":"https:\/\/www.porlalibreedomex.com\/index.php?rest_route=\/wp\/v2\/types\/post"}],"author":[{"embeddable":true,"href":"https:\/\/www.porlalibreedomex.com\/index.php?rest_route=\/wp\/v2\/users\/3"}],"replies":[{"embeddable":true,"href":"https:\/\/www.porlalibreedomex.com\/index.php?rest_route=%2Fwp%2Fv2%2Fcomments&post=43942"}],"version-history":[{"count":1,"href":"https:\/\/www.porlalibreedomex.com\/index.php?rest_route=\/wp\/v2\/posts\/43942\/revisions"}],"predecessor-version":[{"id":43944,"href":"https:\/\/www.porlalibreedomex.com\/index.php?rest_route=\/wp\/v2\/posts\/43942\/revisions\/43944"}],"wp:featuredmedia":[{"embeddable":true,"href":"https:\/\/www.porlalibreedomex.com\/index.php?rest_route=\/wp\/v2\/media\/43943"}],"wp:attachment":[{"href":"https:\/\/www.porlalibreedomex.com\/index.php?rest_route=%2Fwp%2Fv2%2Fmedia&parent=43942"}],"wp:term":[{"taxonomy":"category","embeddable":true,"href":"https:\/\/www.porlalibreedomex.com\/index.php?rest_route=%2Fwp%2Fv2%2Fcategories&post=43942"},{"taxonomy":"post_tag","embeddable":true,"href":"https:\/\/www.porlalibreedomex.com\/index.php?rest_route=%2Fwp%2Fv2%2Ftags&post=43942"}],"curies":[{"name":"wp","href":"https:\/\/api.w.org\/{rel}","templated":true}]}}