{"id":43928,"date":"2020-10-07T10:09:56","date_gmt":"2020-10-07T15:09:56","guid":{"rendered":"https:\/\/www.porlalibreedomex.com\/?p=43928"},"modified":"2020-10-08T10:11:14","modified_gmt":"2020-10-08T15:11:14","slug":"inaugura-el-rector-alfredo-barrera-cuarta-sala-de-lactancia-de-la-uaem","status":"publish","type":"post","link":"https:\/\/www.porlalibreedomex.com\/?p=43928","title":{"rendered":"INAUGURA EL RECTOR ALFREDO BARRERA CUARTA SALA DE LACTANCIA DE LA UAEM"},"content":{"rendered":"<blockquote><p>&nbsp;<\/p><\/blockquote>\n<p style=\"font-weight: 400;\"><strong>\u00a0<\/strong><\/p>\n<ul style=\"font-weight: 400;\">\n<li><em>El rector expres\u00f3 que este es un proyecto que crece a favor de las madres universitarias. Este espacio se suma a los que se encuentran en el Edificio Administrativo, la Facultad de Ciencias Pol\u00edticas y Sociales y el Centro Universitario UAEM Atlacomulco.<\/em><em>\u00a0<\/em><\/li>\n<\/ul>\n<p style=\"font-weight: 400;\"><strong><em>\u00a0<\/em><\/strong><\/p>\n<p style=\"font-weight: 400;\"><strong>Toluca, M\u00e9x. \u2013 07 de octubre de 2020.<\/strong>\u00a0En la Facultad de Enfermer\u00eda y Obstetricia, el rector Alfredo Barrera Baca inaugur\u00f3 la cuarta sala de lactancia de la Universidad\u00a0Aut\u00f3noma del Estado de M\u00e9xico, marco en el cual detall\u00f3 que este espacio se suma a los que se encuentran en el Edificio Administrativo, la Facultad de Ciencias Pol\u00edticas y Sociales y el Centro Universitario UAEM Atlacomulco.<\/p>\n<p style=\"font-weight: 400;\">Acompa\u00f1ado del secretario de Rector\u00eda, Juvenal Vargas Mu\u00f1oz, y la directora de este espacio universitario, Gloria \u00c1ngeles \u00c1vila, el rector expres\u00f3 que este es un proyecto que crece a favor de las madres universitarias.<\/p>\n<p style=\"font-weight: 400;\">\u201cLas salas de lactancia son un espacio privado, higi\u00e9nico y limpio que permite a las madres garantizar la provisi\u00f3n de leche materna. Ofrecen seguridad, certidumbre y felicidad a las familias de la comunidad universitaria\u201d.<\/p>\n<p style=\"font-weight: 400;\">Resalt\u00f3 que la lactancia materna mejora la salud f\u00edsica y mental de la madre y el hijo. Permite a los beb\u00e9s mejorar su sistema inmunol\u00f3gico, les ayuda a sortear alergias y favorece el mejor desarrollo de su sistema nervioso.<\/p>\n<p style=\"font-weight: 400;\">Adem\u00e1s, puntualiz\u00f3 Alfredo Barrera, las madres que amamantan a sus hijos ayudan a la conservaci\u00f3n del medio ambiente, ya que se evita el uso de 150 millones de envases por cada mill\u00f3n de beb\u00e9s alimentados mediante lactancia artificial.<\/p>\n<p style=\"font-weight: 400;\">En su momento, la titular de la Coordinaci\u00f3n Institucional de Equidad de G\u00e9nero (CIEG) de la UAEM, Roc\u00edo \u00c1lvarez Miranda, apunt\u00f3 que la habilitaci\u00f3n de lactarios surgi\u00f3 para asegurar la igualdad laboral de las mujeres universitarias y el derecho universal a la salud.<\/p>\n<p style=\"font-weight: 400;\">Afirm\u00f3 que con frecuencia, las mujeres dejan de amamantar a los ni\u00f1os antes de los seis primeros meses de vida como consecuencia de su reincorporaci\u00f3n al trabajo y algunos centros de trabajo no apoyan a las madres en este proceso.<\/p>\n<p style=\"font-weight: 400;\">Destac\u00f3 que la Administraci\u00f3n 2017-2021 mejora, con acciones concretas, las condiciones de vida de las mujeres universitarias y sus hijos. Los lactarios, finaliz\u00f3, tienen la posibilidad de permitir la lactancia o extracci\u00f3n de leche de manera c\u00f3moda, privada e higi\u00e9nica.<\/p>\n<p style=\"font-weight: 400;\">\n","protected":false},"excerpt":{"rendered":"<p>&nbsp; \u00a0 El rector expres\u00f3 que este es un proyecto que crece a favor de las madres universitarias. Este espacio se suma a los que se encuentran en el Edificio Administrativo, la Facultad de Ciencias Pol\u00edticas y Sociales y el Centro Universitario UAEM Atlacomulco.\u00a0 \u00a0 Toluca, M\u00e9x. \u2013 07 de octubre de 2020.\u00a0En la Facultad [&hellip;]<\/p>\n","protected":false},"author":3,"featured_media":43930,"comment_status":"open","ping_status":"open","sticky":false,"template":"","format":"standard","meta":{"footnotes":""},"categories":[9148,16],"tags":[],"class_list":{"0":"post-43928","1":"post","2":"type-post","3":"status-publish","4":"format-standard","5":"has-post-thumbnail","7":"category-educacion","8":"category-foto"},"wps_subtitle":"","_links":{"self":[{"href":"https:\/\/www.porlalibreedomex.com\/index.php?rest_route=\/wp\/v2\/posts\/43928","targetHints":{"allow":["GET"]}}],"collection":[{"href":"https:\/\/www.porlalibreedomex.com\/index.php?rest_route=\/wp\/v2\/posts"}],"about":[{"href":"https:\/\/www.porlalibreedomex.com\/index.php?rest_route=\/wp\/v2\/types\/post"}],"author":[{"embeddable":true,"href":"https:\/\/www.porlalibreedomex.com\/index.php?rest_route=\/wp\/v2\/users\/3"}],"replies":[{"embeddable":true,"href":"https:\/\/www.porlalibreedomex.com\/index.php?rest_route=%2Fwp%2Fv2%2Fcomments&post=43928"}],"version-history":[{"count":1,"href":"https:\/\/www.porlalibreedomex.com\/index.php?rest_route=\/wp\/v2\/posts\/43928\/revisions"}],"predecessor-version":[{"id":43931,"href":"https:\/\/www.porlalibreedomex.com\/index.php?rest_route=\/wp\/v2\/posts\/43928\/revisions\/43931"}],"wp:featuredmedia":[{"embeddable":true,"href":"https:\/\/www.porlalibreedomex.com\/index.php?rest_route=\/wp\/v2\/media\/43930"}],"wp:attachment":[{"href":"https:\/\/www.porlalibreedomex.com\/index.php?rest_route=%2Fwp%2Fv2%2Fmedia&parent=43928"}],"wp:term":[{"taxonomy":"category","embeddable":true,"href":"https:\/\/www.porlalibreedomex.com\/index.php?rest_route=%2Fwp%2Fv2%2Fcategories&post=43928"},{"taxonomy":"post_tag","embeddable":true,"href":"https:\/\/www.porlalibreedomex.com\/index.php?rest_route=%2Fwp%2Fv2%2Ftags&post=43928"}],"curies":[{"name":"wp","href":"https:\/\/api.w.org\/{rel}","templated":true}]}}