{"id":43620,"date":"2020-09-10T18:32:47","date_gmt":"2020-09-10T23:32:47","guid":{"rendered":"https:\/\/www.porlalibreedomex.com\/?p=43620"},"modified":"2020-09-10T20:14:23","modified_gmt":"2020-09-11T01:14:23","slug":"crea-codhem-la-visitaduria-general-de-atencion-especializada","status":"publish","type":"post","link":"https:\/\/www.porlalibreedomex.com\/?p=43620","title":{"rendered":"CREA CODHEM LA VISITADUR\u00cdA GENERAL DE ATENCI\u00d3N ESPECIALIZADA  \u00a0"},"content":{"rendered":"<div dir=\"ltr\">\n<div>\n<p>&nbsp;<\/p>\n<p><b>\u2022\u00a0\u00a0\u00a0\u00a0\u00a0\u00a0\u00a0\u00a0\u00a0\u00a0<\/b><i>Depender\u00e1n de \u00e9sta las nueve visitadur\u00edas de atenci\u00f3n a personas migrantes, violencia escolar, contra la discriminaci\u00f3n, de igualdad de g\u00e9nero, atenci\u00f3n a periodistas y comunicadores, trata de personas y desaparici\u00f3n forzada, atenci\u00f3n empresarial, a trabajadoras y trabajadores mexiquenses, y la de atenci\u00f3n a pueblos originarios.<\/i><\/p>\n<p><b>\u00a0<\/b><\/p>\n<p><b>Toluca, Estado de M\u00e9xico, 10 de septiembre de 2020.-<\/b>\u00a0Durante la sesi\u00f3n del Consejo Consultivo de la Comisi\u00f3n de Derechos Humanos del Estado de M\u00e9xico (Codhem), encabezada por el ombudsman Jorge Olvera Garc\u00eda, sus integrantes aprobaron por unanimidad el acuerdo de creaci\u00f3n de la Visitadur\u00eda General de Atenci\u00f3n Especializada, que aglutinar\u00e1 a las nueve visitadur\u00edas especializadas existentes, a fin de fortalecer la protecci\u00f3n de los derechos humanos mediante la atenci\u00f3n oportuna y eficiente de quejas que requiera la poblaci\u00f3n de grupos espec\u00edficos.<\/p>\n<p>Al frente de la nueva Visitadur\u00eda General fue asignada como responsable, Andrea Becerril Vald\u00e9s, quien hasta la fecha era la visitadora especializada de Igualdad de G\u00e9nero.<\/p>\n<p>El primer visitador general, V\u00edctor Delgado P\u00e9rez explic\u00f3 que en congruencia con el Plan de Desarrollo Institucional 2017-2021, se prioriza la atenci\u00f3n especializada a sectores que padecen la afectaci\u00f3n a sus derechos humanos a trav\u00e9s de nueve visitadur\u00edas adjuntas de atenci\u00f3n a personas migrantes, violencia escolar, contra la discriminaci\u00f3n, igualdad de g\u00e9nero, atenci\u00f3n a periodistas y comunicadores, trata de personas y desaparici\u00f3n forzada, atenci\u00f3n empresarial; promoci\u00f3n, divulgaci\u00f3n y protecci\u00f3n de los derechos laborales de los trabajadores mexiquenses, y atenci\u00f3n a pueblos originarios.<\/p>\n<p>Detall\u00f3 que cuando las visitadur\u00edas especializadas fueron creadas se incorporaron a las visitadur\u00edas regionales, sin embargo, por su naturaleza es pertinente tener un criterio estrat\u00e9gico de acuerdo con las necesidades y para proporcionar de mejor manera los servicios de la Comisi\u00f3n a quienes lo requieren, por ello, se crea la Visitadur\u00eda General de Atenci\u00f3n Especializada, de la cual depender\u00e1n, a fin de fortalecer la protecci\u00f3n a la dignidad humana.<\/p>\n<p>Durante la sesi\u00f3n ordinaria tambi\u00e9n fueron aprobados los acuerdos relativos a los Lineamientos para la Operatividad y Funcionamiento de las Actividades de Capacitaci\u00f3n y Promoci\u00f3n de los Derechos Humanos por parte de la Secretar\u00eda T\u00e9cnica y sobre la adici\u00f3n de numeral noveno al C\u00f3digo de \u00c9tica de las Personas Servidoras P\u00fablicas de la Codhem, referente a la eliminaci\u00f3n de la discriminaci\u00f3n, como lo se\u00f1ala la Norma Mexicana NMX-025-R-SCFI-2015.<\/p>\n<p>Asimismo, a propuesta de la consejera Carolina Santos Segundo de contar con un mapa de localizaci\u00f3n de pueblos ind\u00edgenas originarios, el presidente de la Comisi\u00f3n instruy\u00f3 a diversas \u00e1reas a realizar gestiones para signar un convenio general y espec\u00edfico con la Facultad de Geograf\u00eda de la UAEMex para elaborar un proyecto de georreferenciaci\u00f3n y tener un mapa exacto de su ubicaci\u00f3n, movimiento y caracter\u00edsticas, incluir el Cat\u00e1logo de Derechos Humanos y los m\u00e1s vulnerados de ese sector; as\u00ed como solicitar informes a los 64 municipios mexiquenses donde tienen presencia pueblos originarios y su actividad durante la pandemia por COVID-19.<\/p>\n<p>Al respecto, las consejeras del Consejo Consultivo Diana Mancilla \u00c1lvarez y Leticia Bravo S\u00e1nchez, reconocieron esta iniciativa, a fin de fortalecer la labor de la Codhem y dar un mejor servicio a la ciudadan\u00eda en diversas materias; al igual que la adici\u00f3n al C\u00f3digo de \u00c9tica, que promover\u00e1 el respeto entre compa\u00f1eros y compa\u00f1eras, jefes y subordinados de la Comisi\u00f3n.<\/p>\n<p>Por otra parte, la consejera Ver\u00f3nica G\u00f3mez Cer\u00f3n celebr\u00f3 el inicio del curso de capacitaci\u00f3n para certificar a las y los defensores municipales de derechos humanos, agradeci\u00f3 el apoyo de la Codhem al brindar capacitaci\u00f3n a diversos grupos sobre diferentes tem\u00e1ticas y expuso un caso de trata de personas; mientras que las consejeras Diana Mancilla y Leticia Bravo S\u00e1nchez se\u00f1alaron la necesidad de atender casos espec\u00edficos de violencia de g\u00e9nero y violencia digital, as\u00ed como la situaci\u00f3n de contagios de COVID-19 del personal de instituciones de salud por falta de insumos.<\/p>\n<\/div>\n<div class=\"yj6qo\"><\/div>\n<div class=\"adL\"><\/div>\n<\/div>\n<div class=\"adL\" dir=\"ltr\"><\/div>\n<div class=\"adL\" dir=\"ltr\"><\/div>\n","protected":false},"excerpt":{"rendered":"<p>&nbsp; \u2022\u00a0\u00a0\u00a0\u00a0\u00a0\u00a0\u00a0\u00a0\u00a0\u00a0Depender\u00e1n de \u00e9sta las nueve visitadur\u00edas de atenci\u00f3n a personas migrantes, violencia escolar, contra la discriminaci\u00f3n, de igualdad de g\u00e9nero, atenci\u00f3n a periodistas y comunicadores, trata de personas y desaparici\u00f3n forzada, atenci\u00f3n empresarial, a trabajadoras y trabajadores mexiquenses, y la de atenci\u00f3n a pueblos originarios. \u00a0 Toluca, Estado de M\u00e9xico, 10 de septiembre de [&hellip;]<\/p>\n","protected":false},"author":3,"featured_media":43534,"comment_status":"open","ping_status":"open","sticky":false,"template":"","format":"standard","meta":{"footnotes":""},"categories":[9157,16],"tags":[488,19728],"class_list":{"0":"post-43620","1":"post","2":"type-post","3":"status-publish","4":"format-standard","5":"has-post-thumbnail","7":"category-edomex","8":"category-foto","9":"tag-jorge-olvera-garcia","10":"tag-visitaduria-general-codhem"},"wps_subtitle":"SER\u00c1 UNA INSTANCIA \"PARARRAYOS\" DE LA CODHEM","_links":{"self":[{"href":"https:\/\/www.porlalibreedomex.com\/index.php?rest_route=\/wp\/v2\/posts\/43620","targetHints":{"allow":["GET"]}}],"collection":[{"href":"https:\/\/www.porlalibreedomex.com\/index.php?rest_route=\/wp\/v2\/posts"}],"about":[{"href":"https:\/\/www.porlalibreedomex.com\/index.php?rest_route=\/wp\/v2\/types\/post"}],"author":[{"embeddable":true,"href":"https:\/\/www.porlalibreedomex.com\/index.php?rest_route=\/wp\/v2\/users\/3"}],"replies":[{"embeddable":true,"href":"https:\/\/www.porlalibreedomex.com\/index.php?rest_route=%2Fwp%2Fv2%2Fcomments&post=43620"}],"version-history":[{"count":4,"href":"https:\/\/www.porlalibreedomex.com\/index.php?rest_route=\/wp\/v2\/posts\/43620\/revisions"}],"predecessor-version":[{"id":43628,"href":"https:\/\/www.porlalibreedomex.com\/index.php?rest_route=\/wp\/v2\/posts\/43620\/revisions\/43628"}],"wp:featuredmedia":[{"embeddable":true,"href":"https:\/\/www.porlalibreedomex.com\/index.php?rest_route=\/wp\/v2\/media\/43534"}],"wp:attachment":[{"href":"https:\/\/www.porlalibreedomex.com\/index.php?rest_route=%2Fwp%2Fv2%2Fmedia&parent=43620"}],"wp:term":[{"taxonomy":"category","embeddable":true,"href":"https:\/\/www.porlalibreedomex.com\/index.php?rest_route=%2Fwp%2Fv2%2Fcategories&post=43620"},{"taxonomy":"post_tag","embeddable":true,"href":"https:\/\/www.porlalibreedomex.com\/index.php?rest_route=%2Fwp%2Fv2%2Ftags&post=43620"}],"curies":[{"name":"wp","href":"https:\/\/api.w.org\/{rel}","templated":true}]}}