{"id":43612,"date":"2020-09-10T16:50:27","date_gmt":"2020-09-10T21:50:27","guid":{"rendered":"https:\/\/www.porlalibreedomex.com\/?p=43612"},"modified":"2020-09-10T16:58:36","modified_gmt":"2020-09-10T21:58:36","slug":"por-la-libre-para-tomar-en-cuenta-a-lopez-o-no-le-gusta-que-exhiban-sus-abusos","status":"publish","type":"post","link":"https:\/\/www.porlalibreedomex.com\/?p=43612","title":{"rendered":"POR LA LIBRE: PARA TOMAR EN CUENTA; A LOPEZ O. NO LE GUSTA QUE EXHIBAN SUS ABUSOS"},"content":{"rendered":"<div id=\"content\" class=\"site-content\">\n<div id=\"primary\" class=\"content-area\">\n<ul>\n<li>\n<figure id=\"attachment_24493\" aria-describedby=\"caption-attachment-24493\" style=\"width: 770px\" class=\"wp-caption aligncenter\"><a href=\"https:\/\/www.porlalibreedomex.com\/wp-content\/uploads\/2018\/07\/Bartlett-y-L\u00f3pez-Obrador.jpg\"><img loading=\"lazy\" decoding=\"async\" class=\"size-full wp-image-24493\" src=\"https:\/\/www.porlalibreedomex.com\/wp-content\/uploads\/2018\/07\/Bartlett-y-L\u00f3pez-Obrador.jpg\" alt=\"\" width=\"770\" height=\"513\" srcset=\"https:\/\/www.porlalibreedomex.com\/wp-content\/uploads\/2018\/07\/Bartlett-y-L\u00f3pez-Obrador.jpg 770w, https:\/\/www.porlalibreedomex.com\/wp-content\/uploads\/2018\/07\/Bartlett-y-L\u00f3pez-Obrador-300x200.jpg 300w, https:\/\/www.porlalibreedomex.com\/wp-content\/uploads\/2018\/07\/Bartlett-y-L\u00f3pez-Obrador-768x512.jpg 768w\" sizes=\"auto, (max-width: 770px) 100vw, 770px\" \/><\/a><figcaption id=\"caption-attachment-24493\" class=\"wp-caption-text\">Nombramiento inc\u00f3modo. L\u00f3pez Obrador y Manuel Bartlett (Foto archivo W Radio)<\/figcaption><\/figure>\n<p><strong>El gobierno promueve acciones de censura a trav\u00e9s de por lo menos cinco actitudes.<\/strong><\/li>\n<\/ul>\n<article id=\"post-4163\" class=\"post-4163 post type-post status-publish format-standard hentry category-covid-19\">\n<div class=\"entry-content\">\n<p class=\"p1\" data-adtags-visited=\"true\">De varias maneras, con insinuaciones y presiones, con calumnias y amenazas o a trav\u00e9s de ama\u00f1ados recursos administrativos, el gobierno est\u00e1 reconstruyendo mecanismos para acotar, y si se puede ahogar, la libertad de expresi\u00f3n. Al presidente y a muchos de los suyos les irritan las versiones que los contradicen, las opiniones cr\u00edticas, los otros datos.<\/p>\n<p class=\"p1\" data-adtags-visited=\"true\"><span class=\"Apple-converted-space\">\u00a0\u00a0\u00a0<\/span>El desacuerdo del poder pol\u00edtico con los medios que difunden contenidos que le incomodan es normal en las democracias y, cuando se expresa con argumentos e informaciones, puede contribuir a la deliberaci\u00f3n p\u00fablica. Pero al presidente L\u00f3pez Obrador no le gusta discutir: lo suyo es la pr\u00e9dica o, en otras circunstancias, las falsedades y el dicterio. Esa repulsi\u00f3n al contraste, los contrapesos y la diversidad \u2014es decir, a las reglas de la democracia\u2014 se traduce en acciones autoritarias que afectan la libertad en los medios de comunicaci\u00f3n.<\/p>\n<p class=\"p1\" data-adtags-visited=\"true\"><span class=\"Apple-converted-space\">\u00a0\u00a0\u00a0<\/span>El gobierno promueve acciones de censura a trav\u00e9s de por lo menos cinco actitudes.<span id=\"more-4163\"><\/span><\/p>\n<p class=\"p1\" data-adtags-visited=\"true\"><span class=\"Apple-converted-space\">\u00a0\u00a0\u00a0<\/span>a. El presidente ha creado un contexto de descalificaciones a la prensa cr\u00edtica. Las expresiones contra periodistas y medios de comunicaci\u00f3n que le disgustan han incluido adjetivos burlones y se\u00f1alamientos personales. En un pa\u00eds con el presidencialismo reconcentrado que tenemos en M\u00e9xico tales desacreditaciones son especialmente ominosas cuando se dicen en cadenas de televisi\u00f3n desde Palacio Nacional. Luego, hay empleados y ac\u00f3litos del presidente que las vulgarizan y multiplican en redes sociodigitales. Cuando reprende a periodistas y medios cuyas noticias y apreciaciones le incomodan, el presidente no ofrece datos diferentes ni refuta sus apreciaciones. En vez de ello, esparce murmuraciones sobre a las empresas y personas que difunden tales contenidos.<\/p>\n<p class=\"p1\" data-adtags-visited=\"true\"><span class=\"Apple-converted-space\">\u00a0\u00a0\u00a0<\/span>b. En el contexto as\u00ed creado, hay funcionarios de diversos rangos m\u00e1s que dispuestos a congraciarse con el presidente, intimidando o presionando a los medios y periodistas que lo han contrariado. Cuando el servilismo, la discrecionalidad y la ilegalidad se combinan, los resultados pueden ser muy riesgosos.<\/p>\n<p class=\"p1\" data-adtags-visited=\"true\"><span class=\"Apple-converted-space\">\u00a0\u00a0\u00a0<\/span>c. Las ganas de complacer al presidente, o para quedar bien con el gobierno, tambi\u00e9n se manifiestan fuera de la administraci\u00f3n p\u00fablica. En las empresas de comunicaci\u00f3n, sobre todo en \u00e9pocas de vicisitudes financieras como las que se experimentan ahora, es frecuente que haya quienes prefieren la complacencia, a la independencia. Los recursos del Estado, como fuentes para alimentar a los medios, pueden ser m\u00e1s atractivos que el respaldo o la confianza de la sociedad. De all\u00ed surgen casos de censura empresarial, o de autocensura.<\/p>\n<p class=\"p1\" data-adtags-visited=\"true\"><span class=\"Apple-converted-space\">\u00a0\u00a0\u00a0<\/span>d. El ejercicio de dinero p\u00fablico para recompensar y castigar a los medios sigue funcionando con el gasto de miles de millones de pesos que se ejerce de manera discrecional a trav\u00e9s de la publicidad oficial. El gobierno actual gasta en publicidad menos recursos que los anteriores pero con la misma discrecionalidad que desplegaban las gestiones del PRI y el PAN para favorecer o acorralar a los medios.<\/p>\n<p class=\"p1\" data-adtags-visited=\"true\"><span class=\"Apple-converted-space\">\u00a0\u00a0\u00a0<\/span>e. Para desacreditar a medios inc\u00f3modos se propalan mentiras sobre su situaci\u00f3n administrativa o sus finanzas, o se les atribuyen intereses que no tienen. En vez de transparencia en el ecosistema medi\u00e1tico y sus relaciones con el Estado, el gobierno tiende una nube de distorsiones y confusiones.<\/p>\n<p class=\"p1\" data-adtags-visited=\"true\"><span class=\"Apple-converted-space\">\u00a0\u00a0<\/span>Por otra parte, se mantiene e incluso se incrementa la violencia f\u00edsica contra periodistas que es perpetrada por grupos delincuenciales. El gobierno no propicia esas agresiones pero hace poco para enfrentarla. El Mecanismo de Protecci\u00f3n para Periodistas a cargo del gobierno federal recibe menos atenci\u00f3n que en gobiernos anteriores y sus recursos est\u00e1n constantemente en riesgo.<\/p>\n<p class=\"p1\" data-adtags-visited=\"true\"><span class=\"Apple-converted-space\">\u00a0\u00a0<\/span>Esas circunstancias han existido desde hace d\u00e9cadas pero el actual gobierno ha intensificado los amagos, especialmente contra medios y periodistas cr\u00edticos. El escenario es m\u00e1s peliagudo, adem\u00e1s, debido a la crisis de los medios que tienen menos ingresos publicitarios y con frecuencia audiencias m\u00e1s reducidas y que ha empeorado en la pandemia.<\/p>\n<p class=\"p1\" data-adtags-visited=\"true\"><span class=\"Apple-converted-space\">\u00a0\u00a0\u00a0<\/span>En medios muy diversos, desde el a\u00f1o pasado se registra un arrinconamiento de opinadores y periodistas cr\u00edticos con el gobierno, al mismo tiempo que las voces y plumas favorables a la llamada 4T reciben espacios m\u00e1s destacados. Los art\u00edculos deben ser m\u00e1s breves o de periodicidad m\u00e1s espaciada, los honorarios por ese trabajo disminuyen o desaparecen. Esas medidas se deben a decisiones empresariales que no se pueden atribuir a instrucciones directas del gobierno pero los propietarios y directivos de medios no son ajenos al desagrado presidencial con sus cr\u00edticos.<\/p>\n<p class=\"p1\" data-adtags-visited=\"true\"><span class=\"Apple-converted-space\">\u00a0\u00a0\u00a0<\/span>Hace poco Pablo Hiriart, cuyas apreciaciones cr\u00edticas respecto del presidente L\u00f3pez Obrador y su gobierno han sido perseverantes y consistentes, anunci\u00f3 que ahora sus colaboraciones en\u00a0<i>El Financiero\u00a0<\/i>se ocupar\u00e1n de la campa\u00f1a electoral en Estados Unidos. El 27 de agosto Leonardo Kourchenko escribi\u00f3 en ese peri\u00f3dico: \u201cEn semanas recientes el director de Informaci\u00f3n Pol\u00edtica de este diario decidi\u00f3 convertirse en corresponsal y trabajar en temas internacionales desde Miami. Pablo Hiriart lo anunci\u00f3 de forma p\u00fablica en estas p\u00e1ginas. \u00bfLo corrieron? No. \u00bfRecibi\u00f3 la sutil invitaci\u00f3n del r\u00e9gimen a abandonar el pa\u00eds? No \u2013que sepamos. Lo que s\u00ed sucedi\u00f3 fue el se\u00f1alamiento directo desde el p\u00falpito presidencial en contra de aquellos columnistas \u2018adversos a la transformaci\u00f3n\u2019 con nombre y apellido\u201d.<\/p>\n<p class=\"p1\" data-adtags-visited=\"true\"><span class=\"Apple-converted-space\">\u00a0\u00a0\u00a0<\/span>El acoso contra\u00a0<i>Nexos\u00a0<\/i>ha sido ampliamente conocido. La Secretar\u00eda de la Funci\u00f3n P\u00fablica le impuso una multa desproporcionada e inhabilit\u00f3 a la empresa que publica esa revista debido a una falta que no ha sido demostrada.\u00a0<i>Nexos<\/i>\u00a0ha publicado, y exhibi\u00f3 a las autoridades cuando se los pidieron, los documentos de pagos al INFONAVIT y al IMSS que seg\u00fan la SFP son irregulares. La Funci\u00f3n P\u00fablica rebusc\u00f3 en el historial administrativo de esa empresa una supuesta anomal\u00eda para magnificarla y lesionar con ello las finanzas y la fama p\u00fablica de\u00a0<i>Nexos<\/i>. Esa maniobra ha resultado fallida. A partir de la resoluci\u00f3n de la SFP y de la politizada defensa de ese caso que ha hecho la titular de esa Secretar\u00eda, la solidaridad con\u00a0<i>Nexos<\/i>\u00a0ha sido muy extendida, inclusive entre ciudadanos que han simpatizado con el actual gobierno. El intento para golpear a\u00a0<i>Nexos<\/i>\u00a0ocurre cuando esa revista ha publicado algunos de los diagn\u00f3sticos mejor documentados de la inhabilidad del gobierno en la atenci\u00f3n a la pandemia.<\/p>\n<p class=\"p1\" data-adtags-visited=\"true\"><span class=\"Apple-converted-space\">\u00a0\u00a0\u00a0<\/span>A ocho organizaciones sociales y a\u00a0<i>Animal Pol\u00edtico<\/i>, el gobierno los acusa de recibir financiamiento de fundaciones extranjeras para oponerse al Tren Maya. Si as\u00ed fuera, no ser\u00eda ilegal. El periodismo de investigaci\u00f3n y las organizaciones de la sociedad civil, en M\u00e9xico y otros sitios, se apoyan con \u00e9xito en fundaciones privadas. Pero la informaci\u00f3n que presentaron el viernes 28 de agosto el presidente y su coordinador de Comunicaci\u00f3n est\u00e1 plagada de falsedades. La Fundaci\u00f3n Kellog, por ejemplo, no depende de la empresa de cereales y tiene un funcionamiento aut\u00f3nomo. Sin embargo al presidente y al otro funcionario les pareci\u00f3 que all\u00ed estaba el hilo de una madeja conspirativa, son \u201clos que venden Corn Flakes y frutilupis\u201d que, claro, son comida chatarra como la que tanto enfada al gobierno.\u00a0<i>Animal Pol\u00edtico,\u00a0<\/i>que<i>\u00a0<\/i>ha indagado y denunciado estafas del poder pol\u00edtico, nunca fue vilipendiado por el gobierno de Pe\u00f1a Nieto como ahora le sucede con L\u00f3pez Obrador.<\/p>\n<p class=\"p1\" data-adtags-visited=\"true\"><span class=\"Apple-converted-space\">\u00a0\u00a0<\/span>La censura, de acuerdo con las definiciones contempor\u00e1neas, no se limita a la supervisi\u00f3n previa de contenidos ni a la prohibici\u00f3n para que circulen. Censura es el control sobre las informaciones que recibe la sociedad y que es ejercido por el Estado, o por alg\u00fan poder capaz de evitar que circulen o de afectar sus contenidos. Es, indica otra definici\u00f3n, cualquier \u201cproceso que abarca el bloqueo, la manipulaci\u00f3n y el control de todo el mensaje original o de parte de \u00e9l\u201d (O\u2019 Sullivan y otros,\u00a0<i>Conceptos clave en comunicaci\u00f3n y estudios culturales<\/i>). Hay censura directa como la restricci\u00f3n establecida antes de la circulaci\u00f3n de un medio, e indirecta que castiga a sus autores. Hay censura del Estado o del gobierno, y censura empresarial o ejercida por otros agentes con influencia suficiente. En M\u00e9xico la censura ha sido mulitifac\u00e9tica y omnipresente. La sociedad y los medios han ganado m\u00e1rgenes de libertad que no hubo durante casi todo el siglo pasado y, por eso, los indicios de censura reciente son tan graves.<\/p>\n<p class=\"p1\" data-adtags-visited=\"true\"><span class=\"Apple-converted-space\">\u00a0\u00a0\u00a0<\/span>La censura, para decirlo con sencillez y de acuerdo con una definici\u00f3n que circula ampliamente, es el uso del poder para controlar la libertad de expresi\u00f3n. Junto con episodios y\/o amagos recientes de censura, hay que deplorar la cara dura de quienes, para defender al gobierno, justifican esas acciones. No son pocos los que, al disculpar o minimizar acciones de censura, niegan la realidad o, peor a\u00fan, dicen que no es para tanto. La erosi\u00f3n de la democracia se alimenta, tambi\u00e9n, en el cinismo.<\/p>\n<\/div>\n<\/article>\n<p>&nbsp;<\/p>\n<\/div>\n<\/div>\n","protected":false},"excerpt":{"rendered":"<p>El gobierno promueve acciones de censura a trav\u00e9s de por lo menos cinco actitudes. De varias maneras, con insinuaciones y presiones, con calumnias y amenazas o a trav\u00e9s de ama\u00f1ados recursos administrativos, el gobierno est\u00e1 reconstruyendo mecanismos para acotar, y si se puede ahogar, la libertad de expresi\u00f3n. Al presidente y a muchos de los [&hellip;]<\/p>\n","protected":false},"author":3,"featured_media":43613,"comment_status":"open","ping_status":"open","sticky":false,"template":"","format":"standard","meta":{"footnotes":""},"categories":[23,16],"tags":[19456,19727,19726],"class_list":{"0":"post-43612","1":"post","2":"type-post","3":"status-publish","4":"format-standard","5":"has-post-thumbnail","7":"category-columna","8":"category-foto","9":"tag-contra-la-libertad-de-expresion","10":"tag-morena-edad-de-piedra","11":"tag-pejesaurio"},"wps_subtitle":"Publicado en Cr\u00f3nica el lunes 31 de agosto.","_links":{"self":[{"href":"https:\/\/www.porlalibreedomex.com\/index.php?rest_route=\/wp\/v2\/posts\/43612","targetHints":{"allow":["GET"]}}],"collection":[{"href":"https:\/\/www.porlalibreedomex.com\/index.php?rest_route=\/wp\/v2\/posts"}],"about":[{"href":"https:\/\/www.porlalibreedomex.com\/index.php?rest_route=\/wp\/v2\/types\/post"}],"author":[{"embeddable":true,"href":"https:\/\/www.porlalibreedomex.com\/index.php?rest_route=\/wp\/v2\/users\/3"}],"replies":[{"embeddable":true,"href":"https:\/\/www.porlalibreedomex.com\/index.php?rest_route=%2Fwp%2Fv2%2Fcomments&post=43612"}],"version-history":[{"count":5,"href":"https:\/\/www.porlalibreedomex.com\/index.php?rest_route=\/wp\/v2\/posts\/43612\/revisions"}],"predecessor-version":[{"id":43619,"href":"https:\/\/www.porlalibreedomex.com\/index.php?rest_route=\/wp\/v2\/posts\/43612\/revisions\/43619"}],"wp:featuredmedia":[{"embeddable":true,"href":"https:\/\/www.porlalibreedomex.com\/index.php?rest_route=\/wp\/v2\/media\/43613"}],"wp:attachment":[{"href":"https:\/\/www.porlalibreedomex.com\/index.php?rest_route=%2Fwp%2Fv2%2Fmedia&parent=43612"}],"wp:term":[{"taxonomy":"category","embeddable":true,"href":"https:\/\/www.porlalibreedomex.com\/index.php?rest_route=%2Fwp%2Fv2%2Fcategories&post=43612"},{"taxonomy":"post_tag","embeddable":true,"href":"https:\/\/www.porlalibreedomex.com\/index.php?rest_route=%2Fwp%2Fv2%2Ftags&post=43612"}],"curies":[{"name":"wp","href":"https:\/\/api.w.org\/{rel}","templated":true}]}}