{"id":43439,"date":"2020-09-05T00:41:21","date_gmt":"2020-09-05T05:41:21","guid":{"rendered":"https:\/\/www.porlalibreedomex.com\/?p=43439"},"modified":"2020-09-06T00:41:43","modified_gmt":"2020-09-06T05:41:43","slug":"concluyen-enfermeras-del-hospital-monica-pretelini-del-isem-especialidades-en-neonato-y-perinatal","status":"publish","type":"post","link":"https:\/\/www.porlalibreedomex.com\/?p=43439","title":{"rendered":"CONCLUYEN ENFERMERAS DEL HOSPITAL M\u00d3NICA PRETELINI DEL ISEM ESPECIALIDADES EN NEONATO Y PERINATAL"},"content":{"rendered":"<p>&nbsp;<\/p>\n<p>&nbsp;<\/p>\n<ul>\n<li><em><strong>La capacitaci\u00f3n del personal de salud, una pol\u00edtica p\u00fablica que\u00a0 privilegia el gobierno estatal.<\/strong><\/em><\/li>\n<li><em><strong>Desempe\u00f1an su labor, las y los posgraduados, en unidades de cuidados intensivos neonatales, intermedios y metab\u00f3licos, cuneros, servicios ambulatorios y hospitalarios.<\/strong><\/em><\/li>\n<\/ul>\n<p>&nbsp;<\/p>\n<p><strong>Toluca, Estado de M\u00e9xico, 04 de septiembre de 2020.<\/strong> El Hospital Materno Perinatal \u201cM\u00f3nica Pretelini S\u00e1enz\u201d, del Instituto de Salud del Estado de M\u00e9xico (ISEM), concluy\u00f3 la formaci\u00f3n acad\u00e9mica de la primera generaci\u00f3n de especialistas en Enfermer\u00eda Perinatal y segunda en Enfermer\u00eda del Neonato, con lo que se fortalece la calidad de atenci\u00f3n m\u00e9dica del gobierno estatal que encabeza Alfredo Del Mazo Maza.<\/p>\n<p><a href=\"https:\/\/www.porlalibreedomex.com\/wp-content\/uploads\/2020\/09\/Enfermeras-M\u00f3nica-Pretelini-2020-09-04-at-1.38.08-PM.jpeg\"><img loading=\"lazy\" decoding=\"async\" class=\"aligncenter size-large wp-image-43443\" src=\"https:\/\/www.porlalibreedomex.com\/wp-content\/uploads\/2020\/09\/Enfermeras-M\u00f3nica-Pretelini-2020-09-04-at-1.38.08-PM-1024x682.jpeg\" alt=\"\" width=\"800\" height=\"533\" srcset=\"https:\/\/www.porlalibreedomex.com\/wp-content\/uploads\/2020\/09\/Enfermeras-M\u00f3nica-Pretelini-2020-09-04-at-1.38.08-PM-1024x682.jpeg 1024w, https:\/\/www.porlalibreedomex.com\/wp-content\/uploads\/2020\/09\/Enfermeras-M\u00f3nica-Pretelini-2020-09-04-at-1.38.08-PM-300x200.jpeg 300w, https:\/\/www.porlalibreedomex.com\/wp-content\/uploads\/2020\/09\/Enfermeras-M\u00f3nica-Pretelini-2020-09-04-at-1.38.08-PM-768x512.jpeg 768w, https:\/\/www.porlalibreedomex.com\/wp-content\/uploads\/2020\/09\/Enfermeras-M\u00f3nica-Pretelini-2020-09-04-at-1.38.08-PM.jpeg 1280w\" sizes=\"auto, (max-width: 800px) 100vw, 800px\" \/><\/a><\/p>\n<p>Estos posgrados son acreditados por la Escuela Nacional de Enfermer\u00eda y Obstetricia de la Universidad Aut\u00f3noma de M\u00e9xico (UNAM), los planes acad\u00e9micos contemplan 80 por cierto pr\u00e1cticas y pruebas reales, permitiendo a la unidad hospitalaria reducir riesgos de mortalidad, aumentar la respuesta en eventos de emergencia y la capacidad de atenci\u00f3n.<\/p>\n<p>La continua capacitaci\u00f3n del personal de salud, es una pol\u00edtica p\u00fablica en favor de los mexiquense que ha privilegiado el Secretario del ramo, Gabriel O\u00b4Shea Cuevas, para ampliar la formaci\u00f3n de conocimientos cl\u00ednicos y la relaci\u00f3n interinstitucional con universidades, fundaciones y centros de investigaci\u00f3n.<\/p>\n<p><a href=\"https:\/\/www.porlalibreedomex.com\/wp-content\/uploads\/2020\/09\/Reconocimientos-enfermeras-del-M\u00f3nica-Pretelini.jpeg\"><img loading=\"lazy\" decoding=\"async\" class=\"aligncenter size-large wp-image-43442\" src=\"https:\/\/www.porlalibreedomex.com\/wp-content\/uploads\/2020\/09\/Reconocimientos-enfermeras-del-M\u00f3nica-Pretelini-1024x682.jpeg\" alt=\"\" width=\"800\" height=\"533\" srcset=\"https:\/\/www.porlalibreedomex.com\/wp-content\/uploads\/2020\/09\/Reconocimientos-enfermeras-del-M\u00f3nica-Pretelini-1024x682.jpeg 1024w, https:\/\/www.porlalibreedomex.com\/wp-content\/uploads\/2020\/09\/Reconocimientos-enfermeras-del-M\u00f3nica-Pretelini-300x200.jpeg 300w, https:\/\/www.porlalibreedomex.com\/wp-content\/uploads\/2020\/09\/Reconocimientos-enfermeras-del-M\u00f3nica-Pretelini-768x512.jpeg 768w, https:\/\/www.porlalibreedomex.com\/wp-content\/uploads\/2020\/09\/Reconocimientos-enfermeras-del-M\u00f3nica-Pretelini.jpeg 1280w\" sizes=\"auto, (max-width: 800px) 100vw, 800px\" \/><\/a><\/p>\n<p>Durante la ceremonia de clausura, a la que asistieron el titular de la Unidad de Ense\u00f1anza, Investigaci\u00f3n y Calidad del ISEM, \u00a0Humberto Botello Ortiz, la Jefa Estatal de Enfermer\u00eda,\u00a0Teresa Dimas S\u00e1nchez, el Director del Hospital Materno M\u00f3nica Pretelini, Jos\u00e9 Anaya Herrera y la Subdirectora Administrativa, Zulma Esparza Anaya, se entregaron reconocimientos a\u00a020\u00a0nuevas enfermeras especialistas.<\/p>\n<p>Las autoridades destacaron que las y los egresados del posgrado en perinatolog\u00eda podr\u00e1n colaboran en actividades de control prenatal y cuidados en la mujer embarazada, en servicios ambulatorios y hospitalarios en la atenci\u00f3n previa y durante parto o ces\u00e1rea.<\/p>\n<p><a href=\"https:\/\/www.porlalibreedomex.com\/wp-content\/uploads\/2020\/09\/Enfermeros-M\u00f3nica-Pretelini-2020-09-04.jpeg\"><img loading=\"lazy\" decoding=\"async\" class=\"aligncenter size-large wp-image-43441\" src=\"https:\/\/www.porlalibreedomex.com\/wp-content\/uploads\/2020\/09\/Enfermeros-M\u00f3nica-Pretelini-2020-09-04-1024x682.jpeg\" alt=\"\" width=\"800\" height=\"533\" srcset=\"https:\/\/www.porlalibreedomex.com\/wp-content\/uploads\/2020\/09\/Enfermeros-M\u00f3nica-Pretelini-2020-09-04-1024x682.jpeg 1024w, https:\/\/www.porlalibreedomex.com\/wp-content\/uploads\/2020\/09\/Enfermeros-M\u00f3nica-Pretelini-2020-09-04-300x200.jpeg 300w, https:\/\/www.porlalibreedomex.com\/wp-content\/uploads\/2020\/09\/Enfermeros-M\u00f3nica-Pretelini-2020-09-04-768x512.jpeg 768w, https:\/\/www.porlalibreedomex.com\/wp-content\/uploads\/2020\/09\/Enfermeros-M\u00f3nica-Pretelini-2020-09-04.jpeg 1280w\" sizes=\"auto, (max-width: 800px) 100vw, 800px\" \/><\/a><\/p>\n<p>En tanto que el posgrado en neonato permite el desempe\u00f1o en unidades de cuidados intensivos neonatales, cuidados intermedios y metab\u00f3licos, cuneros enfermos y dan seguimiento al desarrollo de reci\u00e9n nacido sano hasta el primer mes de edad.<\/p>\n<p>Otras \u00e1reas en las que pueden laborar son len centros de atenci\u00f3n primaria a la salud, en hospitales de segundo y tercer nivel, dentro de las salas de partos, unidades de cuidados intensivos e intermedios tanto obst\u00e9tricas como neonatales, alojamiento conjunto y cuneros patol\u00f3gicos.<\/p>\n","protected":false},"excerpt":{"rendered":"<p>&nbsp; &nbsp; La capacitaci\u00f3n del personal de salud, una pol\u00edtica p\u00fablica que\u00a0 privilegia el gobierno estatal. Desempe\u00f1an su labor, las y los posgraduados, en unidades de cuidados intensivos neonatales, intermedios y metab\u00f3licos, cuneros, servicios ambulatorios y hospitalarios. &nbsp; Toluca, Estado de M\u00e9xico, 04 de septiembre de 2020. El Hospital Materno Perinatal \u201cM\u00f3nica Pretelini S\u00e1enz\u201d, del [&hellip;]<\/p>\n","protected":false},"author":3,"featured_media":43440,"comment_status":"open","ping_status":"open","sticky":false,"template":"","format":"standard","meta":{"footnotes":""},"categories":[9157,16,9209],"tags":[19646,19644,19645,19647],"class_list":{"0":"post-43439","1":"post","2":"type-post","3":"status-publish","4":"format-standard","5":"has-post-thumbnail","7":"category-edomex","8":"category-foto","9":"category-salud","10":"tag-enf-teresa-dimas-sanchez","11":"tag-enfermeras-del-monica-pretelini","12":"tag-enfermeria-del-neonato","13":"tag-salud-edomex-enfermeras"},"wps_subtitle":"","_links":{"self":[{"href":"https:\/\/www.porlalibreedomex.com\/index.php?rest_route=\/wp\/v2\/posts\/43439","targetHints":{"allow":["GET"]}}],"collection":[{"href":"https:\/\/www.porlalibreedomex.com\/index.php?rest_route=\/wp\/v2\/posts"}],"about":[{"href":"https:\/\/www.porlalibreedomex.com\/index.php?rest_route=\/wp\/v2\/types\/post"}],"author":[{"embeddable":true,"href":"https:\/\/www.porlalibreedomex.com\/index.php?rest_route=\/wp\/v2\/users\/3"}],"replies":[{"embeddable":true,"href":"https:\/\/www.porlalibreedomex.com\/index.php?rest_route=%2Fwp%2Fv2%2Fcomments&post=43439"}],"version-history":[{"count":1,"href":"https:\/\/www.porlalibreedomex.com\/index.php?rest_route=\/wp\/v2\/posts\/43439\/revisions"}],"predecessor-version":[{"id":43445,"href":"https:\/\/www.porlalibreedomex.com\/index.php?rest_route=\/wp\/v2\/posts\/43439\/revisions\/43445"}],"wp:featuredmedia":[{"embeddable":true,"href":"https:\/\/www.porlalibreedomex.com\/index.php?rest_route=\/wp\/v2\/media\/43440"}],"wp:attachment":[{"href":"https:\/\/www.porlalibreedomex.com\/index.php?rest_route=%2Fwp%2Fv2%2Fmedia&parent=43439"}],"wp:term":[{"taxonomy":"category","embeddable":true,"href":"https:\/\/www.porlalibreedomex.com\/index.php?rest_route=%2Fwp%2Fv2%2Fcategories&post=43439"},{"taxonomy":"post_tag","embeddable":true,"href":"https:\/\/www.porlalibreedomex.com\/index.php?rest_route=%2Fwp%2Fv2%2Ftags&post=43439"}],"curies":[{"name":"wp","href":"https:\/\/api.w.org\/{rel}","templated":true}]}}