{"id":43385,"date":"2020-09-04T21:37:32","date_gmt":"2020-09-05T02:37:32","guid":{"rendered":"https:\/\/www.porlalibreedomex.com\/?p=43385"},"modified":"2020-09-04T21:40:35","modified_gmt":"2020-09-05T02:40:35","slug":"duplican-plazo-constitucional-al-tercer-implicado-en-la-muerte-de-luis-miranda-cardoso","status":"publish","type":"post","link":"https:\/\/www.porlalibreedomex.com\/?p=43385","title":{"rendered":"DUPLICAN PLAZO CONSTITUCIONAL AL TERCER IMPLICADO EN LA MUERTE DE LUIS MIRANDA CARDOSO"},"content":{"rendered":"<ul>\n<li><strong>Imputado: Ra\u00fal \u00abN\u00bb Delito: Homicidio calificado<\/strong><br \/>\n<strong>V\u00edctima: Luis Miranda Cardoso<\/strong><\/li>\n<\/ul>\n<p>Un juez de Control del Distrito Judicial de Tenango del Valle, autoriz\u00f3 la duplicidad del<br \/>\nt\u00e9rmino constitucional que vence el pr\u00f3ximo 9 de septiembre, para determinar la<br \/>\nsituaci\u00f3n jur\u00eddica de Ra\u00fal \u00abN\u00bb, por su probable participaci\u00f3n en el delito de homicidio<br \/>\ncalificado en agravio del ex presidente del Tribunal Superior de Justicia del Estado de<br \/>\nM\u00e9xico, Luis Miranda Cardoso. En la audiencia inicial para formulaci\u00f3n de imputaci\u00f3n por cumplimiento de orden de aprehensi\u00f3n, el juzgador decret\u00f3 la detenci\u00f3n Judicial del acusado por homicidio calificado. El representante de la Fiscal\u00eda General de Justicia de la entidad expuso los hechos que se le atribuyen. Ra\u00fal \u201cN\u201d es imputado por su probable participaci\u00f3n en los hechos del pasado 10 de agosto en el domicilio ubicado en la calle Texcoco de la Colonia S\u00e1nchez de la ciudad de Toluca, donde se priv\u00f3 de la vida a Luis Miranda Cardoso, quien falleci\u00f3 a consecuencia de herida perforante de cr\u00e1neo por el paso de proyectil de arma de fuego. El juzgador se\u00f1al\u00f3 las 15:30 horas del 8 de septiembre para la continuaci\u00f3n de la audiencia y determin\u00f3 que prevalezca la medida cautelar de prisi\u00f3n preventiva, durante el tiempo que dure el procedimiento.<\/p>\n<p>Por otra parte, Roxana \u00abN\u00bb fue puesta en libertad al quedar en evidencia que ella no fue la responsable de la muerte de su marido, Anual Guerra Libi\u00e9n. Ella hab\u00eda sido detenida por la polic\u00eda ministerial del Estado de M\u00e9xico, pero el Juez orden\u00f3 su libertad .<\/p>\n<p>\u00abUna jueza adscrita al Juzgado de Control de Toluca (Almoloya de<br \/>\nJu\u00e1rez) determin\u00f3 no vincular a proceso a Roxana \u201cN\u201d. En la audiencia de continuaci\u00f3n de inicial, la juzgadora valor\u00f3 los datos de prueba<br \/>\nofrecidos y emiti\u00f3 su resoluci\u00f3n ordenando la inmediata liberaci\u00f3n de la imputada. A Roxana \u201cN\u201d se le atribu\u00eda su intervenci\u00f3n en los hechos del 29 de marzo de 2019, cuando la v\u00edctima se encontraba en su veh\u00edculo en el Barrio de San Francisco Coaxusco, municipio de Metepec y fue sorprendido por un sujeto que se dirigi\u00f3 a \u00e9l y deton\u00f3 su<br \/>\narma, posteriormente se retir\u00f3. A consecuencia de las lesiones, Anuar \u201cN\u201d perdi\u00f3 la vida.\u00bb<\/p>\n","protected":false},"excerpt":{"rendered":"<p>Imputado: Ra\u00fal \u00abN\u00bb Delito: Homicidio calificado V\u00edctima: Luis Miranda Cardoso Un juez de Control del Distrito Judicial de Tenango del Valle, autoriz\u00f3 la duplicidad del t\u00e9rmino constitucional que vence el pr\u00f3ximo 9 de septiembre, para determinar la situaci\u00f3n jur\u00eddica de Ra\u00fal \u00abN\u00bb, por su probable participaci\u00f3n en el delito de homicidio calificado en agravio del [&hellip;]<\/p>\n","protected":false},"author":3,"featured_media":42656,"comment_status":"open","ping_status":"open","sticky":false,"template":"","format":"standard","meta":{"footnotes":""},"categories":[9157,16],"tags":[19411,19620,19621],"class_list":{"0":"post-43385","1":"post","2":"type-post","3":"status-publish","4":"format-standard","5":"has-post-thumbnail","7":"category-edomex","8":"category-foto","9":"tag-asesino-de-luis-miranda","10":"tag-duplican-termino-constitucional","11":"tag-juez-de-tenango-del-valle"},"wps_subtitle":"","_links":{"self":[{"href":"https:\/\/www.porlalibreedomex.com\/index.php?rest_route=\/wp\/v2\/posts\/43385","targetHints":{"allow":["GET"]}}],"collection":[{"href":"https:\/\/www.porlalibreedomex.com\/index.php?rest_route=\/wp\/v2\/posts"}],"about":[{"href":"https:\/\/www.porlalibreedomex.com\/index.php?rest_route=\/wp\/v2\/types\/post"}],"author":[{"embeddable":true,"href":"https:\/\/www.porlalibreedomex.com\/index.php?rest_route=\/wp\/v2\/users\/3"}],"replies":[{"embeddable":true,"href":"https:\/\/www.porlalibreedomex.com\/index.php?rest_route=%2Fwp%2Fv2%2Fcomments&post=43385"}],"version-history":[{"count":4,"href":"https:\/\/www.porlalibreedomex.com\/index.php?rest_route=\/wp\/v2\/posts\/43385\/revisions"}],"predecessor-version":[{"id":43390,"href":"https:\/\/www.porlalibreedomex.com\/index.php?rest_route=\/wp\/v2\/posts\/43385\/revisions\/43390"}],"wp:featuredmedia":[{"embeddable":true,"href":"https:\/\/www.porlalibreedomex.com\/index.php?rest_route=\/wp\/v2\/media\/42656"}],"wp:attachment":[{"href":"https:\/\/www.porlalibreedomex.com\/index.php?rest_route=%2Fwp%2Fv2%2Fmedia&parent=43385"}],"wp:term":[{"taxonomy":"category","embeddable":true,"href":"https:\/\/www.porlalibreedomex.com\/index.php?rest_route=%2Fwp%2Fv2%2Fcategories&post=43385"},{"taxonomy":"post_tag","embeddable":true,"href":"https:\/\/www.porlalibreedomex.com\/index.php?rest_route=%2Fwp%2Fv2%2Ftags&post=43385"}],"curies":[{"name":"wp","href":"https:\/\/api.w.org\/{rel}","templated":true}]}}