{"id":43091,"date":"2020-08-25T01:03:36","date_gmt":"2020-08-25T06:03:36","guid":{"rendered":"https:\/\/www.porlalibreedomex.com\/?p=43091"},"modified":"2020-08-26T01:04:13","modified_gmt":"2020-08-26T06:04:13","slug":"invita-gem-a-mexiquenses-a-participar-en-el-foro-conexion-emprendedora","status":"publish","type":"post","link":"https:\/\/www.porlalibreedomex.com\/?p=43091","title":{"rendered":"INVITA GEM A MEXIQUENSES A PARTICIPAR EN EL FORO \u201cCONEXI\u00d3N EMPRENDEDORA\u201d"},"content":{"rendered":"<p>&nbsp;<\/p>\n<ul>\n<li><strong>Busca este evento vincular a las emprendedoras, emprendedores, MIPyMES y p\u00fablico en general para crear cadenas productivas y alianzas comerciales en el Estado de M\u00e9xico.<\/strong><\/li>\n<li><strong>Deben los interesados en participar en el evento registrarse en la siguiente liga, https:\/\/bit.ly\/3i7nyzE.<\/strong><\/li>\n<li><strong>Realizan Foro los d\u00edas 26 y 27 de agosto del presente a\u00f1o.<\/strong><\/li>\n<\/ul>\n<p>&nbsp;<\/p>\n<p><strong>Toluca, Estado de M\u00e9xico, 25 de agosto de 2020.<\/strong> El Gobierno del Estado de M\u00e9xico, a trav\u00e9s del Instituto Mexiquense del Emprendedor (IME), busca impulsar la econom\u00eda local a trav\u00e9s del comercio electr\u00f3nico y el fortalecimiento de la vinculaci\u00f3n entre los actores del ecosistema emprendedor de la entidad, por lo cual realizar\u00e1 el Foro \u201cConexi\u00f3n Emprendedora\u201d.<\/p>\n<p><a href=\"https:\/\/www.porlalibreedomex.com\/wp-content\/uploads\/2020\/08\/Foro-Conexi\u00f3n-Emprendedoraa-2020-08-25-at-3.13.48-PM.jpeg\"><img loading=\"lazy\" decoding=\"async\" class=\"aligncenter size-full wp-image-43092\" src=\"https:\/\/www.porlalibreedomex.com\/wp-content\/uploads\/2020\/08\/Foro-Conexi\u00f3n-Emprendedoraa-2020-08-25-at-3.13.48-PM.jpeg\" alt=\"\" width=\"983\" height=\"1280\" srcset=\"https:\/\/www.porlalibreedomex.com\/wp-content\/uploads\/2020\/08\/Foro-Conexi\u00f3n-Emprendedoraa-2020-08-25-at-3.13.48-PM.jpeg 983w, https:\/\/www.porlalibreedomex.com\/wp-content\/uploads\/2020\/08\/Foro-Conexi\u00f3n-Emprendedoraa-2020-08-25-at-3.13.48-PM-230x300.jpeg 230w, https:\/\/www.porlalibreedomex.com\/wp-content\/uploads\/2020\/08\/Foro-Conexi\u00f3n-Emprendedoraa-2020-08-25-at-3.13.48-PM-768x1000.jpeg 768w, https:\/\/www.porlalibreedomex.com\/wp-content\/uploads\/2020\/08\/Foro-Conexi\u00f3n-Emprendedoraa-2020-08-25-at-3.13.48-PM-786x1024.jpeg 786w\" sizes=\"auto, (max-width: 983px) 100vw, 983px\" \/><\/a><\/p>\n<p>Mediante este evento virtual, que se llevar\u00e1 a cabo los d\u00edas 26 y 27 de agosto del presente a\u00f1o, las y los emprendedores podr\u00e1n conocer las herramientas y plataformas digitales, as\u00ed como generar v\u00ednculos que les permitir\u00e1n conectar con los diferentes agentes en el ecosistema emprendedor.<\/p>\n<p>Dentro del Foro Conexi\u00f3n Emprendedora, los interesados podr\u00e1n encontrar talleres, casos de \u00e9xito, as\u00ed como momentos culturales. Adem\u00e1s, en el espacio denominado \u201cConexiones de negocio\u201d, se realizar\u00e1n encuentros entre compradores y vendedores, con base en el diagn\u00f3stico de madurez de los emprendedores, esto con un registro previo.<\/p>\n<p>Las \u201cConexiones productivas\u201d ser\u00e1n espacios de vinculaci\u00f3n para identificar oportunidades de encadenamiento productivo, a trav\u00e9s de sesiones en donde los productores mexiquenses presentar\u00e1n sus negocios, acompa\u00f1ados de una ficha t\u00e9cnica y previo registro, para identificar sus giros y generar vinculaciones efectivas.<\/p>\n<p><a href=\"https:\/\/www.porlalibreedomex.com\/wp-content\/uploads\/2020\/08\/Foro-Conexi\u00f3n-Emprendedora-2020-08-25-at-3.13.48-PM.jpeg\"><img loading=\"lazy\" decoding=\"async\" class=\"aligncenter size-full wp-image-43094\" src=\"https:\/\/www.porlalibreedomex.com\/wp-content\/uploads\/2020\/08\/Foro-Conexi\u00f3n-Emprendedora-2020-08-25-at-3.13.48-PM.jpeg\" alt=\"\" width=\"1080\" height=\"1080\" srcset=\"https:\/\/www.porlalibreedomex.com\/wp-content\/uploads\/2020\/08\/Foro-Conexi\u00f3n-Emprendedora-2020-08-25-at-3.13.48-PM.jpeg 1080w, https:\/\/www.porlalibreedomex.com\/wp-content\/uploads\/2020\/08\/Foro-Conexi\u00f3n-Emprendedora-2020-08-25-at-3.13.48-PM-150x150.jpeg 150w, https:\/\/www.porlalibreedomex.com\/wp-content\/uploads\/2020\/08\/Foro-Conexi\u00f3n-Emprendedora-2020-08-25-at-3.13.48-PM-300x300.jpeg 300w, https:\/\/www.porlalibreedomex.com\/wp-content\/uploads\/2020\/08\/Foro-Conexi\u00f3n-Emprendedora-2020-08-25-at-3.13.48-PM-768x768.jpeg 768w, https:\/\/www.porlalibreedomex.com\/wp-content\/uploads\/2020\/08\/Foro-Conexi\u00f3n-Emprendedora-2020-08-25-at-3.13.48-PM-1024x1024.jpeg 1024w\" sizes=\"auto, (max-width: 1080px) 100vw, 1080px\" \/><\/a><\/p>\n<p>Como parte de la importancia de promover programas que apoyen las actividades productivas, el emprendimiento y el crecimiento de los negocios, se brindar\u00e1n espacios de exhibici\u00f3n y comercializaci\u00f3n para los emprendimientos mexiquenses con los cuales sea posible identificar oportunidades de negocio y mediante las \u201cC\u00e1psulas de conexi\u00f3n\u201d, podr\u00e1n darse a conocer y promocionar su idea o proyecto de negocio.<\/p>\n<p>El IME invita a participar en el Foro Conexi\u00f3n Emprendedora a las emprendedoras, emprendedores, MIPyMES y p\u00fablico en general que deseen participar en la promoci\u00f3n, vinculaci\u00f3n y generaci\u00f3n de alianzas comerciales de su negocio en el Estado de M\u00e9xico.<\/p>\n<p><a href=\"https:\/\/www.porlalibreedomex.com\/wp-content\/uploads\/2020\/08\/Foro-Conexi\u00f3n-Emprendedora-2020-08-25-at-3.13.49-PM.jpeg\"><img loading=\"lazy\" decoding=\"async\" class=\"aligncenter size-full wp-image-43093\" src=\"https:\/\/www.porlalibreedomex.com\/wp-content\/uploads\/2020\/08\/Foro-Conexi\u00f3n-Emprendedora-2020-08-25-at-3.13.49-PM.jpeg\" alt=\"\" width=\"1080\" height=\"1076\" srcset=\"https:\/\/www.porlalibreedomex.com\/wp-content\/uploads\/2020\/08\/Foro-Conexi\u00f3n-Emprendedora-2020-08-25-at-3.13.49-PM.jpeg 1080w, https:\/\/www.porlalibreedomex.com\/wp-content\/uploads\/2020\/08\/Foro-Conexi\u00f3n-Emprendedora-2020-08-25-at-3.13.49-PM-150x150.jpeg 150w, https:\/\/www.porlalibreedomex.com\/wp-content\/uploads\/2020\/08\/Foro-Conexi\u00f3n-Emprendedora-2020-08-25-at-3.13.49-PM-300x300.jpeg 300w, https:\/\/www.porlalibreedomex.com\/wp-content\/uploads\/2020\/08\/Foro-Conexi\u00f3n-Emprendedora-2020-08-25-at-3.13.49-PM-768x765.jpeg 768w, https:\/\/www.porlalibreedomex.com\/wp-content\/uploads\/2020\/08\/Foro-Conexi\u00f3n-Emprendedora-2020-08-25-at-3.13.49-PM-1024x1020.jpeg 1024w\" sizes=\"auto, (max-width: 1080px) 100vw, 1080px\" \/><\/a><\/p>\n<p><strong>Los interesados deber\u00e1n registrarse a trav\u00e9s de https:\/\/bit.ly\/3i7nyzE. Posterior a su registro se les enviar\u00e1 por correo electr\u00f3nico la liga de conexi\u00f3n, adem\u00e1s de un PDF interactivo donde estar\u00e1 el programa y la descripci\u00f3n de las actividades que habr\u00e1 los dos d\u00edas del Foro.<\/strong><\/p>\n","protected":false},"excerpt":{"rendered":"<p>&nbsp; Busca este evento vincular a las emprendedoras, emprendedores, MIPyMES y p\u00fablico en general para crear cadenas productivas y alianzas comerciales en el Estado de M\u00e9xico. Deben los interesados en participar en el evento registrarse en la siguiente liga, https:\/\/bit.ly\/3i7nyzE. Realizan Foro los d\u00edas 26 y 27 de agosto del presente a\u00f1o. &nbsp; Toluca, Estado [&hellip;]<\/p>\n","protected":false},"author":3,"featured_media":43095,"comment_status":"open","ping_status":"open","sticky":false,"template":"","format":"standard","meta":{"footnotes":""},"categories":[9146,16],"tags":[19484,19483],"class_list":{"0":"post-43091","1":"post","2":"type-post","3":"status-publish","4":"format-standard","5":"has-post-thumbnail","7":"category-economia","8":"category-foto","9":"tag-estado-de-mexico-foro-emprendedores","10":"tag-foro-conexion-emprendedora"},"wps_subtitle":"","_links":{"self":[{"href":"https:\/\/www.porlalibreedomex.com\/index.php?rest_route=\/wp\/v2\/posts\/43091","targetHints":{"allow":["GET"]}}],"collection":[{"href":"https:\/\/www.porlalibreedomex.com\/index.php?rest_route=\/wp\/v2\/posts"}],"about":[{"href":"https:\/\/www.porlalibreedomex.com\/index.php?rest_route=\/wp\/v2\/types\/post"}],"author":[{"embeddable":true,"href":"https:\/\/www.porlalibreedomex.com\/index.php?rest_route=\/wp\/v2\/users\/3"}],"replies":[{"embeddable":true,"href":"https:\/\/www.porlalibreedomex.com\/index.php?rest_route=%2Fwp%2Fv2%2Fcomments&post=43091"}],"version-history":[{"count":1,"href":"https:\/\/www.porlalibreedomex.com\/index.php?rest_route=\/wp\/v2\/posts\/43091\/revisions"}],"predecessor-version":[{"id":43096,"href":"https:\/\/www.porlalibreedomex.com\/index.php?rest_route=\/wp\/v2\/posts\/43091\/revisions\/43096"}],"wp:featuredmedia":[{"embeddable":true,"href":"https:\/\/www.porlalibreedomex.com\/index.php?rest_route=\/wp\/v2\/media\/43095"}],"wp:attachment":[{"href":"https:\/\/www.porlalibreedomex.com\/index.php?rest_route=%2Fwp%2Fv2%2Fmedia&parent=43091"}],"wp:term":[{"taxonomy":"category","embeddable":true,"href":"https:\/\/www.porlalibreedomex.com\/index.php?rest_route=%2Fwp%2Fv2%2Fcategories&post=43091"},{"taxonomy":"post_tag","embeddable":true,"href":"https:\/\/www.porlalibreedomex.com\/index.php?rest_route=%2Fwp%2Fv2%2Ftags&post=43091"}],"curies":[{"name":"wp","href":"https:\/\/api.w.org\/{rel}","templated":true}]}}