{"id":42893,"date":"2020-08-18T22:37:52","date_gmt":"2020-08-19T03:37:52","guid":{"rendered":"https:\/\/www.porlalibreedomex.com\/?p=42893"},"modified":"2020-08-18T22:37:52","modified_gmt":"2020-08-19T03:37:52","slug":"hallan-muerto-en-su-celda-al-acusado-de-asesinar-al-notario-luis-miranda-cardoso","status":"publish","type":"post","link":"https:\/\/www.porlalibreedomex.com\/?p=42893","title":{"rendered":"HALLAN MUERTO EN SU CELDA AL ACUSADO DE ASESINAR AL NOTARIO LUIS MIRANDA CARDOSO"},"content":{"rendered":"<p><strong>Toluca, Estado de M\u00e9xico, 18 de agosto, 2020.-<\/strong> La Secretar\u00eda de Seguridad (SS), a trav\u00e9s de la Subsecretar\u00eda de Control Penitenciario, informa que el d\u00eda de ayer la Persona Privada de la Libertad (PPL), Arturo \u201cN\u201d, quien estaba involucrado en el homicidio de Luis Miranda Cardoso, se quit\u00f3 la vida al interior de su celda en el Centro Penitenciario \u201cSantiaguito\u201d.<\/p>\n<p>Aproximadamente a las 20:30, en el \u00e1rea conocida como \u201cimaginaria\u201d, se realiz\u00f3 el \u00faltimo pase de lista, dando presente al interno Arturo \u201cN\u201d. Sin embargo, al realizar un recorrido posterior por el pasillo a las 22:30 y dado que no se escuch\u00f3 respuesta por parte de Arturo \u201cN\u201d, se abri\u00f3 la puerta de su celda y se le encontr\u00f3 colgado con un pantal\u00f3n atado a un barrote de la ventana.<\/p>\n<p>De forma inmediata se dio aviso al servicio m\u00e9dico, quien determin\u00f3 que el PPL ya no contaba con signos vitales.<\/p>\n<p>El deceso fue denunciado ante el Ministerio P\u00fablico quien se encargar\u00e1 de realizar las investigaciones pertinentes, mientras que la Subsecretar\u00eda de Control Penitenciario ha facilitado toda la informaci\u00f3n necesaria para las indagatorias a las que haya lugar.<\/p>\n<p>La Secretar\u00eda de Seguridad le recuerda que los tel\u00e9fonos 089 Denuncia An\u00f3nima y 9-1-1 N\u00famero de Emergencias trabajan las 24 horas del d\u00eda. Puede contactarnos a trav\u00e9s de las redes sociales: Facebook @SS.Edomex, y en Twitter @SS_Edomex<\/p>\n","protected":false},"excerpt":{"rendered":"<p>Toluca, Estado de M\u00e9xico, 18 de agosto, 2020.- La Secretar\u00eda de Seguridad (SS), a trav\u00e9s de la Subsecretar\u00eda de Control Penitenciario, informa que el d\u00eda de ayer la Persona Privada de la Libertad (PPL), Arturo \u201cN\u201d, quien estaba involucrado en el homicidio de Luis Miranda Cardoso, se quit\u00f3 la vida al interior de su celda [&hellip;]<\/p>\n","protected":false},"author":3,"featured_media":42829,"comment_status":"open","ping_status":"open","sticky":false,"template":"","format":"standard","meta":{"footnotes":""},"categories":[16,9149],"tags":[],"class_list":{"0":"post-42893","1":"post","2":"type-post","3":"status-publish","4":"format-standard","5":"has-post-thumbnail","7":"category-foto","8":"category-policiaca"},"wps_subtitle":"Se inform\u00f3 que se ahorc\u00f3 en su celda colg\u00e1ndose de los barrotes de la ventana","_links":{"self":[{"href":"https:\/\/www.porlalibreedomex.com\/index.php?rest_route=\/wp\/v2\/posts\/42893","targetHints":{"allow":["GET"]}}],"collection":[{"href":"https:\/\/www.porlalibreedomex.com\/index.php?rest_route=\/wp\/v2\/posts"}],"about":[{"href":"https:\/\/www.porlalibreedomex.com\/index.php?rest_route=\/wp\/v2\/types\/post"}],"author":[{"embeddable":true,"href":"https:\/\/www.porlalibreedomex.com\/index.php?rest_route=\/wp\/v2\/users\/3"}],"replies":[{"embeddable":true,"href":"https:\/\/www.porlalibreedomex.com\/index.php?rest_route=%2Fwp%2Fv2%2Fcomments&post=42893"}],"version-history":[{"count":1,"href":"https:\/\/www.porlalibreedomex.com\/index.php?rest_route=\/wp\/v2\/posts\/42893\/revisions"}],"predecessor-version":[{"id":42894,"href":"https:\/\/www.porlalibreedomex.com\/index.php?rest_route=\/wp\/v2\/posts\/42893\/revisions\/42894"}],"wp:featuredmedia":[{"embeddable":true,"href":"https:\/\/www.porlalibreedomex.com\/index.php?rest_route=\/wp\/v2\/media\/42829"}],"wp:attachment":[{"href":"https:\/\/www.porlalibreedomex.com\/index.php?rest_route=%2Fwp%2Fv2%2Fmedia&parent=42893"}],"wp:term":[{"taxonomy":"category","embeddable":true,"href":"https:\/\/www.porlalibreedomex.com\/index.php?rest_route=%2Fwp%2Fv2%2Fcategories&post=42893"},{"taxonomy":"post_tag","embeddable":true,"href":"https:\/\/www.porlalibreedomex.com\/index.php?rest_route=%2Fwp%2Fv2%2Ftags&post=42893"}],"curies":[{"name":"wp","href":"https:\/\/api.w.org\/{rel}","templated":true}]}}