{"id":42767,"date":"2020-08-13T02:13:40","date_gmt":"2020-08-13T07:13:40","guid":{"rendered":"https:\/\/www.porlalibreedomex.com\/?p=42767"},"modified":"2020-08-14T02:14:19","modified_gmt":"2020-08-14T07:14:19","slug":"recuperan-excavadora-robada-y-detienen-a-cuatro-probables-participantes-en-el-ilicito","status":"publish","type":"post","link":"https:\/\/www.porlalibreedomex.com\/?p=42767","title":{"rendered":"RECUPERAN EXCAVADORA ROBADA Y DETIENEN A CUATRO PROBABLES PARTICIPANTES EN EL IL\u00cdCITO  \u00a0"},"content":{"rendered":"<p>&nbsp;<\/p>\n<p>Derivado de un operativo conjunto entre personal del Centro de Control, Comando, Comunicaci\u00f3n, C\u00f3mputo y Calidad (C5) de la Secretar\u00eda de Seguridad (SS) y de la Secretar\u00eda de Seguridad Ciudadana (SSC) de la Ciudad de M\u00e9xico, fue recuperada una excavadora recientemente robada; en la acci\u00f3n cuatro sujetos fueron detenidos por su probable participaci\u00f3n.<\/p>\n<p>Los hechos ocurrieron cuando una pala mec\u00e1nica Caterpillar, tipo 416e de color amarillo fue hurtada en Santo Tom\u00e1s Chiconautla en el municipio de Ecatepec, por cinco sujetos, y luego de horas, con los datos de la denuncia, fue vista cruzar por un arco carretero ubicado en la Avenida Mexiquense en direcci\u00f3n a la carretera M\u00e9xico \u2013 Pachuca, incorpor\u00e1ndose al Eje 3 Oriente.<\/p>\n<p><a href=\"https:\/\/www.porlalibreedomex.com\/wp-content\/uploads\/2020\/08\/M\u00e1quina-recuperada-por-la-SSEM-2020-08-12.jpeg\"><img loading=\"lazy\" decoding=\"async\" class=\"aligncenter size-large wp-image-42771\" src=\"https:\/\/www.porlalibreedomex.com\/wp-content\/uploads\/2020\/08\/M\u00e1quina-recuperada-por-la-SSEM-2020-08-12-1024x466.jpeg\" alt=\"\" width=\"800\" height=\"364\" srcset=\"https:\/\/www.porlalibreedomex.com\/wp-content\/uploads\/2020\/08\/M\u00e1quina-recuperada-por-la-SSEM-2020-08-12.jpeg 1024w, https:\/\/www.porlalibreedomex.com\/wp-content\/uploads\/2020\/08\/M\u00e1quina-recuperada-por-la-SSEM-2020-08-12-300x137.jpeg 300w, https:\/\/www.porlalibreedomex.com\/wp-content\/uploads\/2020\/08\/M\u00e1quina-recuperada-por-la-SSEM-2020-08-12-768x350.jpeg 768w\" sizes=\"auto, (max-width: 800px) 100vw, 800px\" \/><\/a><\/p>\n<p>Monitoristas del C5 compartieron informaci\u00f3n con los Polic\u00edas de la Ciudad de M\u00e9xico para que dieran seguimiento al veh\u00edculo, el cual lleg\u00f3 al interior de un predio ubicado en la alcald\u00eda Iztapalapa; los uniformados se percataron que la unidad reportada estaba siendo subida a la caja de un cami\u00f3n Kenworth tipo torton, color rojo.<\/p>\n<p>En el sitio se encontraban Julio \u201cN\u201d, Martin \u201cN\u201d, Giovanni \u201cN\u201d, Luis \u201cN\u201d de 25,32,18 y 24 a\u00f1os, respectivamente, quienes no pudieron acreditar la propiedad de los automotores por lo que fueron detenidos y puestos a disposici\u00f3n de la autoridad ministerial correspondiente. El predio qued\u00f3 asegurado, a fin que se gire una orden de cateo que permita proseguir con la investigaci\u00f3n.<\/p>\n<p><a href=\"https:\/\/www.porlalibreedomex.com\/wp-content\/uploads\/2020\/08\/Vista-a\u00e9rea-del-corral\u00f3n-donde-ocultaban-la-retroexcavadora-2020-08-12-at-12.03.46-3.jpeg\"><img loading=\"lazy\" decoding=\"async\" class=\"aligncenter size-large wp-image-42770\" src=\"https:\/\/www.porlalibreedomex.com\/wp-content\/uploads\/2020\/08\/Vista-a\u00e9rea-del-corral\u00f3n-donde-ocultaban-la-retroexcavadora-2020-08-12-at-12.03.46-3-1024x576.jpeg\" alt=\"\" width=\"800\" height=\"450\" srcset=\"https:\/\/www.porlalibreedomex.com\/wp-content\/uploads\/2020\/08\/Vista-a\u00e9rea-del-corral\u00f3n-donde-ocultaban-la-retroexcavadora-2020-08-12-at-12.03.46-3-1024x576.jpeg 1024w, https:\/\/www.porlalibreedomex.com\/wp-content\/uploads\/2020\/08\/Vista-a\u00e9rea-del-corral\u00f3n-donde-ocultaban-la-retroexcavadora-2020-08-12-at-12.03.46-3-300x169.jpeg 300w, https:\/\/www.porlalibreedomex.com\/wp-content\/uploads\/2020\/08\/Vista-a\u00e9rea-del-corral\u00f3n-donde-ocultaban-la-retroexcavadora-2020-08-12-at-12.03.46-3-768x432.jpeg 768w, https:\/\/www.porlalibreedomex.com\/wp-content\/uploads\/2020\/08\/Vista-a\u00e9rea-del-corral\u00f3n-donde-ocultaban-la-retroexcavadora-2020-08-12-at-12.03.46-3.jpeg 1280w\" sizes=\"auto, (max-width: 800px) 100vw, 800px\" \/><\/a><\/p>\n<p><strong>La Secretar\u00eda de Seguridad le recuerda que los tel\u00e9fonos 089 Denuncia An\u00f3nima y 9-1-1 N\u00famero de Emergencias trabajan las 24 horas del d\u00eda. Puede contactarnos a trav\u00e9s de las redes sociales: Facebook @SS.Edomex, y en Twitter @ SS_Edomex<\/strong><\/p>\n","protected":false},"excerpt":{"rendered":"<p>&nbsp; Derivado de un operativo conjunto entre personal del Centro de Control, Comando, Comunicaci\u00f3n, C\u00f3mputo y Calidad (C5) de la Secretar\u00eda de Seguridad (SS) y de la Secretar\u00eda de Seguridad Ciudadana (SSC) de la Ciudad de M\u00e9xico, fue recuperada una excavadora recientemente robada; en la acci\u00f3n cuatro sujetos fueron detenidos por su probable participaci\u00f3n. Los [&hellip;]<\/p>\n","protected":false},"author":3,"featured_media":42768,"comment_status":"open","ping_status":"open","sticky":false,"template":"","format":"standard","meta":{"footnotes":""},"categories":[16,9149],"tags":[19313,19311,19312,19310],"class_list":{"0":"post-42767","1":"post","2":"type-post","3":"status-publish","4":"format-standard","5":"has-post-thumbnail","7":"category-foto","8":"category-policiaca","9":"tag-c5-policia-mexiquense","10":"tag-cuatro-rateros-detenidos","11":"tag-rateros-nezahualcoyotl","12":"tag-ssem-recupera-retroexcavadora"},"wps_subtitle":"","_links":{"self":[{"href":"https:\/\/www.porlalibreedomex.com\/index.php?rest_route=\/wp\/v2\/posts\/42767","targetHints":{"allow":["GET"]}}],"collection":[{"href":"https:\/\/www.porlalibreedomex.com\/index.php?rest_route=\/wp\/v2\/posts"}],"about":[{"href":"https:\/\/www.porlalibreedomex.com\/index.php?rest_route=\/wp\/v2\/types\/post"}],"author":[{"embeddable":true,"href":"https:\/\/www.porlalibreedomex.com\/index.php?rest_route=\/wp\/v2\/users\/3"}],"replies":[{"embeddable":true,"href":"https:\/\/www.porlalibreedomex.com\/index.php?rest_route=%2Fwp%2Fv2%2Fcomments&post=42767"}],"version-history":[{"count":1,"href":"https:\/\/www.porlalibreedomex.com\/index.php?rest_route=\/wp\/v2\/posts\/42767\/revisions"}],"predecessor-version":[{"id":42772,"href":"https:\/\/www.porlalibreedomex.com\/index.php?rest_route=\/wp\/v2\/posts\/42767\/revisions\/42772"}],"wp:featuredmedia":[{"embeddable":true,"href":"https:\/\/www.porlalibreedomex.com\/index.php?rest_route=\/wp\/v2\/media\/42768"}],"wp:attachment":[{"href":"https:\/\/www.porlalibreedomex.com\/index.php?rest_route=%2Fwp%2Fv2%2Fmedia&parent=42767"}],"wp:term":[{"taxonomy":"category","embeddable":true,"href":"https:\/\/www.porlalibreedomex.com\/index.php?rest_route=%2Fwp%2Fv2%2Fcategories&post=42767"},{"taxonomy":"post_tag","embeddable":true,"href":"https:\/\/www.porlalibreedomex.com\/index.php?rest_route=%2Fwp%2Fv2%2Ftags&post=42767"}],"curies":[{"name":"wp","href":"https:\/\/api.w.org\/{rel}","templated":true}]}}