{"id":42593,"date":"2020-08-09T22:41:11","date_gmt":"2020-08-10T03:41:11","guid":{"rendered":"https:\/\/www.porlalibreedomex.com\/?p=42593"},"modified":"2020-08-09T22:41:11","modified_gmt":"2020-08-10T03:41:11","slug":"prevalece-en-metepec-prestacion-de-servicios-publicos-de-calidad","status":"publish","type":"post","link":"https:\/\/www.porlalibreedomex.com\/?p=42593","title":{"rendered":"PREVALECE EN METEPEC PRESTACI\u00d3N DE SERVICIOS P\u00daBLICOS DE CALIDAD"},"content":{"rendered":"<p>&nbsp;<\/p>\n<ul>\n<li><em><strong>Mejora rehabilitaci\u00f3n de parques y luminarias, recolecci\u00f3n de residuos dom\u00e9sticos y limpieza en general.<\/strong><\/em><\/li>\n<\/ul>\n<p><strong>Metepec, M\u00e9xico; 09 de agosto de 2020.<\/strong> A pesar de la pandemia e impl\u00edcitamente la disminuci\u00f3n de personal operativo en condici\u00f3n vulnerable para proteger su salud en Metepec, la prestaci\u00f3n de servicios p\u00fablicos de calidad no s\u00f3lo se ha mantenido, se intensific\u00f3 para satisfacer los requerimientos de la ciudadan\u00eda.<\/p>\n<p>Bajo el principio de atender con celeridad y eficacia la demanda de servicios de la poblaci\u00f3n sobre todo en esta etapa de emergencia, la alcaldesa Gaby Gamboa S\u00e1nchez, dispuso de una estrategia exitosa, ya que acciones como la recolecci\u00f3n de residuos s\u00f3lidos dom\u00e9sticos, limpieza y rehabilitaci\u00f3n de parques y alumbrado, no han cesado, por el contrario, se han multiplicado.<\/p>\n<p><a href=\"https:\/\/www.porlalibreedomex.com\/wp-content\/uploads\/2020\/08\/Metepec-mantiene-servicios-p\u00fablicos-2020-08-09.jpeg\"><img loading=\"lazy\" decoding=\"async\" class=\"aligncenter size-full wp-image-42594\" src=\"https:\/\/www.porlalibreedomex.com\/wp-content\/uploads\/2020\/08\/Metepec-mantiene-servicios-p\u00fablicos-2020-08-09.jpeg\" alt=\"\" width=\"1280\" height=\"711\" srcset=\"https:\/\/www.porlalibreedomex.com\/wp-content\/uploads\/2020\/08\/Metepec-mantiene-servicios-p\u00fablicos-2020-08-09.jpeg 1280w, https:\/\/www.porlalibreedomex.com\/wp-content\/uploads\/2020\/08\/Metepec-mantiene-servicios-p\u00fablicos-2020-08-09-300x167.jpeg 300w, https:\/\/www.porlalibreedomex.com\/wp-content\/uploads\/2020\/08\/Metepec-mantiene-servicios-p\u00fablicos-2020-08-09-768x427.jpeg 768w, https:\/\/www.porlalibreedomex.com\/wp-content\/uploads\/2020\/08\/Metepec-mantiene-servicios-p\u00fablicos-2020-08-09-1024x569.jpeg 1024w, https:\/\/www.porlalibreedomex.com\/wp-content\/uploads\/2020\/08\/Metepec-mantiene-servicios-p\u00fablicos-2020-08-09-800x445.jpeg 800w\" sizes=\"auto, (max-width: 1280px) 100vw, 1280px\" \/><\/a><\/p>\n<p>De acuerdo a la Direcci\u00f3n de Servicios P\u00fablicos, en promedio al d\u00eda se reparan 30 luminarias, se recolectan casi 200 toneladas de basura y se atienden los parques y \u00e1reas verdes de forma programada.<\/p>\n<p>A lo anterior, se suma los trabajos de sanitizaci\u00f3n permanentes en diversos espacios, esfuerzo que destac\u00f3 la edil, es digno de reconocer a los servidores p\u00fablicos quienes han sido garantes de la atenci\u00f3n prioritaria del gobierno por cuidar y proteger a los habitantes con medidas de sanidad extraordinarias.<\/p>\n<p><a href=\"https:\/\/www.porlalibreedomex.com\/wp-content\/uploads\/2020\/08\/Metepec-desazolve-de-caucesWhatsApp-Image-2020-08-09-at-7.17.28-PM.jpeg\"><img loading=\"lazy\" decoding=\"async\" class=\"aligncenter size-full wp-image-42596\" src=\"https:\/\/www.porlalibreedomex.com\/wp-content\/uploads\/2020\/08\/Metepec-desazolve-de-caucesWhatsApp-Image-2020-08-09-at-7.17.28-PM.jpeg\" alt=\"\" width=\"1280\" height=\"853\" srcset=\"https:\/\/www.porlalibreedomex.com\/wp-content\/uploads\/2020\/08\/Metepec-desazolve-de-caucesWhatsApp-Image-2020-08-09-at-7.17.28-PM.jpeg 1280w, https:\/\/www.porlalibreedomex.com\/wp-content\/uploads\/2020\/08\/Metepec-desazolve-de-caucesWhatsApp-Image-2020-08-09-at-7.17.28-PM-300x200.jpeg 300w, https:\/\/www.porlalibreedomex.com\/wp-content\/uploads\/2020\/08\/Metepec-desazolve-de-caucesWhatsApp-Image-2020-08-09-at-7.17.28-PM-768x512.jpeg 768w, https:\/\/www.porlalibreedomex.com\/wp-content\/uploads\/2020\/08\/Metepec-desazolve-de-caucesWhatsApp-Image-2020-08-09-at-7.17.28-PM-1024x682.jpeg 1024w\" sizes=\"auto, (max-width: 1280px) 100vw, 1280px\" \/><\/a><\/p>\n<p>Cabe se\u00f1alar que el esquema de servicios p\u00fablicos, forma parte de un programa general donde intervienen todas las dependencias del ayuntamiento, sin embargo, resalta la labor en esta temporada de lluvia, del Organismo P\u00fablico Descentralizado de Agua Potable, Alcantarillado y Saneamiento de Metepec, quien ha venido trabajando desde el inicio de la gesti\u00f3n de forma ininterrumpida, en el desazolve de canales a cielo abierto y r\u00edos, adem\u00e1s en la limpieza de alcantarillas y la red hidr\u00e1ulica, lo que se ha reflejado hasta ahora en la reducci\u00f3n de siniestros por acumulaci\u00f3n de agua pluvial, a\u00fan en los sitios considerados en el Atlas de Riesgos como susceptibles de inundaci\u00f3n.<\/p>\n<p><a href=\"https:\/\/www.porlalibreedomex.com\/wp-content\/uploads\/2020\/08\/Metepec-medidas-sanitarias-contra-COVID-2020-08-09-at-7.17.29-PM.jpeg\"><img loading=\"lazy\" decoding=\"async\" class=\"aligncenter size-full wp-image-42595\" src=\"https:\/\/www.porlalibreedomex.com\/wp-content\/uploads\/2020\/08\/Metepec-medidas-sanitarias-contra-COVID-2020-08-09-at-7.17.29-PM.jpeg\" alt=\"\" width=\"982\" height=\"1280\" srcset=\"https:\/\/www.porlalibreedomex.com\/wp-content\/uploads\/2020\/08\/Metepec-medidas-sanitarias-contra-COVID-2020-08-09-at-7.17.29-PM.jpeg 982w, https:\/\/www.porlalibreedomex.com\/wp-content\/uploads\/2020\/08\/Metepec-medidas-sanitarias-contra-COVID-2020-08-09-at-7.17.29-PM-230x300.jpeg 230w, https:\/\/www.porlalibreedomex.com\/wp-content\/uploads\/2020\/08\/Metepec-medidas-sanitarias-contra-COVID-2020-08-09-at-7.17.29-PM-768x1001.jpeg 768w, https:\/\/www.porlalibreedomex.com\/wp-content\/uploads\/2020\/08\/Metepec-medidas-sanitarias-contra-COVID-2020-08-09-at-7.17.29-PM-786x1024.jpeg 786w\" sizes=\"auto, (max-width: 982px) 100vw, 982px\" \/><\/a><\/p>\n<p>El Organismo, indic\u00f3 que el factor fundamental para evitar contingencias es la ausencia de basura en la v\u00eda p\u00fablica y en afluentes, por lo que sigue el llamado a la comunidad para erradicar esas pr\u00e1cticas que son las que provocan las inundaciones.<\/p>\n<p>De esta manera, el goberno de Metepec contin\u00faa respondiendo con atingencia a la demanda de la sociedad, redituado tambi\u00e9n en el bienestar de las personas.<\/p>\n","protected":false},"excerpt":{"rendered":"<p>&nbsp; Mejora rehabilitaci\u00f3n de parques y luminarias, recolecci\u00f3n de residuos dom\u00e9sticos y limpieza en general. Metepec, M\u00e9xico; 09 de agosto de 2020. A pesar de la pandemia e impl\u00edcitamente la disminuci\u00f3n de personal operativo en condici\u00f3n vulnerable para proteger su salud en Metepec, la prestaci\u00f3n de servicios p\u00fablicos de calidad no s\u00f3lo se ha mantenido, [&hellip;]<\/p>\n","protected":false},"author":3,"featured_media":42597,"comment_status":"open","ping_status":"open","sticky":false,"template":"","format":"standard","meta":{"footnotes":""},"categories":[16,9145],"tags":[19234,19231,19232,19233],"class_list":{"0":"post-42593","1":"post","2":"type-post","3":"status-publish","4":"format-standard","5":"has-post-thumbnail","7":"category-foto","8":"category-general","9":"tag-mantienen-servicios-en-pandemia","10":"tag-metepec-servicios-publicos","11":"tag-rehabilitacion-de-luminarias","12":"tag-servicio-de-limpieza-municipal"},"wps_subtitle":"","_links":{"self":[{"href":"https:\/\/www.porlalibreedomex.com\/index.php?rest_route=\/wp\/v2\/posts\/42593","targetHints":{"allow":["GET"]}}],"collection":[{"href":"https:\/\/www.porlalibreedomex.com\/index.php?rest_route=\/wp\/v2\/posts"}],"about":[{"href":"https:\/\/www.porlalibreedomex.com\/index.php?rest_route=\/wp\/v2\/types\/post"}],"author":[{"embeddable":true,"href":"https:\/\/www.porlalibreedomex.com\/index.php?rest_route=\/wp\/v2\/users\/3"}],"replies":[{"embeddable":true,"href":"https:\/\/www.porlalibreedomex.com\/index.php?rest_route=%2Fwp%2Fv2%2Fcomments&post=42593"}],"version-history":[{"count":1,"href":"https:\/\/www.porlalibreedomex.com\/index.php?rest_route=\/wp\/v2\/posts\/42593\/revisions"}],"predecessor-version":[{"id":42598,"href":"https:\/\/www.porlalibreedomex.com\/index.php?rest_route=\/wp\/v2\/posts\/42593\/revisions\/42598"}],"wp:featuredmedia":[{"embeddable":true,"href":"https:\/\/www.porlalibreedomex.com\/index.php?rest_route=\/wp\/v2\/media\/42597"}],"wp:attachment":[{"href":"https:\/\/www.porlalibreedomex.com\/index.php?rest_route=%2Fwp%2Fv2%2Fmedia&parent=42593"}],"wp:term":[{"taxonomy":"category","embeddable":true,"href":"https:\/\/www.porlalibreedomex.com\/index.php?rest_route=%2Fwp%2Fv2%2Fcategories&post=42593"},{"taxonomy":"post_tag","embeddable":true,"href":"https:\/\/www.porlalibreedomex.com\/index.php?rest_route=%2Fwp%2Fv2%2Ftags&post=42593"}],"curies":[{"name":"wp","href":"https:\/\/api.w.org\/{rel}","templated":true}]}}