{"id":42542,"date":"2020-08-06T14:16:28","date_gmt":"2020-08-06T19:16:28","guid":{"rendered":"https:\/\/www.porlalibreedomex.com\/?p=42542"},"modified":"2020-08-06T14:16:28","modified_gmt":"2020-08-06T19:16:28","slug":"verdaderos-heroes-los-recolectores-de-basura-de-tecamac","status":"publish","type":"post","link":"https:\/\/www.porlalibreedomex.com\/?p=42542","title":{"rendered":"VERDADEROS H\u00c9ROES LOS RECOLECTORES DE BASURA DE TEC\u00c1MAC"},"content":{"rendered":"<ul>\n<li><em><strong>Sin importar la pandemia del Covid-19, salen desde antes del amanecer a trabajar<\/strong><\/em><\/li>\n<\/ul>\n<p>Por: Alejandro C\u00e9sar V\u00e1zquez<\/p>\n<p>Tec\u00e1mac, Estado de M\u00e9xico. Una verdadera labor est\u00e1 llevando a cabo los recolectores de desechos s\u00f3lidos que, ahora desafortunadamente, tambi\u00e9n se vuelven recolectores de desechos quir\u00fargicos y farmac\u00e9utico, e inclusive de miles de cubrebocas desechables que van directamente a las bolsas de basura dom\u00e9stica, por lo que hay que destacar la labor y ejemplo que est\u00e1n llevando a cabo la Asociaci\u00f3n de Recolectores de Desechos S\u00f3lidos de H\u00e9roes Tec\u00e1mac.<br \/>\nEste nombre lo llevan a cuestas cotidianamente, es decir, los 7 d\u00edas de la semana y se convierten redundantemente en h\u00e9roes de la poblaci\u00f3n cuyo liderazgo est\u00e1 a cargo de Vicente Rodr\u00edguez Est\u00e9vez.<br \/>\n\u201cAqu\u00ed no hay de qu\u00e9 se enferm\u00f3 o qu\u00e9 no pas\u00f3, inclusive hasta se ha llegado a pensar que han creado una inmunidad, al tener un contacto cotidiano con cierto tipo de bacterias o virus como el Covid-19, en este caso sin apoyo municipal, estatal o gubernamental\u201d, se\u00f1al\u00f3.<br \/>\nAgreg\u00f3 que al d\u00eda de hoy realizan, hoy en d\u00eda, uno de los trabajos m\u00e1s peligrosos equiparados quiz\u00e1s con los que ya conocemos, sin menospreciar la labor ardua que tambi\u00e9n paralelamente llevan a cabo los trabajadores de la salud, bomberos, grupos de emergencia y seguridad.<br \/>\nEn cuestiones ecol\u00f3gicas e inclusive de modernidad en cada una de sus unidades que operan en pueblos colonias y fraccionamientos, se ha caracterizado la labor y el empe\u00f1o de Rodr\u00edguez Est\u00e9vez, quien est\u00e1 muy atento de los trabajadores de desechos s\u00f3lidos para que en cualquier eventualidad puedan salir adelante, ellos y sus familias, sobre todo en esta \u00e9poca de incertidumbre y pandemia.<br \/>\nPor ello, es trascendental establecer mecanismos de seguridad entre estos prestadores de servicio y las autoridades, tanto municipales, estatales y federales, para el tema de los residuos s\u00f3lidos urbanos, principalmente y ahora farmacol\u00f3gicos, tengan una soluci\u00f3n para evitar una contaminaci\u00f3n grave, de rellenos sanitarios, r\u00edos, arroyos y mares.<br \/>\nComo parte de los planes, ser\u00e1 concientizar a la poblaci\u00f3n para que, desde nuestros hogares, podamos iniciar las acciones para controlar el exceso de residuos, as\u00ed como fomentar los h\u00e1bitos como lavarse las manos antes de comer o despu\u00e9s de ir al ba\u00f1o, m\u00e1s a\u00fan con el tema de la pandemia del Covid-19; adem\u00e1s de aprender a almacenar los residuos por separado, lo que redunda en la cultura ecol\u00f3gica, tan importante hoy en d\u00eda.<br \/>\nExisten muchas cosas que se pueden hacer para ayudar a resolver el problema de los residuos; de manera general las acciones que se pueden llevar a cabo se engloban dentro de: LAS 3 REGLAS, asegur\u00f3 uno de los entrevistados.<br \/>\nReducir la generaci\u00f3n de desechos, disminuyendo las cantidades que consumimos.<br \/>\nReutilizar al m\u00e1ximo los objetos y materiales en diferentes usos, antes de que se conviertan en basura.<br \/>\nReciclar los materiales, como el papel, cart\u00f3n, vidrio, pl\u00e1sticos como el PET, latas, etc., para convertirlos de nuevo en materia prima, \u00fatil para producir los mismos u otros objetos.<br \/>\nAunado a lo anterior, hoy nuestros h\u00e9roes de la recolecci\u00f3n, est\u00e1n convencidos que se debe de realizar un frente com\u00fan, para el m\u00e1ximo aprovechamiento de esos desechos s\u00f3lidos, como la clasificaci\u00f3n por origen. Aqu\u00ed hay que hacer un frente com\u00fan, de algo que se llama vida.<\/p>\n","protected":false},"excerpt":{"rendered":"<p>Sin importar la pandemia del Covid-19, salen desde antes del amanecer a trabajar Por: Alejandro C\u00e9sar V\u00e1zquez Tec\u00e1mac, Estado de M\u00e9xico. Una verdadera labor est\u00e1 llevando a cabo los recolectores de desechos s\u00f3lidos que, ahora desafortunadamente, tambi\u00e9n se vuelven recolectores de desechos quir\u00fargicos y farmac\u00e9utico, e inclusive de miles de cubrebocas desechables que van directamente [&hellip;]<\/p>\n","protected":false},"author":3,"featured_media":42543,"comment_status":"open","ping_status":"open","sticky":false,"template":"","format":"standard","meta":{"footnotes":""},"categories":[23,16],"tags":[19212,19211],"class_list":{"0":"post-42542","1":"post","2":"type-post","3":"status-publish","4":"format-standard","5":"has-post-thumbnail","7":"category-columna","8":"category-foto","9":"tag-alejandro-cesar-vazquez","10":"tag-recolectores-de-basura-tecamac"},"wps_subtitle":"","_links":{"self":[{"href":"https:\/\/www.porlalibreedomex.com\/index.php?rest_route=\/wp\/v2\/posts\/42542","targetHints":{"allow":["GET"]}}],"collection":[{"href":"https:\/\/www.porlalibreedomex.com\/index.php?rest_route=\/wp\/v2\/posts"}],"about":[{"href":"https:\/\/www.porlalibreedomex.com\/index.php?rest_route=\/wp\/v2\/types\/post"}],"author":[{"embeddable":true,"href":"https:\/\/www.porlalibreedomex.com\/index.php?rest_route=\/wp\/v2\/users\/3"}],"replies":[{"embeddable":true,"href":"https:\/\/www.porlalibreedomex.com\/index.php?rest_route=%2Fwp%2Fv2%2Fcomments&post=42542"}],"version-history":[{"count":1,"href":"https:\/\/www.porlalibreedomex.com\/index.php?rest_route=\/wp\/v2\/posts\/42542\/revisions"}],"predecessor-version":[{"id":42544,"href":"https:\/\/www.porlalibreedomex.com\/index.php?rest_route=\/wp\/v2\/posts\/42542\/revisions\/42544"}],"wp:featuredmedia":[{"embeddable":true,"href":"https:\/\/www.porlalibreedomex.com\/index.php?rest_route=\/wp\/v2\/media\/42543"}],"wp:attachment":[{"href":"https:\/\/www.porlalibreedomex.com\/index.php?rest_route=%2Fwp%2Fv2%2Fmedia&parent=42542"}],"wp:term":[{"taxonomy":"category","embeddable":true,"href":"https:\/\/www.porlalibreedomex.com\/index.php?rest_route=%2Fwp%2Fv2%2Fcategories&post=42542"},{"taxonomy":"post_tag","embeddable":true,"href":"https:\/\/www.porlalibreedomex.com\/index.php?rest_route=%2Fwp%2Fv2%2Ftags&post=42542"}],"curies":[{"name":"wp","href":"https:\/\/api.w.org\/{rel}","templated":true}]}}