{"id":42475,"date":"2020-08-04T22:49:06","date_gmt":"2020-08-05T03:49:06","guid":{"rendered":"https:\/\/www.porlalibreedomex.com\/?p=42475"},"modified":"2020-08-04T22:49:06","modified_gmt":"2020-08-05T03:49:06","slug":"la-uaem-brinda-oportunidades-a-quienes-mas-lo-necesitan-alfredo-barrera","status":"publish","type":"post","link":"https:\/\/www.porlalibreedomex.com\/?p=42475","title":{"rendered":"LA UAEM BRINDA OPORTUNIDADES A QUIENES M\u00c1S LO NECESITAN: ALFREDO BARRERA"},"content":{"rendered":"<p>&nbsp;<\/p>\n<ul>\n<li><strong><em>Los d\u00edas 6 y 7 de agosto cuatro mil 300 j\u00f3venes que no cuentan con una computadora o no tienen servicio de internet estable en casa realizar\u00e1n su examen de ingreso a la instituci\u00f3n.\u00a0<\/em><\/strong><\/li>\n<li><strong><em>Para ello, la m\u00e1xima casa de estudios mexiquense habilit\u00f3 y sanitiz\u00f3 en todo el territorio estatal 33 salas de c\u00f3mputo en diversos espacios universitarios o del gobierno de la entidad.\u00a0<\/em><\/strong><\/li>\n<li><strong><em>La instituci\u00f3n ampliar\u00e1 la cobertura para la docencia universitaria y la matr\u00edcula alcanzar\u00e1 los 90 mil estudiantes durante el ciclo escolar 2020-2021.\u00a0<\/em><\/strong><\/li>\n<\/ul>\n<p><strong><em>\u00a0<\/em><\/strong><\/p>\n<p><strong>Toluca, M\u00e9xico, 4 de agosto de 2020<\/strong>.\u00a0Los d\u00edas jueves 6 y viernes 7 de agosto cuatro mil 300 j\u00f3venes que no cuentan con una computadora o no tienen servicio de internet estable en casa realizar\u00e1n su examen de ingreso a los niveles medio y superior de la Universidad Aut\u00f3noma del Estado de M\u00e9xico, inform\u00f3 el rector Alfredo Barrera Baca, quien destac\u00f3 que de esta manera, la instituci\u00f3n brinda a quienes m\u00e1s lo necesitan, la oportunidad de continuar con sus estudios.<\/p>\n<p>Para ello, abund\u00f3, la m\u00e1xima casa de estudios mexiquense habilit\u00f3 y sanitiz\u00f3 en todo el territorio estatal 33 salas de c\u00f3mputo en diversos espacios universitarios o del gobierno de la entidad.<\/p>\n<p>\u201cDesde el proceso de preinscripci\u00f3n detectamos a los j\u00f3venes que no contaban con lo necesario para realizar su examen, as\u00ed que estamos haciendo el esfuerzo por darles la misma oportunidad que tuvieron quienes s\u00ed pudieron presentarlo desde casa del 23 al 25 de julio\u201d.<\/p>\n<p><a href=\"https:\/\/www.porlalibreedomex.com\/wp-content\/uploads\/2020\/07\/Rector-Alfredo-Barrera-Jannet-Valero-videoconf-2020-07-19-at-1.03.01-PM.jpeg\"><img loading=\"lazy\" decoding=\"async\" class=\"alignright size-medium wp-image-42011\" src=\"https:\/\/www.porlalibreedomex.com\/wp-content\/uploads\/2020\/07\/Rector-Alfredo-Barrera-Jannet-Valero-videoconf-2020-07-19-at-1.03.01-PM-300x178.jpeg\" alt=\"\" width=\"300\" height=\"178\" srcset=\"https:\/\/www.porlalibreedomex.com\/wp-content\/uploads\/2020\/07\/Rector-Alfredo-Barrera-Jannet-Valero-videoconf-2020-07-19-at-1.03.01-PM-300x178.jpeg 300w, https:\/\/www.porlalibreedomex.com\/wp-content\/uploads\/2020\/07\/Rector-Alfredo-Barrera-Jannet-Valero-videoconf-2020-07-19-at-1.03.01-PM-768x455.jpeg 768w, https:\/\/www.porlalibreedomex.com\/wp-content\/uploads\/2020\/07\/Rector-Alfredo-Barrera-Jannet-Valero-videoconf-2020-07-19-at-1.03.01-PM.jpeg 1024w\" sizes=\"auto, (max-width: 300px) 100vw, 300px\" \/><\/a><\/p>\n<p>Por otra parte, aclar\u00f3 que <strong>fueron muy pocos los aspirantes que al hacer el examen desde su hogar presentaron alguna dificultad en la funcionalidad de su equipo y a ellos tambi\u00e9n se les dar\u00e1 la oportunidad de realizar el examen.<\/strong> \u201cSe trata de 300 a 350 j\u00f3venes que se suman a los cuatro mil 300, en su mayor\u00eda del norte, sur y oriente de la entidad\u201d.<\/p>\n<p>Precis\u00f3 que el siguiente ciclo escolar la UAEM, como muchas otras instituciones, entrar\u00e1 a una modalidad de trabajo mixto, h\u00edbrido. \u201cTendremos algunas actividades presenciales, las menos, ya que la mayor parte del quehacer acad\u00e9mico, art\u00edstico y cultural de la instituci\u00f3n se llevar\u00e1 a cabo de manera virtual\u201d.<\/p>\n<p>Ello, puntualiz\u00f3 Barrera Baca, nos plantea la posibilidad de ampliar la cobertura para la docencia universitaria. \u201cEstamos hablando de mil a mil 400 nuevos lugares. De manera que la matr\u00edcula alcanzar\u00e1 los 90 mil estudiantes durante el ciclo escolar 2020-2021\u201d.<\/p>\n<p>Asimismo, indic\u00f3 que el ciclo escolar iniciar\u00e1 el 2 de septiembre, un mes despu\u00e9s de lo habitual. \u201cTenemos un mes para afinar los detalles para el regreso a la actividad acad\u00e9mica de la instituci\u00f3n y para ello, muchos administrativos ya regresaron a sus labores.\u201d<\/p>\n<p>Sostuvo que una buena parte de las clases ser\u00e1n virtuales y principalmente las pr\u00e1cticas se llevar\u00e1n a cabo de manera presencial, en laboratorios, talleres, salas de c\u00f3mputo y centros de auto acceso.<\/p>\n<p>En este sentido, afirm\u00f3 que ha habido un gran proceso de capacitaci\u00f3n para profesores y alumnos. \u201cIdentificamos el software educativo que podr\u00eda apoyar la calidad del aprendizaje de los estudiantes. Seguiremos trabajando desde las plataformas de comunicaci\u00f3n virtual, preferentemente con Microsoft Teams, pero tambi\u00e9n con softwares de laboratorios virtuales que nos permitir\u00e1n mejorar el aprendizaje en aquellas \u00e1reas en las que las habilidades y destrezas son parte importante de la formaci\u00f3n de los j\u00f3venes\u201d.<\/p>\n<p>Finalmente, Alfredo Barrera Baca reiter\u00f3 que los resultados del proceso de ingreso a la Universidad Aut\u00f3noma del Estado de M\u00e9xico se dar\u00e1n a conocer los d\u00edas 24 y 25 de agosto.<\/p>\n","protected":false},"excerpt":{"rendered":"<p>&nbsp; Los d\u00edas 6 y 7 de agosto cuatro mil 300 j\u00f3venes que no cuentan con una computadora o no tienen servicio de internet estable en casa realizar\u00e1n su examen de ingreso a la instituci\u00f3n.\u00a0 Para ello, la m\u00e1xima casa de estudios mexiquense habilit\u00f3 y sanitiz\u00f3 en todo el territorio estatal 33 salas de c\u00f3mputo [&hellip;]<\/p>\n","protected":false},"author":3,"featured_media":42476,"comment_status":"open","ping_status":"open","sticky":false,"template":"","format":"standard","meta":{"footnotes":""},"categories":[16,9150],"tags":[19181,19179,9070,19180],"class_list":{"0":"post-42475","1":"post","2":"type-post","3":"status-publish","4":"format-standard","5":"has-post-thumbnail","7":"category-foto","8":"category-politica","9":"tag-llegara-uaem-a-90-mil-alumnos","10":"tag-oportunidades-a-necesitados","11":"tag-rector-alfredo-barrera-baca","12":"tag-uaem-otro-examen-de-admision"},"wps_subtitle":"","_links":{"self":[{"href":"https:\/\/www.porlalibreedomex.com\/index.php?rest_route=\/wp\/v2\/posts\/42475","targetHints":{"allow":["GET"]}}],"collection":[{"href":"https:\/\/www.porlalibreedomex.com\/index.php?rest_route=\/wp\/v2\/posts"}],"about":[{"href":"https:\/\/www.porlalibreedomex.com\/index.php?rest_route=\/wp\/v2\/types\/post"}],"author":[{"embeddable":true,"href":"https:\/\/www.porlalibreedomex.com\/index.php?rest_route=\/wp\/v2\/users\/3"}],"replies":[{"embeddable":true,"href":"https:\/\/www.porlalibreedomex.com\/index.php?rest_route=%2Fwp%2Fv2%2Fcomments&post=42475"}],"version-history":[{"count":1,"href":"https:\/\/www.porlalibreedomex.com\/index.php?rest_route=\/wp\/v2\/posts\/42475\/revisions"}],"predecessor-version":[{"id":42477,"href":"https:\/\/www.porlalibreedomex.com\/index.php?rest_route=\/wp\/v2\/posts\/42475\/revisions\/42477"}],"wp:featuredmedia":[{"embeddable":true,"href":"https:\/\/www.porlalibreedomex.com\/index.php?rest_route=\/wp\/v2\/media\/42476"}],"wp:attachment":[{"href":"https:\/\/www.porlalibreedomex.com\/index.php?rest_route=%2Fwp%2Fv2%2Fmedia&parent=42475"}],"wp:term":[{"taxonomy":"category","embeddable":true,"href":"https:\/\/www.porlalibreedomex.com\/index.php?rest_route=%2Fwp%2Fv2%2Fcategories&post=42475"},{"taxonomy":"post_tag","embeddable":true,"href":"https:\/\/www.porlalibreedomex.com\/index.php?rest_route=%2Fwp%2Fv2%2Ftags&post=42475"}],"curies":[{"name":"wp","href":"https:\/\/api.w.org\/{rel}","templated":true}]}}