{"id":42008,"date":"2020-07-19T01:09:17","date_gmt":"2020-07-19T06:09:17","guid":{"rendered":"https:\/\/www.porlalibreedomex.com\/?p=42008"},"modified":"2020-07-20T01:12:16","modified_gmt":"2020-07-20T06:12:16","slug":"la-uaem-sin-deudas-con-el-issemym-alfredo-barrera","status":"publish","type":"post","link":"https:\/\/www.porlalibreedomex.com\/?p=42008","title":{"rendered":"LA UAEM SIN DEUDAS CON EL ISSEMYM: ALFREDO BARRERA"},"content":{"rendered":"<p>&nbsp;<\/p>\n<p>&nbsp;<\/p>\n<ul>\n<li><strong>Se inform\u00f3 que hasta el momento la UAEM ha cubierto puntualmente las contribuciones del convenio con el Instituto, as\u00ed como las aportaciones mensuales.<\/strong><\/li>\n<\/ul>\n<p>&nbsp;<\/p>\n<p><strong>Toluca, M\u00e9xico, 19 de julio de 2020.<\/strong> El H. Consejo Universitario de la Universidad Aut\u00f3noma del Estado de M\u00e9xico aprob\u00f3 por unanimidad los estados financieros de la instituci\u00f3n correspondientes al cuarto trimestre del ejercicio fiscal 2019, que reportaron que no existe ning\u00fan adeudo con el Instituto de Seguridad Social del Estado de M\u00e9xico y Municipios (ISSEMyM), ya que hasta el momento se han cubierto puntualmente las contribuciones del convenio signado con dicha instituci\u00f3n, as\u00ed como las aportaciones mensuales.<br \/>\nDurante la sesi\u00f3n ordinaria correspondiente al mes de julio del m\u00e1ximo \u00f3rgano colegiado de la UAEM, que presidi\u00f3 en l\u00ednea el rector Alfredo Barrera Baca, se afirm\u00f3 que los estados financieros del a\u00f1o fiscal 2019 reflejan que a partir de la Administraci\u00f3n 2017-2021 las estrategias de reducci\u00f3n de costos, contenci\u00f3n del gasto y ahorro generaron valores positivos para la instituci\u00f3n.<a href=\"https:\/\/www.porlalibreedomex.com\/wp-content\/uploads\/2020\/07\/Rector-Alfredo-Barrera-Sin-adeudos-con-el-ISSEMYM-2020-07-19.jpeg\"><img loading=\"lazy\" decoding=\"async\" class=\"aligncenter size-full wp-image-42010\" src=\"https:\/\/www.porlalibreedomex.com\/wp-content\/uploads\/2020\/07\/Rector-Alfredo-Barrera-Sin-adeudos-con-el-ISSEMYM-2020-07-19.jpeg\" alt=\"\" width=\"732\" height=\"914\" srcset=\"https:\/\/www.porlalibreedomex.com\/wp-content\/uploads\/2020\/07\/Rector-Alfredo-Barrera-Sin-adeudos-con-el-ISSEMYM-2020-07-19.jpeg 732w, https:\/\/www.porlalibreedomex.com\/wp-content\/uploads\/2020\/07\/Rector-Alfredo-Barrera-Sin-adeudos-con-el-ISSEMYM-2020-07-19-240x300.jpeg 240w\" sizes=\"auto, (max-width: 732px) 100vw, 732px\" \/><\/a><br \/>\nEn este marco fueron presentados los resultados de la auditor\u00eda externa del ejercicio 2019 de la UAEM por parte del despacho de contadores independientes Deghosa Internacional Consultores S.C., que revelan que los estados financieros han sido preparados en todos los aspectos importantes, de conformidad con las disposiciones en materia de informaci\u00f3n financiera de la Ley General de Contabilidad Gubernamental y el Manual \u00danico de Contabilidad Gubernamental.<br \/>\nAdem\u00e1s, el m\u00e1ximo \u00f3rgano de gobierno de la UAEM aprob\u00f3 de forma un\u00e1nime la creaci\u00f3n del Diplomado Superior en Derechos Humanos que ofertar\u00e1 el Centro Universitario UAEM Texcoco, con el objeto de actualizar a profesionistas y egresados en el sistema normativo de los derechos humanos para que adquieran mayor competencia en la toma de decisiones.<br \/>\nEste nuevo programa, con duraci\u00f3n de 210 horas, integrar\u00e1 unidades de aprendizaje relativas a la normatividad constitucional, derechos humanos, gobernanza municipal, gobernabilidad, pol\u00edticas p\u00fablicas, gobierno, cultura de la legalidad, profesionalizaci\u00f3n de servidores p\u00fablicos y \u00e9tica p\u00fablica.<br \/>\nEn esta sesi\u00f3n se inform\u00f3 que los programas de posgrado de la Facultad de Turismo y Gastronom\u00eda, Derecho e Ingenier\u00eda, as\u00ed como las licenciaturas del Centro Universitario UAEM Temascaltepec y la Facultad de Odontolog\u00eda, fueron reestructurados e integraron los cursos obligatorios de \u00e9tica de la confianza como responsabilidad y \u00e9tica de la persona y la comunidad, que sin duda abonar\u00e1n a la formaci\u00f3n integral de los universitarios.<\/p>\n","protected":false},"excerpt":{"rendered":"<p>&nbsp; &nbsp; Se inform\u00f3 que hasta el momento la UAEM ha cubierto puntualmente las contribuciones del convenio con el Instituto, as\u00ed como las aportaciones mensuales. &nbsp; Toluca, M\u00e9xico, 19 de julio de 2020. El H. Consejo Universitario de la Universidad Aut\u00f3noma del Estado de M\u00e9xico aprob\u00f3 por unanimidad los estados financieros de la instituci\u00f3n correspondientes [&hellip;]<\/p>\n","protected":false},"author":3,"featured_media":42011,"comment_status":"open","ping_status":"open","sticky":false,"template":"","format":"standard","meta":{"footnotes":""},"categories":[16,9150],"tags":[18959,12135,18958],"class_list":{"0":"post-42008","1":"post","2":"type-post","3":"status-publish","4":"format-standard","5":"has-post-thumbnail","7":"category-foto","8":"category-politica","9":"tag-convenio-uaem-issemym","10":"tag-rector-alfredo-barrera","11":"tag-uaem-al-corriente-con-issemym"},"wps_subtitle":"ENCABEZ\u00d3 el Rector la sesi\u00f3n ordinaria del mes de julio del H. Consejo Universitario","_links":{"self":[{"href":"https:\/\/www.porlalibreedomex.com\/index.php?rest_route=\/wp\/v2\/posts\/42008","targetHints":{"allow":["GET"]}}],"collection":[{"href":"https:\/\/www.porlalibreedomex.com\/index.php?rest_route=\/wp\/v2\/posts"}],"about":[{"href":"https:\/\/www.porlalibreedomex.com\/index.php?rest_route=\/wp\/v2\/types\/post"}],"author":[{"embeddable":true,"href":"https:\/\/www.porlalibreedomex.com\/index.php?rest_route=\/wp\/v2\/users\/3"}],"replies":[{"embeddable":true,"href":"https:\/\/www.porlalibreedomex.com\/index.php?rest_route=%2Fwp%2Fv2%2Fcomments&post=42008"}],"version-history":[{"count":3,"href":"https:\/\/www.porlalibreedomex.com\/index.php?rest_route=\/wp\/v2\/posts\/42008\/revisions"}],"predecessor-version":[{"id":42014,"href":"https:\/\/www.porlalibreedomex.com\/index.php?rest_route=\/wp\/v2\/posts\/42008\/revisions\/42014"}],"wp:featuredmedia":[{"embeddable":true,"href":"https:\/\/www.porlalibreedomex.com\/index.php?rest_route=\/wp\/v2\/media\/42011"}],"wp:attachment":[{"href":"https:\/\/www.porlalibreedomex.com\/index.php?rest_route=%2Fwp%2Fv2%2Fmedia&parent=42008"}],"wp:term":[{"taxonomy":"category","embeddable":true,"href":"https:\/\/www.porlalibreedomex.com\/index.php?rest_route=%2Fwp%2Fv2%2Fcategories&post=42008"},{"taxonomy":"post_tag","embeddable":true,"href":"https:\/\/www.porlalibreedomex.com\/index.php?rest_route=%2Fwp%2Fv2%2Ftags&post=42008"}],"curies":[{"name":"wp","href":"https:\/\/api.w.org\/{rel}","templated":true}]}}