{"id":41889,"date":"2020-07-15T22:16:19","date_gmt":"2020-07-16T03:16:19","guid":{"rendered":"https:\/\/www.porlalibreedomex.com\/?p=41889"},"modified":"2020-07-15T22:16:19","modified_gmt":"2020-07-16T03:16:19","slug":"maullidos-urbanos-inflacion-gasolina-y-electricidad","status":"publish","type":"post","link":"https:\/\/www.porlalibreedomex.com\/?p=41889","title":{"rendered":"Maullidos Urbanos \/ Inflaci\u00f3n, gasolina y electricidad"},"content":{"rendered":"<div class=\"gs\">\n<div class=\"\">\n<div id=\":o1\" class=\"ii gt\">\n<div id=\":o0\" class=\"a3s aXjCH \">\n<div>\n<div>\n<div>\n<div dir=\"ltr\">\n<div>\n<p>&nbsp;<\/p>\n<p><strong>Gato de Barrio<\/strong><\/p>\n<p align=\"right\"><strong><i><a href=\"mailto:gatodebarrio@yahoo.com.mx\" target=\"_blank\" rel=\"nofollow noopener noreferrer\">gatodebarrio@yahoo.com.mx<\/a><\/i><\/strong><i><\/i><\/p>\n<p>El tema de los precios de los energ\u00e9ticos representa un problema para el gobierno federal. Recu\u00e9rdese que una de las promesas electorales de Andr\u00e9s Manuel L\u00f3pez Obrador fue que los energ\u00e9ticos, como la gasolina y la electricidad, no subir\u00edan su precio m\u00e1s all\u00e1 de la inflaci\u00f3n.<\/p>\n<p>Sin embargo, de acuerdo con el documento \u201cPrograma Sectorial de Energ\u00eda 2020-2024\u201d, emitido el 8 de julio por la Secretar\u00eda de Energ\u00eda, como parte integrante del Plan Nacional de Desarrollo 2019-2024, se anticipa que para los pr\u00f3ximos cinco a\u00f1os el precio de la energ\u00eda seguir\u00e1 aumentando por arriba de la inflaci\u00f3n.<\/p>\n<p>Se admite que \u201cactualmente los precios de los energ\u00e9ticos de consumo final se\u00f1alados, son mayores en 0.42% a la inflaci\u00f3n\u201d, consider\u00e1ndose a estos a la electricidad dom\u00e9stica, di\u00e9sel, gas LP y las gasolinas en sus diferentes presentaciones.<\/p>\n<p>Aunque se explica que \u201cla Secretar\u00eda de Energ\u00eda realizar\u00e1 las acciones necesarias dentro de su competencia, para mantener estables los precios de los energ\u00e9ticos\u201d, tambi\u00e9n se reconoce que, \u201csin embargo, dado que el indicador se encuentra en funci\u00f3n de las decisiones que la Secretar\u00eda de Hacienda y Cr\u00e9dito P\u00fablico y la Comisi\u00f3n Reguladora de Energ\u00eda, tomen en el \u00e1mbito de sus atribuciones; la meta para 2024 puede tener variaciones\u201d.<\/p>\n<p>Consid\u00e9rese que el costo de las energ\u00edas primarias se fija por las condiciones internacionales; as\u00ed, las autoridades nacionales no pueden fijar sus precios, por lo que se insiste que para los pr\u00f3ximos cinco a\u00f1os aumentar\u00e1 el precio de la energ\u00eda por arriba de la inflaci\u00f3n.<\/p>\n<p>Recu\u00e9rdese que el 22 de marzo L\u00f3pez Obrador presumi\u00f3 haber ordenado la baja en el precio de las gasolinas cuando no estaba dentro de su \u00e1mbito decisi\u00f3n; en realidad, ese descenso se gener\u00f3 por la guerra internacional de precios. As\u00ed, despu\u00e9s de que el litro se ubic\u00f3 hasta en catorce pesos, actualmente volvi\u00f3 a elevarse y est\u00e1 a punto de llegar a los 19 pesos.<\/p>\n<p>Recientemente el Inegi report\u00f3 que el \u00cdndice Nacional de Precios al Consumidor tuvo un alza de 0.55% respecto a mayo, as\u00ed la inflaci\u00f3n anual fue de 3.3%, la tasa m\u00e1s alta desde julio de 2019, cifra impulsada por aumentos en los precios de gasolinas, gas LP, pollo y naranja.<\/p>\n<p>Entonces el gobierno federal, m\u00e1s precisamente el presidente L\u00f3pez Obrador, tiene un problema de dif\u00edcil resoluci\u00f3n y compromete una de sus principales promesas pol\u00edticas. Ser\u00e1 necesario ver c\u00f3mo las autoridades hacendarias y energ\u00e9ticas enfrentan esta situaci\u00f3n y logran equilibrar los precios de gasolinas y electricidad para que no repercutan en la inflaci\u00f3n y, a su vez, estos factores no incidan en otras \u00e1reas econ\u00f3micas.<\/p>\n<\/div>\n<\/div>\n<\/div>\n<\/div>\n<\/div>\n<\/div>\n<\/div>\n<div class=\"hi\"><\/div>\n<\/div>\n<\/div>\n","protected":false},"excerpt":{"rendered":"<p>&nbsp; Gato de Barrio gatodebarrio@yahoo.com.mx El tema de los precios de los energ\u00e9ticos representa un problema para el gobierno federal. Recu\u00e9rdese que una de las promesas electorales de Andr\u00e9s Manuel L\u00f3pez Obrador fue que los energ\u00e9ticos, como la gasolina y la electricidad, no subir\u00edan su precio m\u00e1s all\u00e1 de la inflaci\u00f3n. Sin embargo, de acuerdo [&hellip;]<\/p>\n","protected":false},"author":3,"featured_media":41890,"comment_status":"open","ping_status":"open","sticky":false,"template":"","format":"standard","meta":{"footnotes":""},"categories":[23,16],"tags":[18899,6315,11389,18900,18898],"class_list":{"0":"post-41889","1":"post","2":"type-post","3":"status-publish","4":"format-standard","5":"has-post-thumbnail","7":"category-columna","8":"category-foto","9":"tag-combustibles-suben-mas-que-la-inflacion","10":"tag-gato-de-barrio","11":"tag-maullidos-urbanos","12":"tag-otra-promesa-rota-de-amlo","13":"tag-promesa-rota-aumento-combustibles"},"wps_subtitle":"OTRO COMPROMISO DE CAMPA\u00d1A DE AMLO, ROTO","_links":{"self":[{"href":"https:\/\/www.porlalibreedomex.com\/index.php?rest_route=\/wp\/v2\/posts\/41889","targetHints":{"allow":["GET"]}}],"collection":[{"href":"https:\/\/www.porlalibreedomex.com\/index.php?rest_route=\/wp\/v2\/posts"}],"about":[{"href":"https:\/\/www.porlalibreedomex.com\/index.php?rest_route=\/wp\/v2\/types\/post"}],"author":[{"embeddable":true,"href":"https:\/\/www.porlalibreedomex.com\/index.php?rest_route=\/wp\/v2\/users\/3"}],"replies":[{"embeddable":true,"href":"https:\/\/www.porlalibreedomex.com\/index.php?rest_route=%2Fwp%2Fv2%2Fcomments&post=41889"}],"version-history":[{"count":1,"href":"https:\/\/www.porlalibreedomex.com\/index.php?rest_route=\/wp\/v2\/posts\/41889\/revisions"}],"predecessor-version":[{"id":41891,"href":"https:\/\/www.porlalibreedomex.com\/index.php?rest_route=\/wp\/v2\/posts\/41889\/revisions\/41891"}],"wp:featuredmedia":[{"embeddable":true,"href":"https:\/\/www.porlalibreedomex.com\/index.php?rest_route=\/wp\/v2\/media\/41890"}],"wp:attachment":[{"href":"https:\/\/www.porlalibreedomex.com\/index.php?rest_route=%2Fwp%2Fv2%2Fmedia&parent=41889"}],"wp:term":[{"taxonomy":"category","embeddable":true,"href":"https:\/\/www.porlalibreedomex.com\/index.php?rest_route=%2Fwp%2Fv2%2Fcategories&post=41889"},{"taxonomy":"post_tag","embeddable":true,"href":"https:\/\/www.porlalibreedomex.com\/index.php?rest_route=%2Fwp%2Fv2%2Ftags&post=41889"}],"curies":[{"name":"wp","href":"https:\/\/api.w.org\/{rel}","templated":true}]}}