{"id":41829,"date":"2020-07-13T23:58:46","date_gmt":"2020-07-14T04:58:46","guid":{"rendered":"https:\/\/www.porlalibreedomex.com\/?p=41829"},"modified":"2020-07-13T23:58:46","modified_gmt":"2020-07-14T04:58:46","slug":"concluyen-registro-50-mil-mexiquenses-para-acceder-al-programa-de-apoyo-al-desempleo","status":"publish","type":"post","link":"https:\/\/www.porlalibreedomex.com\/?p=41829","title":{"rendered":"CONCLUYEN REGISTRO 50 MIL MEXIQUENSES PARA ACCEDER AL PROGRAMA DE APOYO AL DESEMPLEO"},"content":{"rendered":"<p>&nbsp;<\/p>\n<p>\u2022<strong> Indican la buena recepci\u00f3n de este programa implementado por el GEM ante la crisis econ\u00f3mica causada por la contingencia sanitaria por COVID-19.<\/strong><br \/>\n<strong>\u2022 Recibir\u00e1n dicho apoyo en dos exhibiciones, una en julio y otra en agosto para sumar 3 mil pesos.<\/strong><\/p>\n<p>&nbsp;<\/p>\n<p><strong>Toluca, Estado de M\u00e9xico, 13 de julio de 2020.<\/strong> Los 50 mil registros orientados para el Programa de Apoyo al Desempleo, implementado por el Gobierno del Estado de M\u00e9xico, se agotaron en unas horas, indicativo de la buena recepci\u00f3n que tuvo este apoyo por parte de los mexiquenses.<\/p>\n<p>Una vez concluido el tr\u00e1mite, los beneficiarios podr\u00e1n obtener recursos econ\u00f3micos en dos fechas: una en julio y otra en el mes de agosto, para sumar un total de 3 mil pesos.<\/p>\n<p>El Gobierno del Estado de M\u00e9xico refrenda as\u00ed su compromiso de apoyar a los mexiquenses que resultaron afectados econ\u00f3micamente por la pandemia causada por el virus SARS-CoV-2, en este caso quienes perdieron su fuente de trabajo.<\/p>\n<p>El Programa de Apoyo al Desempleo contempla una inversi\u00f3n de 150 millones de pesos y se suma a otros apoyos en beneficio de la econom\u00eda de las familias mexiquenses.<\/p>\n","protected":false},"excerpt":{"rendered":"<p>&nbsp; \u2022 Indican la buena recepci\u00f3n de este programa implementado por el GEM ante la crisis econ\u00f3mica causada por la contingencia sanitaria por COVID-19. \u2022 Recibir\u00e1n dicho apoyo en dos exhibiciones, una en julio y otra en agosto para sumar 3 mil pesos. &nbsp; Toluca, Estado de M\u00e9xico, 13 de julio de 2020. Los 50 [&hellip;]<\/p>\n","protected":false},"author":3,"featured_media":41830,"comment_status":"open","ping_status":"open","sticky":false,"template":"","format":"standard","meta":{"footnotes":""},"categories":[16,9150],"tags":[18873,9745,14659],"class_list":{"0":"post-41829","1":"post","2":"type-post","3":"status-publish","4":"format-standard","5":"has-post-thumbnail","7":"category-foto","8":"category-politica","9":"tag-apoyos-economicos-a-mexiquenses","10":"tag-rodrigo-jarque-lira","11":"tag-secretaria-de-finanzas-edomex"},"wps_subtitle":"","_links":{"self":[{"href":"https:\/\/www.porlalibreedomex.com\/index.php?rest_route=\/wp\/v2\/posts\/41829","targetHints":{"allow":["GET"]}}],"collection":[{"href":"https:\/\/www.porlalibreedomex.com\/index.php?rest_route=\/wp\/v2\/posts"}],"about":[{"href":"https:\/\/www.porlalibreedomex.com\/index.php?rest_route=\/wp\/v2\/types\/post"}],"author":[{"embeddable":true,"href":"https:\/\/www.porlalibreedomex.com\/index.php?rest_route=\/wp\/v2\/users\/3"}],"replies":[{"embeddable":true,"href":"https:\/\/www.porlalibreedomex.com\/index.php?rest_route=%2Fwp%2Fv2%2Fcomments&post=41829"}],"version-history":[{"count":1,"href":"https:\/\/www.porlalibreedomex.com\/index.php?rest_route=\/wp\/v2\/posts\/41829\/revisions"}],"predecessor-version":[{"id":41831,"href":"https:\/\/www.porlalibreedomex.com\/index.php?rest_route=\/wp\/v2\/posts\/41829\/revisions\/41831"}],"wp:featuredmedia":[{"embeddable":true,"href":"https:\/\/www.porlalibreedomex.com\/index.php?rest_route=\/wp\/v2\/media\/41830"}],"wp:attachment":[{"href":"https:\/\/www.porlalibreedomex.com\/index.php?rest_route=%2Fwp%2Fv2%2Fmedia&parent=41829"}],"wp:term":[{"taxonomy":"category","embeddable":true,"href":"https:\/\/www.porlalibreedomex.com\/index.php?rest_route=%2Fwp%2Fv2%2Fcategories&post=41829"},{"taxonomy":"post_tag","embeddable":true,"href":"https:\/\/www.porlalibreedomex.com\/index.php?rest_route=%2Fwp%2Fv2%2Ftags&post=41829"}],"curies":[{"name":"wp","href":"https:\/\/api.w.org\/{rel}","templated":true}]}}