{"id":41757,"date":"2020-07-10T00:55:57","date_gmt":"2020-07-10T05:55:57","guid":{"rendered":"https:\/\/www.porlalibreedomex.com\/?p=41757"},"modified":"2020-07-11T00:56:15","modified_gmt":"2020-07-11T05:56:15","slug":"colabora-codhem-con-autoridades-de-edomex-en-atencion-a-la-pandemia-con-respeto-a-los-derechos-humanos","status":"publish","type":"post","link":"https:\/\/www.porlalibreedomex.com\/?p=41757","title":{"rendered":"COLABORA CODHEM CON AUTORIDADES  DE EDOM\u00c9X EN ATENCI\u00d3N A LA PANDEMIA CON RESPETO A LOS DERECHOS HUMANOS"},"content":{"rendered":"<div class=\"gs\">\n<div class=\"\">\n<div id=\":rf\" class=\"ii gt\">\n<div id=\":rg\" class=\"a3s aXjCH \">\n<div id=\"m_8636294404854571906ydp56750cebyiv9437636308\">\n<div dir=\"ltr\">\n<p>&nbsp;<\/p>\n<p>&nbsp;<\/p>\n<ul>\n<li><i>La Recomendaci\u00f3n General 1\/2020 sobre la Atenci\u00f3n a la Pandemia del COVID-19 con perspectiva de Derechos Humanos ha sido aceptada por el Poder Ejecutivo del Estado de M\u00e9xico, 34 Ayuntamientos y la Fiscal\u00eda General de Justicia.<\/i><\/li>\n<li><i>La Recomendaci\u00f3n General 2\/2020, sobre el Uso del Cubrebocas para garantizar el Derecho a la Protecci\u00f3n de la Salud frente al COVID-19<\/i>,<i>\u00a0ya fue aceptada por el Poder Ejecutivo estatal y 16 Ayuntamientos.<\/i><\/li>\n<\/ul>\n<p><i>\u00a0<\/i><\/p>\n<p><b>Toluca, Estado de M\u00e9xico, 10 de julio de 2020.-<\/b>\u00a0La Comisi\u00f3n de Derechos Humanos del Estado de M\u00e9xico (Codhem) se mantiene atenta a la actuaci\u00f3n de las autoridades estatales y municipales, en la atenci\u00f3n y prevenci\u00f3n de contagios del COVID-19 y colabora a trav\u00e9s de las acciones y las propuestas contenidas en las Recomendaciones Generales 1\/2020 y 2\/2020, referentes a la actual emergencia sanitaria.<\/p>\n<p>En d\u00edas recientes, la Codhem recibi\u00f3 los documentos oficiales de aceptaci\u00f3n de la Recomendaci\u00f3n General 1\/2020 sobre la Atenci\u00f3n a la Pandemia por COVID-19 con perspectiva de Derechos Humanos, por parte del Gobierno del Estado de M\u00e9xico y de los Ayuntamientos de Tezoyuca, Donato Guerra y Ayapango, con los cuales suman 34 gobiernos municipales mexiquenses, adem\u00e1s de la Fiscal\u00eda General de Justicia del Estado de M\u00e9xico (FGJEM).<\/p>\n<p>Con base en ello, se trabaja ya de manera coordinada con autoridades municipales y estatales para fortalecer medidas de prevenci\u00f3n que conlleven a evitar, contener contagios y preservar el derecho a la protecci\u00f3n de la salud y de la vida, en especial de los grupos en situaci\u00f3n de vulnerabilidad.<\/p>\n<p>Respecto a la Recomendaci\u00f3n General 2\/2020 sobre el Uso del Cubrebocas para garantizar el Derecho a la Protecci\u00f3n de la Salud frente al COVID-19, se recibieron las aceptaciones oficiales de las y los alcaldes de Tezoyuca, Donato Guerra, Tepetlixpa, Ayapango y Valle de Chalco, con los cuales son ya 16 municipios, adem\u00e1s del Gobierno del Estado de M\u00e9xico.<\/p>\n<p>En este contexto, las autoridades locales y estatales manifiestan su disposici\u00f3n para cumplir los puntos recomendatorios que permitir\u00e1n mantener informada a la poblaci\u00f3n de manera pertinente y clara, a fin de concientizarla sobre la responsabilidad social que tienen en la prevenci\u00f3n y contenci\u00f3n del virus SARS-Cov2, que implica la participaci\u00f3n corresponsable de todas las personas; as\u00ed como la aplicaci\u00f3n de toda medida en estricto apego a la legalidad y con absoluto respeto a la dignidad humana.<\/p>\n<p>La Codhem reconoce y celebra la disposici\u00f3n de las autoridades para preservar los derechos humanos y reitera su compromiso de colaboraci\u00f3n para velar por el bienestar de las y los mexiquenses.<\/p>\n<\/div>\n<\/div>\n<\/div>\n<\/div>\n<div class=\"hi\"><\/div>\n<\/div>\n<\/div>\n","protected":false},"excerpt":{"rendered":"<p>&nbsp; &nbsp; La Recomendaci\u00f3n General 1\/2020 sobre la Atenci\u00f3n a la Pandemia del COVID-19 con perspectiva de Derechos Humanos ha sido aceptada por el Poder Ejecutivo del Estado de M\u00e9xico, 34 Ayuntamientos y la Fiscal\u00eda General de Justicia. La Recomendaci\u00f3n General 2\/2020, sobre el Uso del Cubrebocas para garantizar el Derecho a la Protecci\u00f3n de [&hellip;]<\/p>\n","protected":false},"author":3,"featured_media":41758,"comment_status":"open","ping_status":"open","sticky":false,"template":"","format":"standard","meta":{"footnotes":""},"categories":[9157,16],"tags":[18836,18838,18837,18666],"class_list":{"0":"post-41757","1":"post","2":"type-post","3":"status-publish","4":"format-standard","5":"has-post-thumbnail","7":"category-edomex","8":"category-foto","9":"tag-colaboracion-codhem-en-covid","10":"tag-pandemia-derechos-humanos","11":"tag-recomendacion-general-2-2020","12":"tag-uso-de-cubrebocas"},"wps_subtitle":"","_links":{"self":[{"href":"https:\/\/www.porlalibreedomex.com\/index.php?rest_route=\/wp\/v2\/posts\/41757","targetHints":{"allow":["GET"]}}],"collection":[{"href":"https:\/\/www.porlalibreedomex.com\/index.php?rest_route=\/wp\/v2\/posts"}],"about":[{"href":"https:\/\/www.porlalibreedomex.com\/index.php?rest_route=\/wp\/v2\/types\/post"}],"author":[{"embeddable":true,"href":"https:\/\/www.porlalibreedomex.com\/index.php?rest_route=\/wp\/v2\/users\/3"}],"replies":[{"embeddable":true,"href":"https:\/\/www.porlalibreedomex.com\/index.php?rest_route=%2Fwp%2Fv2%2Fcomments&post=41757"}],"version-history":[{"count":1,"href":"https:\/\/www.porlalibreedomex.com\/index.php?rest_route=\/wp\/v2\/posts\/41757\/revisions"}],"predecessor-version":[{"id":41759,"href":"https:\/\/www.porlalibreedomex.com\/index.php?rest_route=\/wp\/v2\/posts\/41757\/revisions\/41759"}],"wp:featuredmedia":[{"embeddable":true,"href":"https:\/\/www.porlalibreedomex.com\/index.php?rest_route=\/wp\/v2\/media\/41758"}],"wp:attachment":[{"href":"https:\/\/www.porlalibreedomex.com\/index.php?rest_route=%2Fwp%2Fv2%2Fmedia&parent=41757"}],"wp:term":[{"taxonomy":"category","embeddable":true,"href":"https:\/\/www.porlalibreedomex.com\/index.php?rest_route=%2Fwp%2Fv2%2Fcategories&post=41757"},{"taxonomy":"post_tag","embeddable":true,"href":"https:\/\/www.porlalibreedomex.com\/index.php?rest_route=%2Fwp%2Fv2%2Ftags&post=41757"}],"curies":[{"name":"wp","href":"https:\/\/api.w.org\/{rel}","templated":true}]}}