{"id":41753,"date":"2020-07-10T00:47:49","date_gmt":"2020-07-10T05:47:49","guid":{"rendered":"https:\/\/www.porlalibreedomex.com\/?p=41753"},"modified":"2020-07-11T00:48:40","modified_gmt":"2020-07-11T05:48:40","slug":"inauguracion-virtual-del-corredor-cultural-universitario-panoramas-uaemitas-construyendo-horizontes","status":"publish","type":"post","link":"https:\/\/www.porlalibreedomex.com\/?p=41753","title":{"rendered":"Inauguraci\u00f3n virtual del Corredor Cultural Universitario Panoramas UAEMitas: construyendo horizontes"},"content":{"rendered":"<h2 style=\"font-style: inherit; font-weight: 400;\" data-thread-perm-id=\"thread-f:1671757034161162803\" data-legacy-thread-id=\"1733462a4befca33\"><\/h2>\n<p>La Secretar\u00eda de Difusi\u00f3n Cultural de la Universidad Aut\u00f3noma del Estado de M\u00e9xico, a trav\u00e9s de la Direcci\u00f3n de Patrimonio Cultural realiz\u00f3 la inauguraci\u00f3n virtual del Corredor Cultural Universitario <em>Panoramas UAEMitas: construyendo horizontes<\/em>, exposici\u00f3n colectiva fotogr\u00e1fica de la comunidad universitaria, la cual se realiz\u00f3 el viernes 10 de julio a las 10:00 horas en el Facebook de la Direcci\u00f3n de Patrimonio Cultural (@PatrimonioCulturalUAEM).<\/p>\n<p>Esta muestra se realiza a partir de la convocatoria lanzada por esta direcci\u00f3n del 5 de marzo al 22 de mayo del 2020, la cual estuvo dirigida a alumnos, egresados, acad\u00e9micos, y administrativos.<\/p>\n<p>Se seleccionaron im\u00e1genes con los siguientes ejes tem\u00e1ticos:<\/p>\n<ul>\n<li>Construyendo la paz (tolerancia y comprensi\u00f3n).<\/li>\n<li>Cuidando el futuro: (educaci\u00f3n, infancia y medio ambiente).<\/li>\n<li>Abrazando el mundo: (g\u00e9nero, migraci\u00f3n y etnias).<\/li>\n<\/ul>\n<p>Se cont\u00f3 con 165 registros fotogr\u00e1ficos, de los cuales se seleccionaron\u00a0<strong>56 obras<\/strong> por un jurado universitario especializado y una fue seleccionada por el p\u00fablico.<\/p>\n<p>Se otorgaron 3 menciones honor\u00edficas:<\/p>\n<ul>\n<li>Facultad de Medicina, alumno: Iglesias G\u00f3mez Enrique, carrera: M\u00e9dico Cirujano.<\/li>\n<li>Facultad de Arquitectura y Dise\u00f1o, alumna: Peralta Alvarez Liliana, carrera: Dise\u00f1o Gr\u00e1fico.<\/li>\n<li>Centro Universitario Tenancingo, alumna: Olmos Romero Hasel Margot, carrera: Turismo.<\/li>\n<\/ul>\n<p>Los Espacios Acad\u00e9micos seleccionados que participan en esta muestra son los siguientes:<strong>\u00a0<\/strong>Escuela de Artes Esc\u00e9nicas, Facultad de Artes, Facultad de Antropolog\u00eda, Facultad de Arquitectura y Dise\u00f1o, Facultad de Ciencias, Facultad de Ciencias Pol\u00edticas y Sociales, Facultad de Ciencias de la Conducta, Facultad de Contadur\u00eda y Administraci\u00f3n, Facultad de Humanidades, Facultad de Lenguas, Facultad de Medicina, Facultad de Odontolog\u00eda, Facultad de Planeaci\u00f3n Urbana y Regional,\u00a0 Facultad de Turismo y Gastronom\u00eda, Centro Universitario Tenancingo y Centro de Investigaci\u00f3n en Ciencias Biol\u00f3gicas Aplicadas.<\/p>\n<p>&nbsp;<\/p>\n","protected":false},"excerpt":{"rendered":"<p>La Secretar\u00eda de Difusi\u00f3n Cultural de la Universidad Aut\u00f3noma del Estado de M\u00e9xico, a trav\u00e9s de la Direcci\u00f3n de Patrimonio Cultural realiz\u00f3 la inauguraci\u00f3n virtual del Corredor Cultural Universitario Panoramas UAEMitas: construyendo horizontes, exposici\u00f3n colectiva fotogr\u00e1fica de la comunidad universitaria, la cual se realiz\u00f3 el viernes 10 de julio a las 10:00 horas en el [&hellip;]<\/p>\n","protected":false},"author":3,"featured_media":41754,"comment_status":"open","ping_status":"open","sticky":false,"template":"","format":"standard","meta":{"footnotes":""},"categories":[9873,9148,16],"tags":[18835,18834],"class_list":{"0":"post-41753","1":"post","2":"type-post","3":"status-publish","4":"format-standard","5":"has-post-thumbnail","7":"category-cultura","8":"category-educacion","9":"category-foto","10":"tag-construyendo-horizontes","11":"tag-uaem-exposicion-de-fotografia"},"wps_subtitle":"","_links":{"self":[{"href":"https:\/\/www.porlalibreedomex.com\/index.php?rest_route=\/wp\/v2\/posts\/41753","targetHints":{"allow":["GET"]}}],"collection":[{"href":"https:\/\/www.porlalibreedomex.com\/index.php?rest_route=\/wp\/v2\/posts"}],"about":[{"href":"https:\/\/www.porlalibreedomex.com\/index.php?rest_route=\/wp\/v2\/types\/post"}],"author":[{"embeddable":true,"href":"https:\/\/www.porlalibreedomex.com\/index.php?rest_route=\/wp\/v2\/users\/3"}],"replies":[{"embeddable":true,"href":"https:\/\/www.porlalibreedomex.com\/index.php?rest_route=%2Fwp%2Fv2%2Fcomments&post=41753"}],"version-history":[{"count":1,"href":"https:\/\/www.porlalibreedomex.com\/index.php?rest_route=\/wp\/v2\/posts\/41753\/revisions"}],"predecessor-version":[{"id":41756,"href":"https:\/\/www.porlalibreedomex.com\/index.php?rest_route=\/wp\/v2\/posts\/41753\/revisions\/41756"}],"wp:featuredmedia":[{"embeddable":true,"href":"https:\/\/www.porlalibreedomex.com\/index.php?rest_route=\/wp\/v2\/media\/41754"}],"wp:attachment":[{"href":"https:\/\/www.porlalibreedomex.com\/index.php?rest_route=%2Fwp%2Fv2%2Fmedia&parent=41753"}],"wp:term":[{"taxonomy":"category","embeddable":true,"href":"https:\/\/www.porlalibreedomex.com\/index.php?rest_route=%2Fwp%2Fv2%2Fcategories&post=41753"},{"taxonomy":"post_tag","embeddable":true,"href":"https:\/\/www.porlalibreedomex.com\/index.php?rest_route=%2Fwp%2Fv2%2Ftags&post=41753"}],"curies":[{"name":"wp","href":"https:\/\/api.w.org\/{rel}","templated":true}]}}