{"id":41749,"date":"2020-07-10T00:23:00","date_gmt":"2020-07-10T05:23:00","guid":{"rendered":"https:\/\/www.porlalibreedomex.com\/?p=41749"},"modified":"2020-07-11T01:59:19","modified_gmt":"2020-07-11T06:59:19","slug":"la-educacion-a-distancia-llego-para-quedarse-en-todos-los-niveles-educativos-uaem","status":"publish","type":"post","link":"https:\/\/www.porlalibreedomex.com\/?p=41749","title":{"rendered":"LA EDUCACI\u00d3N A DISTANCIA LLEG\u00d3 PARA QUEDARSE EN TODOS LOS NIVELES EDUCATIVOS: UAEM"},"content":{"rendered":"<ul>\n<li><i><span lang=\"ES-TRAD\">Es imprescindible contar con programas espec\u00edficos para cada \u00e1rea del conocimiento que optimicen el proceso de ense\u00f1anza aprendizaje.<\/span><\/i><\/li>\n<\/ul>\n<p><b><i><span lang=\"ES-MX\"><u><\/u>\u00a0<u><\/u><\/span><\/i><\/b><\/p>\n<p><b><span lang=\"ES-MX\">Valle de Chalco, M\u00e9xico, 09 de julio de 2020.<\/span><\/b><span lang=\"ES-MX\">\u00a0<\/span><span lang=\"ES-MX\">Desarrollar programas virtuales que permitan la ense\u00f1anza de las distintas \u00e1reas del conocimiento es el reto de los futuros profesionales dedicados a la programaci\u00f3n computacional, afirm\u00f3 la acad\u00e9mica del Centro Universitario Valle de Chalco de la Universidad Aut\u00f3noma del Estado de M\u00e9xico, Magally Mart\u00ednez Reyes.<\/span><\/p>\n<p><span lang=\"ES-MX\">La integrante del Cuerpo Acad\u00e9mico \u201cImplementaci\u00f3n de Sistemas y Tecnolog\u00eda Educativa\u201d en este campus de la UAEM indic\u00f3 que con la urgencia de implementar la educaci\u00f3n a distancia a trav\u00e9s de plataformas virtuales ante el aislamiento social por la pandemia de COVID-19 es imprescindible contar con programas espec\u00edficos para cada \u00e1rea del conocimiento que optimicen el proceso de ense\u00f1anza aprendizaje.<\/span><\/p>\n<p><span lang=\"ES-MX\">Expres\u00f3 que en Valle de Chalco se utilizan programas espec\u00edficos para el \u00e1rea de las matem\u00e1ticas, lo que ha dado como resultado la disminuci\u00f3n del \u00edndice de reprobaci\u00f3n en materias como c\u00e1lculo.<\/span><\/p>\n<p><span lang=\"ES-MX\">Los profesionales en programaci\u00f3n, sostuvo Mart\u00ednez Reyes, deben ver el desarrollo de programas para el \u00e1rea educativa como una oportunidad laboral y una necesidad social.<\/span><\/p>\n<p><span lang=\"ES-MX\">\u201cEn la universidad tenemos muchas carreras que hacen uso de programaci\u00f3n y a veces los muchachos no saben en qu\u00e9 ocupar esos lenguajes y toda esa teor\u00eda que es necesaria, mientras que del otro lado hace falta mucho material\u201d.<\/span><\/p>\n<p><span lang=\"ES-MX\">Aunado a ello, manifest\u00f3 que estos desarrollos de programas tambi\u00e9n deben ser pensados en formatos de aplicaciones para celulares, que se han convertido en la herramienta que la mayor\u00eda de la poblaci\u00f3n estudiantil tiene a su alcance.<\/span><\/p>\n<p><span lang=\"ES-MX\">Magally Mart\u00ednez Reyes consider\u00f3 que la educaci\u00f3n a distancia a trav\u00e9s de herramientas tecnol\u00f3gicas lleg\u00f3 para quedarse en todos los niveles educativos.<\/span><\/p>\n","protected":false},"excerpt":{"rendered":"<p>Es imprescindible contar con programas espec\u00edficos para cada \u00e1rea del conocimiento que optimicen el proceso de ense\u00f1anza aprendizaje. \u00a0 Valle de Chalco, M\u00e9xico, 09 de julio de 2020.\u00a0Desarrollar programas virtuales que permitan la ense\u00f1anza de las distintas \u00e1reas del conocimiento es el reto de los futuros profesionales dedicados a la programaci\u00f3n computacional, afirm\u00f3 la acad\u00e9mica [&hellip;]<\/p>\n","protected":false},"author":3,"featured_media":41750,"comment_status":"open","ping_status":"open","sticky":false,"template":"","format":"standard","meta":{"footnotes":""},"categories":[9148,16],"tags":[9521,18833,7897],"class_list":{"0":"post-41749","1":"post","2":"type-post","3":"status-publish","4":"format-standard","5":"has-post-thumbnail","7":"category-educacion","8":"category-foto","9":"tag-educacion-a-distancia","10":"tag-sistemas-y-tecnologia-educativa","11":"tag-uaem-unidad-valle-de-chalco"},"wps_subtitle":"","_links":{"self":[{"href":"https:\/\/www.porlalibreedomex.com\/index.php?rest_route=\/wp\/v2\/posts\/41749","targetHints":{"allow":["GET"]}}],"collection":[{"href":"https:\/\/www.porlalibreedomex.com\/index.php?rest_route=\/wp\/v2\/posts"}],"about":[{"href":"https:\/\/www.porlalibreedomex.com\/index.php?rest_route=\/wp\/v2\/types\/post"}],"author":[{"embeddable":true,"href":"https:\/\/www.porlalibreedomex.com\/index.php?rest_route=\/wp\/v2\/users\/3"}],"replies":[{"embeddable":true,"href":"https:\/\/www.porlalibreedomex.com\/index.php?rest_route=%2Fwp%2Fv2%2Fcomments&post=41749"}],"version-history":[{"count":2,"href":"https:\/\/www.porlalibreedomex.com\/index.php?rest_route=\/wp\/v2\/posts\/41749\/revisions"}],"predecessor-version":[{"id":41752,"href":"https:\/\/www.porlalibreedomex.com\/index.php?rest_route=\/wp\/v2\/posts\/41749\/revisions\/41752"}],"wp:featuredmedia":[{"embeddable":true,"href":"https:\/\/www.porlalibreedomex.com\/index.php?rest_route=\/wp\/v2\/media\/41750"}],"wp:attachment":[{"href":"https:\/\/www.porlalibreedomex.com\/index.php?rest_route=%2Fwp%2Fv2%2Fmedia&parent=41749"}],"wp:term":[{"taxonomy":"category","embeddable":true,"href":"https:\/\/www.porlalibreedomex.com\/index.php?rest_route=%2Fwp%2Fv2%2Fcategories&post=41749"},{"taxonomy":"post_tag","embeddable":true,"href":"https:\/\/www.porlalibreedomex.com\/index.php?rest_route=%2Fwp%2Fv2%2Ftags&post=41749"}],"curies":[{"name":"wp","href":"https:\/\/api.w.org\/{rel}","templated":true}]}}