{"id":41720,"date":"2020-07-10T14:46:09","date_gmt":"2020-07-10T19:46:09","guid":{"rendered":"https:\/\/www.porlalibreedomex.com\/?p=41720"},"modified":"2020-07-10T14:46:09","modified_gmt":"2020-07-10T19:46:09","slug":"impulsa-edomex-transicion-integral-hacia-la-justicia-digital-%e2%80%a2","status":"publish","type":"post","link":"https:\/\/www.porlalibreedomex.com\/?p=41720","title":{"rendered":"IMPULSA EDOM\u00c9X TRANSICI\u00d3N INTEGRAL HACIA LA JUSTICIA DIGITAL  \u2022"},"content":{"rendered":"<ul>\n<li><em><strong> Representa emergencia sanitaria un reto para las instituciones, que deben facilitar los procesos jur\u00eddicos a trav\u00e9s del uso de la tecnolog\u00eda.<\/strong><\/em><\/li>\n<li><em><strong>Organizan Secretar\u00edas General de Gobierno y de Justicia y Derechos Humanos conferencia acerca de los retos de transitar a la justicia digital para conmemorar el D\u00eda de la Abogada y el Abogado.<\/strong><\/em><\/li>\n<\/ul>\n<p>&nbsp;<\/p>\n<p><strong>Toluca, Estado de M\u00e9xico, 10 de julio de 2020.<\/strong> En el marco de la celebraci\u00f3n por el D\u00eda de la Abogada y el Abogado en M\u00e9xico, que se celebra el pr\u00f3ximo 12 de julio, la Secretar\u00eda General de Gobierno, a trav\u00e9s de la Subsecretar\u00eda de Desarrollo Pol\u00edtico, y la Secretar\u00eda de Justicia y Derechos Humanos organizaron la conferencia \u201cEl reto de transitar hacia un modelo de justicia digital\u201d.<\/p>\n<p>El Secretario de Justicia y Derechos Humanos, Rodrigo Espeleta Aladro, indic\u00f3 que aunado al trabajo que se ha realizado para la obtenci\u00f3n de tr\u00e1mites y juicios en l\u00ednea, con el nuevo contexto en torno a la emergencia sanitaria por COVID-19, es urgente seguir transitando hacia una digitalizaci\u00f3n de la justicia.<\/p>\n<figure id=\"attachment_41722\" aria-describedby=\"caption-attachment-41722\" style=\"width: 800px\" class=\"wp-caption aligncenter\"><a href=\"https:\/\/www.porlalibreedomex.com\/wp-content\/uploads\/2020\/07\/Rodrigo-Espeleta-Justicia-digital-2020-07-10.jpeg\"><img loading=\"lazy\" decoding=\"async\" class=\"size-large wp-image-41722\" src=\"https:\/\/www.porlalibreedomex.com\/wp-content\/uploads\/2020\/07\/Rodrigo-Espeleta-Justicia-digital-2020-07-10-1024x550.jpeg\" alt=\"\" width=\"800\" height=\"430\" srcset=\"https:\/\/www.porlalibreedomex.com\/wp-content\/uploads\/2020\/07\/Rodrigo-Espeleta-Justicia-digital-2020-07-10-1024x550.jpeg 1024w, https:\/\/www.porlalibreedomex.com\/wp-content\/uploads\/2020\/07\/Rodrigo-Espeleta-Justicia-digital-2020-07-10-300x161.jpeg 300w, https:\/\/www.porlalibreedomex.com\/wp-content\/uploads\/2020\/07\/Rodrigo-Espeleta-Justicia-digital-2020-07-10-768x413.jpeg 768w, https:\/\/www.porlalibreedomex.com\/wp-content\/uploads\/2020\/07\/Rodrigo-Espeleta-Justicia-digital-2020-07-10.jpeg 1280w\" sizes=\"auto, (max-width: 800px) 100vw, 800px\" \/><\/a><figcaption id=\"caption-attachment-41722\" class=\"wp-caption-text\">Rodrigo Espeleta Aladro, Secretario de Justicia y Derechos Humanos<\/figcaption><\/figure>\n<p>\u201cLa tecnolog\u00eda en esta din\u00e1mica lleg\u00f3 para quedarse, esta pandemia nos lo ha dejado muy claro y el futuro del derecho y de los procesos jur\u00eddicos est\u00e1 precisamente en la tecnolog\u00eda y en la digitalizaci\u00f3n de la justicia, porque adem\u00e1s con esto logramos hacer una justicia m\u00e1s apegada a los principios constitucionales, m\u00e1s r\u00e1pida, expedita, m\u00e1s cercana a las personas, menos costosa, en fin, creo que tiene muchas ventajas\u201d, expres\u00f3 el Secretario.<\/p>\n<p>Durante su conferencia, el Doctor en Derecho e investigador en la Universidad Nacional Aut\u00f3noma de M\u00e9xico, Miguel Carbonell, afirm\u00f3 que esta pandemia obliga a las autoridades y al gremio de abogados a fortalecer la justicia digital para celebrar actos judiciales, administrativos y notariales, as\u00ed como a invertir en tecnolog\u00eda para crear una oficial\u00eda de partes virtual, expedientes electr\u00f3nicos y audiencias telem\u00e1ticas, entre otras.<\/p>\n<p>\u201cEn este contexto estamos obligados a hacer lo mismo que \u00edbamos a hacer en 10 a\u00f1os, en pocas semanas, la alternativa hoy ya no es justicia digital s\u00ed o justicia digital no, es justicia digital necesaria, indispensable\u201d, dijo Carbonell.<\/p>\n<p>En este sentido, hizo un llamado para hacer cambios legislativos urgentes, a elaborar un cat\u00e1logo de buenas pr\u00e1cticas de otros pa\u00edses y estados, a capacitar a abogados y automatizar tr\u00e1mites, para una transformaci\u00f3n tecnol\u00f3gica, y subray\u00f3 que el Estado de M\u00e9xico ha tenido una postura de avanzada en esta transformaci\u00f3n digital.<\/p>\n<p>\u201cTodos estos cambios es muy importante que los consideremos como algo permanente, que lo que avancemos ahorita ya tenemos que verlo como algo consolidado; al Estado de M\u00e9xico siempre que hablamos de estas transformaciones, lo citamos como un ejemplo positivo\u00bb, agreg\u00f3.<\/p>\n<p>El Subsecretario de Desarrollo Pol\u00edtico, Jes\u00fas Izquierdo, reconoci\u00f3 la participaci\u00f3n de abogadas y abogados de todo el Estado, pues el foro sum\u00f3 m\u00e1s de 700 comentarios y tuvo un impacto de m\u00e1s de 6 mil 900 reproducciones.<\/p>\n<p>La Secretar\u00eda de Justicia y Derechos Humanos reconoce la labor de las y los abogados del Estado de M\u00e9xico y seguir\u00e1 trabajando de manera coordinada para consolidar a la entidad mexiquense como un lugar donde todas las personas puedan llevar a cabo sus proyectos de vida con la garant\u00eda de que sus derechos ser\u00e1n respetados.<\/p>\n","protected":false},"excerpt":{"rendered":"<p>Representa emergencia sanitaria un reto para las instituciones, que deben facilitar los procesos jur\u00eddicos a trav\u00e9s del uso de la tecnolog\u00eda. Organizan Secretar\u00edas General de Gobierno y de Justicia y Derechos Humanos conferencia acerca de los retos de transitar a la justicia digital para conmemorar el D\u00eda de la Abogada y el Abogado. &nbsp; Toluca, [&hellip;]<\/p>\n","protected":false},"author":3,"featured_media":41721,"comment_status":"open","ping_status":"open","sticky":false,"template":"","format":"standard","meta":{"footnotes":""},"categories":[16,9149],"tags":[15011,18823,16661],"class_list":{"0":"post-41720","1":"post","2":"type-post","3":"status-publish","4":"format-standard","5":"has-post-thumbnail","7":"category-foto","8":"category-policiaca","9":"tag-jesus-izquierdo-rojas","10":"tag-justicia-digital-integral","11":"tag-rodrigo-espeleta"},"wps_subtitle":"","_links":{"self":[{"href":"https:\/\/www.porlalibreedomex.com\/index.php?rest_route=\/wp\/v2\/posts\/41720","targetHints":{"allow":["GET"]}}],"collection":[{"href":"https:\/\/www.porlalibreedomex.com\/index.php?rest_route=\/wp\/v2\/posts"}],"about":[{"href":"https:\/\/www.porlalibreedomex.com\/index.php?rest_route=\/wp\/v2\/types\/post"}],"author":[{"embeddable":true,"href":"https:\/\/www.porlalibreedomex.com\/index.php?rest_route=\/wp\/v2\/users\/3"}],"replies":[{"embeddable":true,"href":"https:\/\/www.porlalibreedomex.com\/index.php?rest_route=%2Fwp%2Fv2%2Fcomments&post=41720"}],"version-history":[{"count":1,"href":"https:\/\/www.porlalibreedomex.com\/index.php?rest_route=\/wp\/v2\/posts\/41720\/revisions"}],"predecessor-version":[{"id":41723,"href":"https:\/\/www.porlalibreedomex.com\/index.php?rest_route=\/wp\/v2\/posts\/41720\/revisions\/41723"}],"wp:featuredmedia":[{"embeddable":true,"href":"https:\/\/www.porlalibreedomex.com\/index.php?rest_route=\/wp\/v2\/media\/41721"}],"wp:attachment":[{"href":"https:\/\/www.porlalibreedomex.com\/index.php?rest_route=%2Fwp%2Fv2%2Fmedia&parent=41720"}],"wp:term":[{"taxonomy":"category","embeddable":true,"href":"https:\/\/www.porlalibreedomex.com\/index.php?rest_route=%2Fwp%2Fv2%2Fcategories&post=41720"},{"taxonomy":"post_tag","embeddable":true,"href":"https:\/\/www.porlalibreedomex.com\/index.php?rest_route=%2Fwp%2Fv2%2Ftags&post=41720"}],"curies":[{"name":"wp","href":"https:\/\/api.w.org\/{rel}","templated":true}]}}