{"id":41701,"date":"2020-07-09T23:57:47","date_gmt":"2020-07-10T04:57:47","guid":{"rendered":"https:\/\/www.porlalibreedomex.com\/?p=41701"},"modified":"2020-07-10T00:28:46","modified_gmt":"2020-07-10T05:28:46","slug":"apoya-alfredo-del-mazo-la-economia-de-las-familias-mexiquenses-con-la-entrega-de-apoyos-forestales","status":"publish","type":"post","link":"https:\/\/www.porlalibreedomex.com\/?p=41701","title":{"rendered":"APOYA\u00a0ALFREDO DEL MAZO LA ECONOM\u00cdA DE LAS FAMILIAS MEXIQUENSES CON LA ENTREGA DE APOYOS FORESTALES"},"content":{"rendered":"<ul>\n<li><em><strong>Da a conocer el gobernador mexiquense que se contin\u00faa impulsando la econom\u00eda familiar con la entrega de fertilizantes a m\u00e1s de 40 mil productores del campo en todo el Estado de M\u00e9xico. <\/strong><\/em><\/li>\n<li><em><strong>Entrega apoyos forestales de los programas Reforestando Edom\u00e9x, Pago por servicios ambientales y procarbono.<\/strong><\/em><\/li>\n<li><em><strong>Se\u00f1ala que la reactivaci\u00f3n econ\u00f3mica en el Edom\u00e9x se debe dar de forma segura siguiendo las medidas de prevenci\u00f3n e higiene, como el uso de cubrebocas, el lavado de manos y la sana distancia.<\/strong><\/em><\/li>\n<\/ul>\n<p>&nbsp;<\/p>\n<p><strong>Morelos, Estado de M\u00e9xico, 9 de julio de 2020.<\/strong> El Gobernador Alfredo Del Mazo Maza indic\u00f3 que su gobierno impulsa diferentes acciones para apoyar a la econom\u00eda familiar de los mexiquenses que se vieron afectados por la pandemia por COVID-19, como lo son los m\u00e1s de 40 mil productores agropecuarios que recibieron fertilizantes y los beneficiarios de los programas de apoyos forestales.<\/p>\n<p>Respecto al sector agropecuario, se\u00f1al\u00f3 que la producci\u00f3n de alimentos no se ha detenido durante la contingencia sanitaria, resultado del trabajo y esfuerzo de los productores del norte y sur de la entidad, quienes llevan sus productos a todas las regiones del territorio estatal, as\u00ed como de otros estados de la Rep\u00fablica.<\/p>\n<p>\u201cConscientes de ese gran esfuerzo que han seguido haciendo a lo largo de estos d\u00edas y semanas y meses dif\u00edciles, tambi\u00e9n impulsamos la econom\u00eda familiar con la entrega de fertilizantes para que m\u00e1s de 40 mil productores del campo en todo el Estado de M\u00e9xico, pudieran recibir sus fertilizantes para poder tener una mejor oportunidad de cosechar, de sembrar y de producir en sus tierras\u201d, afirm\u00f3.<\/p>\n<p>Agreg\u00f3 que el programa de fertilizantes permite seguir impulsando la actividad del campo en el Estado de M\u00e9xico, para seguir siendo de los principales productores a nivel nacional de ma\u00edz, trigo, avena y haba, entre otros.<\/p>\n<p><a href=\"https:\/\/www.porlalibreedomex.com\/wp-content\/uploads\/2020\/07\/Alfredo-del-Mazo-D\u00eda-del-\u00c1rbol-2020-07-09.jpeg\"><img loading=\"lazy\" decoding=\"async\" class=\"aligncenter size-large wp-image-41705\" src=\"https:\/\/www.porlalibreedomex.com\/wp-content\/uploads\/2020\/07\/Alfredo-del-Mazo-D\u00eda-del-\u00c1rbol-2020-07-09-1024x850.jpeg\" alt=\"\" width=\"800\" height=\"664\" srcset=\"https:\/\/www.porlalibreedomex.com\/wp-content\/uploads\/2020\/07\/Alfredo-del-Mazo-D\u00eda-del-\u00c1rbol-2020-07-09-1024x850.jpeg 1024w, https:\/\/www.porlalibreedomex.com\/wp-content\/uploads\/2020\/07\/Alfredo-del-Mazo-D\u00eda-del-\u00c1rbol-2020-07-09-300x249.jpeg 300w, https:\/\/www.porlalibreedomex.com\/wp-content\/uploads\/2020\/07\/Alfredo-del-Mazo-D\u00eda-del-\u00c1rbol-2020-07-09-768x637.jpeg 768w, https:\/\/www.porlalibreedomex.com\/wp-content\/uploads\/2020\/07\/Alfredo-del-Mazo-D\u00eda-del-\u00c1rbol-2020-07-09.jpeg 1280w\" sizes=\"auto, (max-width: 800px) 100vw, 800px\" \/><\/a><\/p>\n<p>En el marco del D\u00eda Nacional del \u00c1rbol, Del Mazo Maza destac\u00f3 que casi la mitad del territorio mexiquense es zona forestal, de ah\u00ed la importancia de llevar a cabo programas que permitan cuidar de los bosques, ya que estos permiten evitar la erosi\u00f3n del suelo, recargar los mantos acu\u00edferos, son productores de ox\u00edgeno y ayudan a combatir el cambio clim\u00e1tico.<\/p>\n<p>En este sentido, indic\u00f3 que la entrega de apoyos forestales como los programas Procarbono, Reforestando Edom\u00e9x y Pago por servicios ambientales, que este d\u00eda recibieron beneficiarios del norte de la entidad, forman parte de los que se est\u00e1n impulsando para apoyar a la econom\u00eda familiar.<\/p>\n<p>\u201cPor eso con este programa de apoyos para la econom\u00eda familiar dirigida a quienes cuidan de nuestros bosques, es que hoy apoyamos a muchas familias, sobre todo en esta regi\u00f3n del norte del Estado de M\u00e9xico.<\/p>\n<p><iframe loading=\"lazy\"  id=\"_ytid_21192\"  width=\"696\" height=\"522\"  data-origwidth=\"696\" data-origheight=\"522\" src=\"https:\/\/www.youtube.com\/embed\/n0bsMKhIOzI?enablejsapi=1&#038;autoplay=1&#038;cc_load_policy=0&#038;cc_lang_pref=&#038;iv_load_policy=1&#038;loop=0&#038;rel=1&#038;fs=1&#038;playsinline=0&#038;autohide=2&#038;theme=dark&#038;color=red&#038;controls=1&#038;disablekb=0&#038;\" class=\"__youtube_prefs__  epyt-is-override  no-lazyload\" title=\"YouTube player\"  allow=\"fullscreen; accelerometer; autoplay; clipboard-write; encrypted-media; gyroscope; picture-in-picture; web-share\" referrerpolicy=\"strict-origin-when-cross-origin\" allowfullscreen data-no-lazy=\"1\" data-skipgform_ajax_framebjll=\"\"><\/iframe><\/p>\n<p>\u201cHoy en el D\u00eda Nacional del \u00c1rbol, nos da much\u00edsimo gusto que podamos continuar con este programa que consta de un apoyo econ\u00f3mico para las familias que se dedican a cuidar de nuestros bosques, dependiendo del n\u00famero de hect\u00e1reas, porque adem\u00e1s esto es para muchos que est\u00e1n de manera conjunta, que se agrupan, para n\u00facleos ejidales, para comunidades agrarias que se dedican a cuidar de nuestros bosques\u201d, puntualiz\u00f3.<\/p>\n<p>El Gobernador mexiquense reconoci\u00f3 y agradeci\u00f3 el trabajo que hacen quienes se dedican a cuidar de los bosques de la entidad, como lo son los combatientes forestales mejor conocidos como \u201cchamusquines\u201d, quienes cuidan las zonas boscosas de los incendios.<\/p>\n<figure id=\"attachment_41706\" aria-describedby=\"caption-attachment-41706\" style=\"width: 800px\" class=\"wp-caption aligncenter\"><a href=\"https:\/\/www.porlalibreedomex.com\/wp-content\/uploads\/2020\/07\/Alfredo-del-Mazo-apoyos-forestales-Jorge-Rescala-2020-07-09.jpeg\"><img loading=\"lazy\" decoding=\"async\" class=\"size-large wp-image-41706\" src=\"https:\/\/www.porlalibreedomex.com\/wp-content\/uploads\/2020\/07\/Alfredo-del-Mazo-apoyos-forestales-Jorge-Rescala-2020-07-09-1024x765.jpeg\" alt=\"\" width=\"800\" height=\"598\" srcset=\"https:\/\/www.porlalibreedomex.com\/wp-content\/uploads\/2020\/07\/Alfredo-del-Mazo-apoyos-forestales-Jorge-Rescala-2020-07-09-1024x765.jpeg 1024w, https:\/\/www.porlalibreedomex.com\/wp-content\/uploads\/2020\/07\/Alfredo-del-Mazo-apoyos-forestales-Jorge-Rescala-2020-07-09-300x224.jpeg 300w, https:\/\/www.porlalibreedomex.com\/wp-content\/uploads\/2020\/07\/Alfredo-del-Mazo-apoyos-forestales-Jorge-Rescala-2020-07-09-768x574.jpeg 768w, https:\/\/www.porlalibreedomex.com\/wp-content\/uploads\/2020\/07\/Alfredo-del-Mazo-apoyos-forestales-Jorge-Rescala-2020-07-09.jpeg 1280w\" sizes=\"auto, (max-width: 800px) 100vw, 800px\" \/><\/a><figcaption id=\"caption-attachment-41706\" class=\"wp-caption-text\">Con motivo del D\u00eda del \u00c1rbol, el Gobernador Alfredo del Mazo entreg\u00f3 recursos a due\u00f1os del bosque, como apoyo a su econom\u00eda familiar. Atestigua Jorge Rescala, Secretario del Medio Ambiente.<\/figcaption><\/figure>\n<p>Alfredo Del Mazo reiter\u00f3 que en la entidad tambi\u00e9n se puso en marcha un programa para apoyo al desempleo, para quienes han perdido su trabajo por la contingencia sanitaria, acci\u00f3n para la cual se destinaron m\u00e1s de 150 millones de pesos en beneficio de 50 mil familias.<\/p>\n<p>Asimismo, reiter\u00f3 que en este regreso a las actividades econ\u00f3micas es necesario seguir reforzando las medidas de prevenci\u00f3n e higiene, para evitar contagios.<\/p>\n<p>\u201cA lo largo de esta etapa en donde estamos regresando ya a las actividades, como ustedes saben, vamos poco a poco retomando las actividades en la parte econ\u00f3mica de nuestro estado, de la econom\u00eda familiar en nuestro estado, tenemos que seguir cuidando mucho las medidas de sana distancia y las medidas de sanidad, como lavarse las manos de manera frecuente, y el uso del cubrebocas\u201d, a\u00f1adi\u00f3.<\/p>\n<p>Por su parte, el Secretario del Medio Ambiente, Jorge Rescala P\u00e9rez, indic\u00f3 que los bosques generan m\u00faltiples servicios ambientales a la entidad y son parte del sustento econ\u00f3mico de miles de familias, por lo que en el Estado de M\u00e9xico se fortalecen los programas forestales que impulsa la administraci\u00f3n estatal.<\/p>\n<p>En este evento, recibieron apoyos forestales habitantes de los municipios de Acambay, Atlacomulco, Aculco, Chapa de Mota, Jiquipilco, Jocotitl\u00e1n, Jilotepec, Morelos, San Felipe del Progreso, Temascalcingo, entre otros.<\/p>\n","protected":false},"excerpt":{"rendered":"<p>Da a conocer el gobernador mexiquense que se contin\u00faa impulsando la econom\u00eda familiar con la entrega de fertilizantes a m\u00e1s de 40 mil productores del campo en todo el Estado de M\u00e9xico. Entrega apoyos forestales de los programas Reforestando Edom\u00e9x, Pago por servicios ambientales y procarbono. Se\u00f1ala que la reactivaci\u00f3n econ\u00f3mica en el Edom\u00e9x se [&hellip;]<\/p>\n","protected":false},"author":3,"featured_media":41702,"comment_status":"open","ping_status":"open","sticky":false,"template":"","format":"standard","meta":{"footnotes":""},"categories":[9157,16,9207,7549],"tags":[18814,18812,18813,18815],"class_list":{"0":"post-41701","1":"post","2":"type-post","3":"status-publish","4":"format-standard","5":"has-post-thumbnail","7":"category-edomex","8":"category-foto","9":"category-medio-ambiente","10":"category-video","11":"tag-apoyo-economia-familiar","12":"tag-apoyos-a-productores-forestales","13":"tag-gira-de-alfredo-del-mazo","14":"tag-san-bartolo-morelos-edomex"},"wps_subtitle":"","_links":{"self":[{"href":"https:\/\/www.porlalibreedomex.com\/index.php?rest_route=\/wp\/v2\/posts\/41701","targetHints":{"allow":["GET"]}}],"collection":[{"href":"https:\/\/www.porlalibreedomex.com\/index.php?rest_route=\/wp\/v2\/posts"}],"about":[{"href":"https:\/\/www.porlalibreedomex.com\/index.php?rest_route=\/wp\/v2\/types\/post"}],"author":[{"embeddable":true,"href":"https:\/\/www.porlalibreedomex.com\/index.php?rest_route=\/wp\/v2\/users\/3"}],"replies":[{"embeddable":true,"href":"https:\/\/www.porlalibreedomex.com\/index.php?rest_route=%2Fwp%2Fv2%2Fcomments&post=41701"}],"version-history":[{"count":3,"href":"https:\/\/www.porlalibreedomex.com\/index.php?rest_route=\/wp\/v2\/posts\/41701\/revisions"}],"predecessor-version":[{"id":41707,"href":"https:\/\/www.porlalibreedomex.com\/index.php?rest_route=\/wp\/v2\/posts\/41701\/revisions\/41707"}],"wp:featuredmedia":[{"embeddable":true,"href":"https:\/\/www.porlalibreedomex.com\/index.php?rest_route=\/wp\/v2\/media\/41702"}],"wp:attachment":[{"href":"https:\/\/www.porlalibreedomex.com\/index.php?rest_route=%2Fwp%2Fv2%2Fmedia&parent=41701"}],"wp:term":[{"taxonomy":"category","embeddable":true,"href":"https:\/\/www.porlalibreedomex.com\/index.php?rest_route=%2Fwp%2Fv2%2Fcategories&post=41701"},{"taxonomy":"post_tag","embeddable":true,"href":"https:\/\/www.porlalibreedomex.com\/index.php?rest_route=%2Fwp%2Fv2%2Ftags&post=41701"}],"curies":[{"name":"wp","href":"https:\/\/api.w.org\/{rel}","templated":true}]}}