{"id":41677,"date":"2020-07-08T23:58:39","date_gmt":"2020-07-09T04:58:39","guid":{"rendered":"https:\/\/www.porlalibreedomex.com\/?p=41677"},"modified":"2020-07-09T00:14:56","modified_gmt":"2020-07-09T05:14:56","slug":"anuncia-alfredo-del-mazo-programa-de-apoyo-para-el-desempleo-en-beneficio-de-mas-de-50-mil-trabajadores","status":"publish","type":"post","link":"https:\/\/www.porlalibreedomex.com\/?p=41677","title":{"rendered":"ANUNCIA ALFREDO DEL MAZO PROGRAMA DE APOYO PCONTRA DESEMPLEO, EN BENEFICIO DE M\u00c1S DE 50 MIL TRABAJADORES"},"content":{"rendered":"<p>&nbsp;<\/p>\n<p>&nbsp;<\/p>\n<ul>\n<li><em><strong>Detalla mandatario estatal que, como una medida especial de apoyo contra el desempleo, se invertir\u00e1n 150 millones de pesos para respaldar a los trabajadores mexiquenses y sus familias.<\/strong><\/em><\/li>\n<li><em><strong>Se\u00f1ala que en la entidad se impulsan programas de apoyos sociales, fiscales y econ\u00f3micos, en beneficio de la econom\u00eda familiar. <\/strong><\/em><\/li>\n<li><em><strong>Destacan los programas como el otorgamiento de microcr\u00e9ditos para las micro y peque\u00f1as empresas, apoyos para proyectos productivos de hasta 25 mil pesos para la compra de equipo y materiales.<\/strong><\/em><\/li>\n<li><em><strong>Da a conocer que se han entregado apoyos agropecuarios a m\u00e1s de 40 mil productores, adem\u00e1s del otorgamiento de 4 mil pesos para artesanos mexiquenses.<\/strong><\/em><\/li>\n<\/ul>\n<p>&nbsp;<\/p>\n<p><strong>Toluca, Estado de M\u00e9xico, 8 de julio de 2020.<\/strong> En el Estado de M\u00e9xico se trabaja para generar m\u00e1s apoyos sociales, fiscales y econ\u00f3micos para que las familias mexiquenses puedan salir adelante, por lo que se impulsar\u00e1 un programa de apoyo para desempleados, inform\u00f3 el Gobernador Alfredo Del Mazo Maza.<\/p>\n<p>El mandatario mexiquense detall\u00f3 que a trav\u00e9s de este programa se invertir\u00e1n 150 millones de pesos, para respaldar a m\u00e1s de 50 mil trabajadores y sus familias, apoyos que ser\u00e1n entregados en dos exhibiciones para que quienes han perdido su empleo puedan solventar sus necesidades.<\/p>\n<p>\u201cEstamos trabajando para generar m\u00e1s apoyos, sociales, econ\u00f3micos y fiscales para que las familias puedan salir adelante.<\/p>\n<p>\u201cComo una medida especial de apoyo para el desempleo, invertiremos 150 millones de pesos para respaldar a m\u00e1s de 50 mil trabajadores y sus familias\u201d, puntualiz\u00f3.<\/p>\n<p><a href=\"https:\/\/www.porlalibreedomex.com\/wp-content\/uploads\/2020\/07\/Alfredo-del-Mazo-reactivaci\u00f3n-econ\u00f3mica-2020-07-08.jpeg\"><img loading=\"lazy\" decoding=\"async\" class=\"aligncenter size-large wp-image-41681\" src=\"https:\/\/www.porlalibreedomex.com\/wp-content\/uploads\/2020\/07\/Alfredo-del-Mazo-reactivaci\u00f3n-econ\u00f3mica-2020-07-08-1024x576.jpeg\" alt=\"\" width=\"800\" height=\"450\" srcset=\"https:\/\/www.porlalibreedomex.com\/wp-content\/uploads\/2020\/07\/Alfredo-del-Mazo-reactivaci\u00f3n-econ\u00f3mica-2020-07-08-1024x576.jpeg 1024w, https:\/\/www.porlalibreedomex.com\/wp-content\/uploads\/2020\/07\/Alfredo-del-Mazo-reactivaci\u00f3n-econ\u00f3mica-2020-07-08-300x169.jpeg 300w, https:\/\/www.porlalibreedomex.com\/wp-content\/uploads\/2020\/07\/Alfredo-del-Mazo-reactivaci\u00f3n-econ\u00f3mica-2020-07-08-768x432.jpeg 768w, https:\/\/www.porlalibreedomex.com\/wp-content\/uploads\/2020\/07\/Alfredo-del-Mazo-reactivaci\u00f3n-econ\u00f3mica-2020-07-08.jpeg 1280w\" sizes=\"auto, (max-width: 800px) 100vw, 800px\" \/><\/a><\/p>\n<p>Del Mazo Maza explic\u00f3 que para apoyar a los peque\u00f1os negocios se est\u00e1n entregando microcr\u00e9ditos, acci\u00f3n que est\u00e1 dise\u00f1ada para impulsar el autoempleo y reactivar las actividades de las micro y peque\u00f1as empresas, las cuales generan siete de cada 10 empleos en la entidad.<\/p>\n<p>En este sentido, manifest\u00f3 que los microcr\u00e9ditos est\u00e1n destinados a negocios como tiendas de abarrotes, miscel\u00e1neas, para quienes venden art\u00edculos por cat\u00e1logo, est\u00e9ticas, locales de alimentos, cocinas econ\u00f3micas, comercios, entre otros, programa que, dijo, tiene como principal objetivo apoyar a la econom\u00eda familiar.<\/p>\n<p>Alfredo Del Mazo indic\u00f3 que tambi\u00e9n a los proyectos productivos se les brindan apoyos de hasta 25 mil pesos para la compra de equipamiento y materiales.<\/p>\n<p>Mientras que en el sector agropecuario, actividad que no ha detenido el abastecimiento de alimentos, se han entregado diversos apoyos como fertilizantes, en beneficio de m\u00e1s de 40 mil productores.<\/p>\n<p>Agreg\u00f3 que para ayudar a los artesanos mexiquenses, quienes vieron afectadas sus ventas, se otorgan apoyos econ\u00f3micos de 4 mil pesos a cada uno para que puedan seguir elaborando sus artesan\u00edas.<\/p>\n<p>\u201cCon estos programas, los que queremos es apoyar a la econom\u00eda de las familias, cuidar los empleos, y apoyar al consumo local, al consumo de las comunidades, esto nos va a ayudar a reactivar la econom\u00eda, vamos a seguir apoyando la econom\u00eda familiar, vamos a seguir apoyando a quien m\u00e1s lo necesita\u00bb, apunt\u00f3.<\/p>\n<p>#DelMazo #Apoyoparaeldesempleo #Respaldoatrabajadores #beneficios #econom\u00edafamiliar #consumolocal #edom\u00e9x<\/p>\n","protected":false},"excerpt":{"rendered":"<p>&nbsp; &nbsp; Detalla mandatario estatal que, como una medida especial de apoyo contra el desempleo, se invertir\u00e1n 150 millones de pesos para respaldar a los trabajadores mexiquenses y sus familias. Se\u00f1ala que en la entidad se impulsan programas de apoyos sociales, fiscales y econ\u00f3micos, en beneficio de la econom\u00eda familiar. Destacan los programas como el [&hellip;]<\/p>\n","protected":false},"author":3,"featured_media":41678,"comment_status":"open","ping_status":"open","sticky":false,"template":"","format":"standard","meta":{"footnotes":""},"categories":[9157,16,9209],"tags":[18797,18796,18798],"class_list":{"0":"post-41677","1":"post","2":"type-post","3":"status-publish","4":"format-standard","5":"has-post-thumbnail","7":"category-edomex","8":"category-foto","9":"category-salud","10":"tag-apoyos-sociales-y-economicos","11":"tag-del-mazo-vs-desempleo","12":"tag-edomex-apoyo-a-desempleados"},"wps_subtitle":"","_links":{"self":[{"href":"https:\/\/www.porlalibreedomex.com\/index.php?rest_route=\/wp\/v2\/posts\/41677","targetHints":{"allow":["GET"]}}],"collection":[{"href":"https:\/\/www.porlalibreedomex.com\/index.php?rest_route=\/wp\/v2\/posts"}],"about":[{"href":"https:\/\/www.porlalibreedomex.com\/index.php?rest_route=\/wp\/v2\/types\/post"}],"author":[{"embeddable":true,"href":"https:\/\/www.porlalibreedomex.com\/index.php?rest_route=\/wp\/v2\/users\/3"}],"replies":[{"embeddable":true,"href":"https:\/\/www.porlalibreedomex.com\/index.php?rest_route=%2Fwp%2Fv2%2Fcomments&post=41677"}],"version-history":[{"count":3,"href":"https:\/\/www.porlalibreedomex.com\/index.php?rest_route=\/wp\/v2\/posts\/41677\/revisions"}],"predecessor-version":[{"id":41682,"href":"https:\/\/www.porlalibreedomex.com\/index.php?rest_route=\/wp\/v2\/posts\/41677\/revisions\/41682"}],"wp:featuredmedia":[{"embeddable":true,"href":"https:\/\/www.porlalibreedomex.com\/index.php?rest_route=\/wp\/v2\/media\/41678"}],"wp:attachment":[{"href":"https:\/\/www.porlalibreedomex.com\/index.php?rest_route=%2Fwp%2Fv2%2Fmedia&parent=41677"}],"wp:term":[{"taxonomy":"category","embeddable":true,"href":"https:\/\/www.porlalibreedomex.com\/index.php?rest_route=%2Fwp%2Fv2%2Fcategories&post=41677"},{"taxonomy":"post_tag","embeddable":true,"href":"https:\/\/www.porlalibreedomex.com\/index.php?rest_route=%2Fwp%2Fv2%2Ftags&post=41677"}],"curies":[{"name":"wp","href":"https:\/\/api.w.org\/{rel}","templated":true}]}}