{"id":41674,"date":"2020-07-08T23:47:01","date_gmt":"2020-07-09T04:47:01","guid":{"rendered":"https:\/\/www.porlalibreedomex.com\/?p=41674"},"modified":"2020-07-08T23:47:01","modified_gmt":"2020-07-09T04:47:01","slug":"redoblar-medidas-preventivas-ante-reinicio-de-actividad-comercial-pide-salud-edomex","status":"publish","type":"post","link":"https:\/\/www.porlalibreedomex.com\/?p=41674","title":{"rendered":"REDOBLAR MEDIDAS PREVENTIVAS ANTE REINICIO DE ACTIVIDAD COMERCIAL, PIDE SALUD EDOM\u00c9X"},"content":{"rendered":"<ul>\n<li><strong><em>Reporta 39 mil 108 casos positivos en la entidad y pide continuar con la protecci\u00f3n a adultos mayores, personas con enfermedades cr\u00f3nicas y mujeres embarazadas, quienes deben permanecer en casa.<\/em><\/strong><\/li>\n<li><strong><em>Hacen un llamado a la poblaci\u00f3n, ante el reinicio de actividades de algunos giros comerciales, a mantener las medidas de higiene y prevenci\u00f3n para evitar que se incremente el n\u00famero de contagios.<\/em><\/strong><\/li>\n<\/ul>\n<p><strong>Toluca, Estado de M\u00e9xico, 7 de julio de 2020<\/strong>. Tras haber superado al COVID-19, 20 mil 496 mexiquenses han recibido su alta sanitaria y se encuentran en su domicilio para concluir su recuperaci\u00f3n, inform\u00f3 la Secretar\u00eda de Salud del Estado de M\u00e9xico, la cual reporta que a la fecha se contabilizan 39 mil 108 casos positivos.<\/p>\n<p>La dependencia, que encabeza el Doctor Gabriel O\u00b4Shea Cuevas, precisa que al corte de las 20:00 horas, 9 mil 427 personas est\u00e1n en aislamiento domiciliario y vigilancia epidemiol\u00f3gica, mil 501 se encuentran hospitalizados en la entidad y mil 491 en nosocomios de otros estados.<\/p>\n<p>En tanto, 4 mil 894 han fallecido en diversos municipios y mil 299 fuera de la frontera estatal; mientras que 14 mil 073 son casos sospechosos en espera del resultado de la prueba y 39 mil 589 han dado negativo al contagio del virus SARS-CoV-2.<\/p>\n<p>Con base en lo anterior y ante el reinicio de actividades de algunos giros comerciales, se hace el llamado a la poblaci\u00f3n en general a mantener las medidas de higiene y prevenci\u00f3n para evitar que se incremente el n\u00famero de contagios y no saturar los hospitales asignados para la atenci\u00f3n a este padecimiento, pues la entidad sigue en sem\u00e1foro rojo.<\/p>\n<p>En primera instancia se sugiere que contin\u00fae la protecci\u00f3n a los grupos vulnerables como adultos mayores, personas con enfermedades cr\u00f3nicas y mujeres embarazadas, quienes deben permanecer en casa.<\/p>\n<p>Para quienes deben acudir a trabajar, se recomienda el uso de cubrebocas como una de las medidas m\u00e1s importantes para prevenir el contagio, el lavado frecuente de manos con agua y jab\u00f3n por espacio de 20 segundos o el uso de gel antibacterial, as\u00ed como la sanitizaci\u00f3n de su \u00e1rea laboral.<\/p>\n<p>De igual manera, es importante respetar la sana distancia, si se estornuda o tose, taparse la boca con un pa\u00f1uelo desechable o con la parte interna del codo, no escupir en la v\u00eda p\u00fablica, no saludar de mano, beso o abrazo y si se utiliza el transporte p\u00fablico, al detenerse de barandales o utilizar elevadores, usar la mano no dominante para evitar tocarse la cara, especialmente ojos, nariz y boca.<\/p>\n<p>Finalmente, la Secretar\u00eda de Salud se\u00f1ala que se mantiene activa la l\u00ednea de atenci\u00f3n en el n\u00famero 800 900 3200 para que la poblaci\u00f3n en general pueda contar con informaci\u00f3n sobre la pandemia, reciba orientaci\u00f3n en caso de presentar s\u00edntomas de enfermedades respiratorias o apoyo psicol\u00f3gico.<\/p>\n","protected":false},"excerpt":{"rendered":"<p>Reporta 39 mil 108 casos positivos en la entidad y pide continuar con la protecci\u00f3n a adultos mayores, personas con enfermedades cr\u00f3nicas y mujeres embarazadas, quienes deben permanecer en casa. Hacen un llamado a la poblaci\u00f3n, ante el reinicio de actividades de algunos giros comerciales, a mantener las medidas de higiene y prevenci\u00f3n para evitar [&hellip;]<\/p>\n","protected":false},"author":3,"featured_media":41675,"comment_status":"open","ping_status":"open","sticky":false,"template":"","format":"standard","meta":{"footnotes":""},"categories":[9157,16,9209],"tags":[10522,18794,18795],"class_list":{"0":"post-41674","1":"post","2":"type-post","3":"status-publish","4":"format-standard","5":"has-post-thumbnail","7":"category-edomex","8":"category-foto","9":"category-salud","10":"tag-dr-gabriel-oshea-cuevas","11":"tag-reapertura-de-comercios","12":"tag-reforzar-medidas-preventivas"},"wps_subtitle":"DESDE EL INICIO DE LA PANDEMIA,\u00a020 MIL 496 MEXIQUENSES HAN SUPERADO EL COVID-19","_links":{"self":[{"href":"https:\/\/www.porlalibreedomex.com\/index.php?rest_route=\/wp\/v2\/posts\/41674","targetHints":{"allow":["GET"]}}],"collection":[{"href":"https:\/\/www.porlalibreedomex.com\/index.php?rest_route=\/wp\/v2\/posts"}],"about":[{"href":"https:\/\/www.porlalibreedomex.com\/index.php?rest_route=\/wp\/v2\/types\/post"}],"author":[{"embeddable":true,"href":"https:\/\/www.porlalibreedomex.com\/index.php?rest_route=\/wp\/v2\/users\/3"}],"replies":[{"embeddable":true,"href":"https:\/\/www.porlalibreedomex.com\/index.php?rest_route=%2Fwp%2Fv2%2Fcomments&post=41674"}],"version-history":[{"count":1,"href":"https:\/\/www.porlalibreedomex.com\/index.php?rest_route=\/wp\/v2\/posts\/41674\/revisions"}],"predecessor-version":[{"id":41676,"href":"https:\/\/www.porlalibreedomex.com\/index.php?rest_route=\/wp\/v2\/posts\/41674\/revisions\/41676"}],"wp:featuredmedia":[{"embeddable":true,"href":"https:\/\/www.porlalibreedomex.com\/index.php?rest_route=\/wp\/v2\/media\/41675"}],"wp:attachment":[{"href":"https:\/\/www.porlalibreedomex.com\/index.php?rest_route=%2Fwp%2Fv2%2Fmedia&parent=41674"}],"wp:term":[{"taxonomy":"category","embeddable":true,"href":"https:\/\/www.porlalibreedomex.com\/index.php?rest_route=%2Fwp%2Fv2%2Fcategories&post=41674"},{"taxonomy":"post_tag","embeddable":true,"href":"https:\/\/www.porlalibreedomex.com\/index.php?rest_route=%2Fwp%2Fv2%2Ftags&post=41674"}],"curies":[{"name":"wp","href":"https:\/\/api.w.org\/{rel}","templated":true}]}}