{"id":41671,"date":"2020-07-08T23:37:43","date_gmt":"2020-07-09T04:37:43","guid":{"rendered":"https:\/\/www.porlalibreedomex.com\/?p=41671"},"modified":"2020-07-08T23:37:43","modified_gmt":"2020-07-09T04:37:43","slug":"el-actual-sector-transporte-es-ineficiente-y-contaminante-investigador-uaem","status":"publish","type":"post","link":"https:\/\/www.porlalibreedomex.com\/?p=41671","title":{"rendered":"El actual sector transporte es ineficiente y contaminante: investigador UAEM"},"content":{"rendered":"<p align=\"center\">\n<p><b><i><span lang=\"ES-MX\"><u><\/u>\u00a0<u><\/u><\/span><\/i><\/b><\/p>\n<p><b><span lang=\"ES-MX\">Toluca, M\u00e9xico, 8 de julio de 2020.<\/span><\/b><span lang=\"ES-MX\">\u00a0<\/span><span lang=\"ES\">Electrificar alrededor de 20 por ciento del transporte en M\u00e9xico reducir\u00eda considerablemente la contaminaci\u00f3n atmosf\u00e9rica y permitir\u00eda cumplir los objetivos mundiales de desarrollo sostenible, sostuvo el investigador de la Facultad de Ingenier\u00eda de la Universidad Aut\u00f3noma del Estado de M\u00e9xico, Eduardo Rinc\u00f3n Mej\u00eda.<\/span><\/p>\n<p><span lang=\"ES\">Al dictar la conferencia \u201cBeneficios econ\u00f3micos y ambientales de la electrificaci\u00f3n del transporte\u201d, indic\u00f3 que este cambio reducir\u00eda de manera importante las enfermedades causadas por la contaminaci\u00f3n; impulsar\u00eda la sustentabilidad econ\u00f3mica, social y ambiental, as\u00ed como el desarrollo industrial y mejorar\u00eda la infraestructura el\u00e9ctrica nacional.<\/span><\/p>\n<p><span lang=\"ES\">Detall\u00f3 que un motor el\u00e9ctrico es tres veces m\u00e1s ligero que uno de combusti\u00f3n interna, 35 veces m\u00e1s peque\u00f1o, rinde 3.5 veces m\u00e1s y est\u00e1 libre de mantenimiento, ya que no tienen partes m\u00f3viles; adem\u00e1s, reduce las emisiones de gases de efecto invernadero y part\u00edculas t\u00f3xicas.<\/span><\/p>\n<p><span lang=\"ES\">Abund\u00f3 que de acuerdo con el Balance Nacional de Energ\u00eda de la Secretar\u00eda de Energ\u00eda federal, cerca de la mitad de energ\u00eda utilizada en el pa\u00eds proviene del petr\u00f3leo.<\/span><\/p>\n<p><span lang=\"ES\">Adem\u00e1s, manifest\u00f3, 95 por ciento de esta energ\u00eda est\u00e1 destinada al transporte y la mayor parte es importada. \u201c82 por ciento no se vuelve a utilizar, ya que los motores de combusti\u00f3n interna tienen un rendimiento bajo, a pesar de las mejoras tecnol\u00f3gicas\u201d.<\/span><\/p>\n<p><span lang=\"ES\">Subray\u00f3 que el sector transporte es el m\u00e1s ineficiente y contaminante de los que m\u00e1s consumen energ\u00eda en el pa\u00eds, as\u00ed que lo ideal es disminuir su uso y optar por medios el\u00e9ctricos como autobuses, motocicletas y bicicletas.<\/span><\/p>\n<p><span lang=\"ES-MX\"><u><\/u>\u00a0<\/span><\/p>\n","protected":false},"excerpt":{"rendered":"<p>\u00a0 Toluca, M\u00e9xico, 8 de julio de 2020.\u00a0Electrificar alrededor de 20 por ciento del transporte en M\u00e9xico reducir\u00eda considerablemente la contaminaci\u00f3n atmosf\u00e9rica y permitir\u00eda cumplir los objetivos mundiales de desarrollo sostenible, sostuvo el investigador de la Facultad de Ingenier\u00eda de la Universidad Aut\u00f3noma del Estado de M\u00e9xico, Eduardo Rinc\u00f3n Mej\u00eda. Al dictar la conferencia \u201cBeneficios [&hellip;]<\/p>\n","protected":false},"author":3,"featured_media":41672,"comment_status":"open","ping_status":"open","sticky":false,"template":"","format":"standard","meta":{"footnotes":""},"categories":[12273,16],"tags":[],"class_list":{"0":"post-41671","1":"post","2":"type-post","3":"status-publish","4":"format-standard","5":"has-post-thumbnail","7":"category-comunicaciones-y-transportes","8":"category-foto"},"wps_subtitle":"Lo ideal es disminuir su uso y optar por medios el\u00e9ctricos como autobuses, motocicletas y bicicletas.","_links":{"self":[{"href":"https:\/\/www.porlalibreedomex.com\/index.php?rest_route=\/wp\/v2\/posts\/41671","targetHints":{"allow":["GET"]}}],"collection":[{"href":"https:\/\/www.porlalibreedomex.com\/index.php?rest_route=\/wp\/v2\/posts"}],"about":[{"href":"https:\/\/www.porlalibreedomex.com\/index.php?rest_route=\/wp\/v2\/types\/post"}],"author":[{"embeddable":true,"href":"https:\/\/www.porlalibreedomex.com\/index.php?rest_route=\/wp\/v2\/users\/3"}],"replies":[{"embeddable":true,"href":"https:\/\/www.porlalibreedomex.com\/index.php?rest_route=%2Fwp%2Fv2%2Fcomments&post=41671"}],"version-history":[{"count":1,"href":"https:\/\/www.porlalibreedomex.com\/index.php?rest_route=\/wp\/v2\/posts\/41671\/revisions"}],"predecessor-version":[{"id":41673,"href":"https:\/\/www.porlalibreedomex.com\/index.php?rest_route=\/wp\/v2\/posts\/41671\/revisions\/41673"}],"wp:featuredmedia":[{"embeddable":true,"href":"https:\/\/www.porlalibreedomex.com\/index.php?rest_route=\/wp\/v2\/media\/41672"}],"wp:attachment":[{"href":"https:\/\/www.porlalibreedomex.com\/index.php?rest_route=%2Fwp%2Fv2%2Fmedia&parent=41671"}],"wp:term":[{"taxonomy":"category","embeddable":true,"href":"https:\/\/www.porlalibreedomex.com\/index.php?rest_route=%2Fwp%2Fv2%2Fcategories&post=41671"},{"taxonomy":"post_tag","embeddable":true,"href":"https:\/\/www.porlalibreedomex.com\/index.php?rest_route=%2Fwp%2Fv2%2Ftags&post=41671"}],"curies":[{"name":"wp","href":"https:\/\/api.w.org\/{rel}","templated":true}]}}