{"id":41438,"date":"2020-06-30T01:55:27","date_gmt":"2020-06-30T06:55:27","guid":{"rendered":"https:\/\/www.porlalibreedomex.com\/?p=41438"},"modified":"2020-07-01T01:55:47","modified_gmt":"2020-07-01T06:55:47","slug":"acepta-la-secretaria-de-seguridad-estatal-las-recomendaciones-generales-1-2020-y-2-2020-de-la-codhem","status":"publish","type":"post","link":"https:\/\/www.porlalibreedomex.com\/?p=41438","title":{"rendered":"ACEPTA LA SECRETAR\u00cdA DE SEGURIDAD ESTATAL LAS RECOMENDACIONES GENERALES 1\/2020 Y 2\/2020 DE LA CODHEM"},"content":{"rendered":"<p>&nbsp;<\/p>\n<p>&nbsp;<\/p>\n<ul>\n<li><b>Son para frenar violencia de G\u00e9nero, y para atender la pandemia por COVID-19 con perspectiva de Derechos Humanos.<\/b><\/li>\n<li>El ombudsperson reconoci\u00f3 el compromiso de las autoridades de la dependencia con los derechos humanos.<\/li>\n<\/ul>\n<p>&nbsp;<\/p>\n<p><strong>Toluca, Estado de M\u00e9xico, 30 de junio de 2020.-<\/strong> El presidente de la Comisi\u00f3n de Derechos Humanos del Estado de M\u00e9xico (Codhem), Jorge Olvera Garc\u00eda reconoci\u00f3 el compromiso con los derechos humanos y la disposici\u00f3n de la Secretar\u00eda de Seguridad (SS) estatal, al aceptar y atender las Recomendaciones Generales 1\/2020 sobre la atenci\u00f3n a la pandemia por COVID-19 con Perspectiva de Derechos Humanos y 2\/2020 sobre el uso del cubrebocas para garantizar el Derecho a la Protecci\u00f3n de la Salud frente al COVID-19.<\/p>\n<p>Tras recibir los documentos oficiales de aceptaci\u00f3n, el ombudsperson reconoci\u00f3 que es fundamental que durante la pandemia se contin\u00fae con la labor de prevenci\u00f3n del delito y garantizar el uso leg\u00edtimo de la fuerza a trav\u00e9s de medidas de contenci\u00f3n, pero tambi\u00e9n velar por la protecci\u00f3n personal y la salud de todos los elementos de los cuerpos polic\u00edacos a trav\u00e9s del uso de cubrebocas, mascarillas o cubiertas faciales.<\/p>\n<p>En ese sentido, expuso que en ambos oficios recibidos por la Codhem y firmados por el titular de la Unidad de Asuntos Jur\u00eddicos e Igualdad de G\u00e9nero de dicha secretar\u00eda, Igor Mendoza Ruiz, se se\u00f1ala que por instrucciones de la titular de la dependencia estatal, Maribel Cervantes Guerrero, se aceptan y atienden las dos recomendaciones.<\/p>\n<p>Los oficios mencionan que el 20 de marzo del a\u00f1o en curso, se public\u00f3 en el Peri\u00f3dico Oficial \u201cGaceta del Gobierno\u201d el documento elaborado por dicha dependencia denominado \u201cOrden General de Operaciones Covid-19\u201d, con el objetivo de garantizar la prestaci\u00f3n del servicio de seguridad y establecer criterios comunes de actuaci\u00f3n para las \u00e1reas operativas, con el fin de disminuir el riesgo de infecciones entre el personal y hacer frente a la emergencia sanitaria en coordinaci\u00f3n con las instituciones de seguridad p\u00fablica de los tres \u00f3rdenes de gobierno.<\/p>\n<p>Adicionalmente en el documento oficial de aceptaci\u00f3n de la Recomendaci\u00f3n General 1\/2020, se precisa que no obstante del documento publicado, se giraron instrucciones a los Subsecretarios de Polic\u00eda Estatal y de Control Penitenciario as\u00ed como al Director General de Informaci\u00f3n, para la atenci\u00f3n y cumplimiento de la recomendaci\u00f3n general.<\/p>\n<p>Dicha recomendaci\u00f3n solicita a la SS garantizar el uso leg\u00edtimo de la fuerza ante posibles escenarios de violencia social por la crisis generada por la pandemia en los diversos sectores sociales, con apego a la proporcionalidad y racionalidad, protegiendo a\u00a0\u00a0los grupos en situaci\u00f3n de vulnerabilidad; as\u00ed como elaborar un diagn\u00f3stico en los centros penitenciarios para identificar a las personas que re\u00fanan los requisitos de la Ley Nacional de Ejecuci\u00f3n Penal y est\u00e1ndares internacionales para solicitar al \u00f3rgano jurisdiccional la conmutaci\u00f3n de la pena, liberaci\u00f3n condicionada o anticipada de personas sentenciadas.<\/p>\n<div class=\"yj6qo\"><\/div>\n","protected":false},"excerpt":{"rendered":"<p>&nbsp; &nbsp; Son para frenar violencia de G\u00e9nero, y para atender la pandemia por COVID-19 con perspectiva de Derechos Humanos. El ombudsperson reconoci\u00f3 el compromiso de las autoridades de la dependencia con los derechos humanos. &nbsp; Toluca, Estado de M\u00e9xico, 30 de junio de 2020.- El presidente de la Comisi\u00f3n de Derechos Humanos del Estado [&hellip;]<\/p>\n","protected":false},"author":3,"featured_media":41439,"comment_status":"open","ping_status":"open","sticky":false,"template":"","format":"standard","meta":{"footnotes":""},"categories":[9157,16],"tags":[18660,10515],"class_list":{"0":"post-41438","1":"post","2":"type-post","3":"status-publish","4":"format-standard","5":"has-post-thumbnail","7":"category-edomex","8":"category-foto","9":"tag-acepta-recomendaciones-la-ssem","10":"tag-recomendaciones-generales-codhem"},"wps_subtitle":"","_links":{"self":[{"href":"https:\/\/www.porlalibreedomex.com\/index.php?rest_route=\/wp\/v2\/posts\/41438","targetHints":{"allow":["GET"]}}],"collection":[{"href":"https:\/\/www.porlalibreedomex.com\/index.php?rest_route=\/wp\/v2\/posts"}],"about":[{"href":"https:\/\/www.porlalibreedomex.com\/index.php?rest_route=\/wp\/v2\/types\/post"}],"author":[{"embeddable":true,"href":"https:\/\/www.porlalibreedomex.com\/index.php?rest_route=\/wp\/v2\/users\/3"}],"replies":[{"embeddable":true,"href":"https:\/\/www.porlalibreedomex.com\/index.php?rest_route=%2Fwp%2Fv2%2Fcomments&post=41438"}],"version-history":[{"count":1,"href":"https:\/\/www.porlalibreedomex.com\/index.php?rest_route=\/wp\/v2\/posts\/41438\/revisions"}],"predecessor-version":[{"id":41440,"href":"https:\/\/www.porlalibreedomex.com\/index.php?rest_route=\/wp\/v2\/posts\/41438\/revisions\/41440"}],"wp:featuredmedia":[{"embeddable":true,"href":"https:\/\/www.porlalibreedomex.com\/index.php?rest_route=\/wp\/v2\/media\/41439"}],"wp:attachment":[{"href":"https:\/\/www.porlalibreedomex.com\/index.php?rest_route=%2Fwp%2Fv2%2Fmedia&parent=41438"}],"wp:term":[{"taxonomy":"category","embeddable":true,"href":"https:\/\/www.porlalibreedomex.com\/index.php?rest_route=%2Fwp%2Fv2%2Fcategories&post=41438"},{"taxonomy":"post_tag","embeddable":true,"href":"https:\/\/www.porlalibreedomex.com\/index.php?rest_route=%2Fwp%2Fv2%2Ftags&post=41438"}],"curies":[{"name":"wp","href":"https:\/\/api.w.org\/{rel}","templated":true}]}}