{"id":41125,"date":"2020-06-18T00:49:32","date_gmt":"2020-06-18T05:49:32","guid":{"rendered":"https:\/\/www.porlalibreedomex.com\/?p=41125"},"modified":"2020-06-19T00:50:07","modified_gmt":"2020-06-19T05:50:07","slug":"egresado-de-uaem-gano-beca-fulbright-garcia-robles-de-comexus","status":"publish","type":"post","link":"https:\/\/www.porlalibreedomex.com\/?p=41125","title":{"rendered":"Egresado de UAEM gan\u00f3 Beca Fulbright-Garc\u00eda Robles de COMEXUS"},"content":{"rendered":"<p>&nbsp;<\/p>\n<ul>\n<li><i><span lang=\"ES-TRAD\">Alejandro Aldama Valdez ser\u00e1 entrevistado por representantes de empresas y universidades con las que la COMEXUS tiene previo acuerdo y se colocar\u00e1 en alguna de ellas, seg\u00fan su perfil y las necesidades de la empresa.<\/span><\/i><\/li>\n<\/ul>\n<p><b><i><span lang=\"ES-MX\"><u><\/u>\u00a0<u><\/u><\/span><\/i><\/b><\/p>\n<p><b><span lang=\"ES-MX\">Toluca, M\u00e9xico, 18 de junio de 2020. <\/span><\/b><span lang=\"ES-MX\">Alejandro Aldama Valdez, egresado de la Licenciatura en Relaciones Econ\u00f3micas Internacionales de la Facultad de Econom\u00eda de la Universidad Aut\u00f3noma del Estado de M\u00e9xico, fue distinguido con la Beca Fulbright-Garc\u00eda Robles que administra la Comisi\u00f3n M\u00e9xico-Estados Unidos para el Intercambio Educativo y Cultural (COMEXUS).<\/span><\/p>\n<p><span lang=\"ES-MX\">Aldama Valdez obtuvo la Beca de Profesionalizaci\u00f3n de Negocios Binacionales en Estados Unidos, dirigida a egresados del nivel superior o posgrado de nacionalidad mexicana con una trayectoria acad\u00e9mica destacada.<\/span><\/p>\n<p><span lang=\"ES-MX\">La beca es una oportunidad para que j\u00f3venes mexicanos realicen una pasant\u00eda en una empresa y estudien hasta cuatro cursos de nivel posgrado en una universidad de prestigio durante 10 meses en Estados Unidos.<\/span><\/p>\n<p><span lang=\"ES-MX\">El objetivo es crear entendimiento entre los sectores privados de ambas naciones y que el becario se familiarice con el ambiente empresarial de Estados Unidos.<\/span><\/p>\n<p><span lang=\"ES-MX\">Alejandro Aldama explic\u00f3 que tras ser seleccionado como becario, en los siguientes meses ser\u00e1 entrevistado por representantes de empresas y universidades con las que la COMEXUS tiene previo acuerdo y se colocar\u00e1 en alguna de ellas, seg\u00fan su perfil y las necesidades de la empresa.<\/span><\/p>\n<p><span lang=\"ES-MX\">Expres\u00f3 que se siente feliz por haber sido seleccionado para esta beca, que es una oportunidad para su profesionalizaci\u00f3n y ampliar sus conocimientos acad\u00e9micos en un contexto que contempla la relaci\u00f3n M\u00e9xico-Estados Unidos.<\/span><\/p>\n<p><span lang=\"ES-MX\">\u201cEstoy orgulloso de ser egresado de la UAEM, consciente de la responsabilidad para que este logro reditu\u00e9 en los siguientes a\u00f1os en beneficio de quienes ahora est\u00e1n en las aulas, que vean que las oportunidades existen y se pueden lograr grandes objetivos\u201d.<\/span><\/p>\n<p><span lang=\"ES-MX\">Alejandro Aldama Valdez comparti\u00f3 que debido a la pandemia de COVID-19, su movilidad hacia Estados Unidos se retras\u00f3, aunque se prev\u00e9 que en los siguientes meses se reactive para iniciar con su profesionalizaci\u00f3n.<\/span><\/p>\n<p><span lang=\"ES-MX\">En los \u00faltimos a\u00f1os, COMEXUS ha colocado becarios en empresas como Strategen, ubicada en San Francisco; New Mexico Trade Alliance, en Nuevo M\u00e9xico, o Casa Dragones, en Nueva York.<\/span><\/p>\n<p><span lang=\"ES-MX\"><u><\/u>\u00a0<\/span><\/p>\n<p>&nbsp;<\/p>\n","protected":false},"excerpt":{"rendered":"<p>&nbsp; Alejandro Aldama Valdez ser\u00e1 entrevistado por representantes de empresas y universidades con las que la COMEXUS tiene previo acuerdo y se colocar\u00e1 en alguna de ellas, seg\u00fan su perfil y las necesidades de la empresa. \u00a0 Toluca, M\u00e9xico, 18 de junio de 2020. Alejandro Aldama Valdez, egresado de la Licenciatura en Relaciones Econ\u00f3micas Internacionales [&hellip;]<\/p>\n","protected":false},"author":3,"featured_media":41126,"comment_status":"open","ping_status":"open","sticky":false,"template":"","format":"standard","meta":{"footnotes":""},"categories":[9148,16],"tags":[18498,18499,18500],"class_list":{"0":"post-41125","1":"post","2":"type-post","3":"status-publish","4":"format-standard","5":"has-post-thumbnail","7":"category-educacion","8":"category-foto","9":"tag-beca-fullbright-garcia-robles","10":"tag-egresado-de-la-uaem-gana-beca","11":"tag-orgullo-por-la-uaem"},"wps_subtitle":"","_links":{"self":[{"href":"https:\/\/www.porlalibreedomex.com\/index.php?rest_route=\/wp\/v2\/posts\/41125","targetHints":{"allow":["GET"]}}],"collection":[{"href":"https:\/\/www.porlalibreedomex.com\/index.php?rest_route=\/wp\/v2\/posts"}],"about":[{"href":"https:\/\/www.porlalibreedomex.com\/index.php?rest_route=\/wp\/v2\/types\/post"}],"author":[{"embeddable":true,"href":"https:\/\/www.porlalibreedomex.com\/index.php?rest_route=\/wp\/v2\/users\/3"}],"replies":[{"embeddable":true,"href":"https:\/\/www.porlalibreedomex.com\/index.php?rest_route=%2Fwp%2Fv2%2Fcomments&post=41125"}],"version-history":[{"count":1,"href":"https:\/\/www.porlalibreedomex.com\/index.php?rest_route=\/wp\/v2\/posts\/41125\/revisions"}],"predecessor-version":[{"id":41127,"href":"https:\/\/www.porlalibreedomex.com\/index.php?rest_route=\/wp\/v2\/posts\/41125\/revisions\/41127"}],"wp:featuredmedia":[{"embeddable":true,"href":"https:\/\/www.porlalibreedomex.com\/index.php?rest_route=\/wp\/v2\/media\/41126"}],"wp:attachment":[{"href":"https:\/\/www.porlalibreedomex.com\/index.php?rest_route=%2Fwp%2Fv2%2Fmedia&parent=41125"}],"wp:term":[{"taxonomy":"category","embeddable":true,"href":"https:\/\/www.porlalibreedomex.com\/index.php?rest_route=%2Fwp%2Fv2%2Fcategories&post=41125"},{"taxonomy":"post_tag","embeddable":true,"href":"https:\/\/www.porlalibreedomex.com\/index.php?rest_route=%2Fwp%2Fv2%2Ftags&post=41125"}],"curies":[{"name":"wp","href":"https:\/\/api.w.org\/{rel}","templated":true}]}}