{"id":41112,"date":"2020-06-18T00:22:08","date_gmt":"2020-06-18T05:22:08","guid":{"rendered":"https:\/\/www.porlalibreedomex.com\/?p=41112"},"modified":"2020-06-19T00:26:41","modified_gmt":"2020-06-19T05:26:41","slug":"hay-que-unirnos-para-evitar-la-destruccion-de-mexico-alejandra-del-moral","status":"publish","type":"post","link":"https:\/\/www.porlalibreedomex.com\/?p=41112","title":{"rendered":"HAY QUE UNIRNOS PARA EVITAR LA DESTRUCCI\u00d3N DE M\u00c9XICO: ALEJANDRA DEL MORAL"},"content":{"rendered":"<p style=\"font-weight: 400;\"><strong>\u00a0<\/strong><\/p>\n<ul>\n<li style=\"font-weight: 400;\"><em>El futuro es la energ\u00eda limpia, la sustentabilidad, el cuidado del medio ambiente y el cuidado de la naturaleza, subray\u00f3.<\/em><\/li>\n<li style=\"font-weight: 400;\"><em>Encabez\u00f3 el Foro de Energ\u00edas Limpias La Nueva Riqueza de M\u00e9xico coordinado por Jessica Oceguera Rosales, secretaria de Vinculaci\u00f3n Empresarial y Emprendimento del CDE del PRI y con expertos en la materia.<\/em><\/li>\n<\/ul>\n<p>&nbsp;<\/p>\n<p style=\"font-weight: 400;\">Alejandra Del Moral Vela, Presidenta estatal del Partido Revolucionario Institucional (PRI), encabez\u00f3 el Foro de Energ\u00edas Limpias\u00a0<em>La Nueva Riqueza de M\u00e9xico<\/em>, en el que llam\u00f3 a ciudadanos y especialistas a conformar una alianza pol\u00edtico-ciudadana para evitar la destrucci\u00f3n de M\u00e9xico.<\/p>\n<p style=\"font-weight: 400;\">\u201cVamos a trabajar todos los d\u00edas para revertir el grave da\u00f1o que el actual gobierno federal est\u00e1 ocasionando al desincentivar el uso de las energ\u00edas renovables\u201d, asegur\u00f3 Del Moral Vela, por lo que convoc\u00f3 a la ciudadan\u00eda a hacer equipo con el partido para ganar las elecciones y as\u00ed materializar esta posibilidad.<\/p>\n<p style=\"font-weight: 400;\">A trav\u00e9s del programa transmitido por Facebook Live del PRI estatal, en el que participaron expertos en el tema de energ\u00edas renovables moderados por Jessica Oceguera Rosales, secretaria de Vinculaci\u00f3n Empresarial y Emprendimento del Comit\u00e9 Directivo Estatal, Del Moral Vela destac\u00f3 que el tema de las energ\u00edas limpias es de la mayor importancia para el partido y para el que se necesitan m\u00e1s voces y que estas se escuchen con fuerza y gran contundencia.<\/p>\n<p style=\"font-weight: 400;\">\u201cEl futuro es la energ\u00eda limpia, la sustentabilidad, el cuidado del medio ambiente y el cuidado de la naturaleza\u201d, subray\u00f3.<\/p>\n<p style=\"font-weight: 400;\">En el PRI \u201cestamos plenamente comprometidos con esta postura y trabajamos para ganar espacios en los ayuntamientos, en las diputaciones locales y en los distritos federales en todo M\u00e9xico; que este tema de energ\u00edas limpias y sustentables pueda verdaderamente ocupar el lugar que le corresponde por nuestra realidad, por nuestros hijos y por nuestras pr\u00f3ximas generaciones\u201d, resalt\u00f3.<\/p>\n<p><a href=\"https:\/\/www.porlalibreedomex.com\/wp-content\/uploads\/2020\/06\/ALEJANDRA-DEL-MORAL-PRI-EDOM\u00c9X-FORO-ENERG\u00cdAS-LIMPIAS-2.jpg\"><img loading=\"lazy\" decoding=\"async\" class=\"aligncenter size-full wp-image-41114\" src=\"https:\/\/www.porlalibreedomex.com\/wp-content\/uploads\/2020\/06\/ALEJANDRA-DEL-MORAL-PRI-EDOM\u00c9X-FORO-ENERG\u00cdAS-LIMPIAS-2.jpg\" alt=\"\" width=\"1280\" height=\"854\" srcset=\"https:\/\/www.porlalibreedomex.com\/wp-content\/uploads\/2020\/06\/ALEJANDRA-DEL-MORAL-PRI-EDOM\u00c9X-FORO-ENERG\u00cdAS-LIMPIAS-2.jpg 1280w, https:\/\/www.porlalibreedomex.com\/wp-content\/uploads\/2020\/06\/ALEJANDRA-DEL-MORAL-PRI-EDOM\u00c9X-FORO-ENERG\u00cdAS-LIMPIAS-2-300x200.jpg 300w, https:\/\/www.porlalibreedomex.com\/wp-content\/uploads\/2020\/06\/ALEJANDRA-DEL-MORAL-PRI-EDOM\u00c9X-FORO-ENERG\u00cdAS-LIMPIAS-2-768x512.jpg 768w, https:\/\/www.porlalibreedomex.com\/wp-content\/uploads\/2020\/06\/ALEJANDRA-DEL-MORAL-PRI-EDOM\u00c9X-FORO-ENERG\u00cdAS-LIMPIAS-2-1024x683.jpg 1024w\" sizes=\"auto, (max-width: 1280px) 100vw, 1280px\" \/><\/a><\/p>\n<p style=\"font-weight: 400;\">Asegur\u00f3 que \u201ccomo partido creemos que esta pesadilla sexenal anticlim\u00e1tica ser\u00e1 un par\u00e9ntesis en la historia de M\u00e9xico y una p\u00e1gina obscura que, en lo personal, creo que no tiene ning\u00fan futuro\u201d. Enfatiz\u00f3: \u201cestamos ocupados al cien por ciento para que el PRI tenga una relevancia sustantiva en la C\u00e1mara de Diputados y as\u00ed equilibrar el poder en M\u00e9xico\u201d.<\/p>\n<p style=\"font-weight: 400;\">Del Moral Vela solicit\u00f3 a los expertos contribuir a la conformaci\u00f3n de la plataforma del partido en temas de energ\u00edas renovables y en la Agenda 2030 para que el PRI tenga una oferta pol\u00edtica cercana, viable y ciudadana.<\/p>\n<p style=\"font-weight: 400;\">Reiter\u00f3 que el gobierno federal actual polariza y no gobierna para todos. \u201cSi sumamos esfuerzos, si nos ciudadanizamos como partido y escuchamos a los expertos nos va a ir muy bien\u201d.\u00a0 M\u00e9xico, abund\u00f3, tiene un potencial enorme para la instalaci\u00f3n de fuentes de energ\u00eda renovable y es una enorme \u00e1rea de oportunidad a explotar.<\/p>\n<p style=\"font-weight: 400;\">Jessica Oceguera Rosales destac\u00f3 que M\u00e9xico es rico en geograf\u00eda, en condiciones clim\u00e1ticas y en posicionamiento en cuanto a recursos naturales, por ello, es muy importante apoyar las energ\u00edas limpias y seguir escuchando a los expertos.<\/p>\n<p style=\"font-weight: 400;\">\u201cLas energ\u00edas renovables son un camino seguro, confiable y que ayuda a crear conciencia para las futuras generaciones\u201d, dijo. \u201cLa autogeneraci\u00f3n de energ\u00eda tiene que ser una opci\u00f3n tanto en el plano comercial, residencial e industrial y la creaci\u00f3n de nuevos proyectos macro son necesarios, no solo para la generaci\u00f3n de empleos sino tambi\u00e9n para bajar las emisiones contaminantes con las que M\u00e9xico se comprometi\u00f3 junto con 195 pa\u00edses\u201d, asegur\u00f3 Oceguera Rosales.<\/p>\n<p style=\"font-weight: 400;\">Silvestre Fern\u00e1ndez Barajas, exPresidente de la Confederaci\u00f3n de C\u00e1maras Industriales de M\u00e9xico (Concamin) mencion\u00f3 que M\u00e9xico vive bajo un gobierno centralista que toma decisiones que est\u00e1n frenando al pa\u00eds. Dijo que las energ\u00edas limpias impactan positivamente a la industria pero en el caso de M\u00e9xico las decisiones que se est\u00e1n tomando van a impactar al rev\u00e9s.<\/p>\n<p style=\"font-weight: 400;\">Record\u00f3 que con la instalaci\u00f3n de energ\u00edas renovables en el pa\u00eds a partir de 2010 se lleg\u00f3 a una inversi\u00f3n de 23 mil mdd y ello iba a representar beneficios para la industria y los hogares al ser m\u00e1s barata. Indic\u00f3 que la necedad de mantener el monopolio en la industria el\u00e9ctrica actualmente, frena la competencia con las industrias limpias y adem\u00e1s quema combustibles f\u00f3siles a costa de la salud de los mexicanos.<\/p>\n<p style=\"font-weight: 400;\">Antonio Carrillo, presidente de RC Consultores, recalc\u00f3 que la pandemia del COVID-19 ha obligado al sector empresarial a cambiar las reglas del juego y voltear hacia la econom\u00eda local para impulsar y reactivar la econom\u00eda. \u201cLa liquidez del mercado mexicano es lo que realmente a nosotros nos importa como empresarios\u201d, con el objetivo de que las empresas no pierdan su vocaci\u00f3n.<\/p>\n<p style=\"font-weight: 400;\">El director del \u00e1rea de energ\u00eda renovable de Gemex, Jos\u00e9 Antonio Soro Ferrer, coment\u00f3 que el problema mayor para el sector energ\u00e9tico y empresarial en el pa\u00eds es que las decisiones desde el gobierno federal se toman \u201cpor el camino m\u00e1s f\u00e1cil, que es lo m\u00e1s sencillo, que ser\u00e1 contraproducente a un corto o mediano plazo para los ciudadanos de a pie y para cualquier mexicano\u201d. Agreg\u00f3 que estas decisiones son tomadas por falta de informaci\u00f3n o la negaci\u00f3n a recibir informaci\u00f3n valiosa \u201cpara mirar hacia un futuro tecnol\u00f3gico\u201d que ha llevado hacia \u201cuna falta de seguridad hacia el cambio\u201d.<\/p>\n<p style=\"font-weight: 400;\">Jorge Adri\u00e1n Calder\u00f3n, director de Bull &amp; Bear Sustainable Trading, subray\u00f3 la necesidad de colocar personas con capacidad t\u00e9cnica en las \u00e1reas de gobierno dedicadas al fomento de energ\u00eda renovable y sustentable; \u201cel hecho de la ausencia de t\u00e9cnicos en la direcci\u00f3n ha retrasado el camino y es responsabilidad del gobierno brindar certidumbre en todos los procesos\u201d, afirm\u00f3. \u201cYo me quedar\u00eda nada m\u00e1s con eso, con brindar certidumbre, con brindar transparencia y con brindar t\u00e9cnicos que puedan dirigir estos organismos para apuntalarlos y ubicarnos como el productor de energ\u00eda limpia, renovable y sustentable que podemos ser en Latinoam\u00e9rica y en el mundo\u201d.<\/p>\n<p style=\"font-weight: 400;\">Mart\u00edn Rodr\u00edguez S\u00e1nchez, Presidente del Consejo Internacional de Empresarios de Latam, refiri\u00f3 que ante la situaci\u00f3n cr\u00edtica actual, en M\u00e9xico se requiere un enfoque de crecimiento econ\u00f3mico y de inversi\u00f3n considerando la \u201cimportancia que adquieren los proyectos de energ\u00eda renovable en t\u00e9rminos de beneficio para el pa\u00eds en orden econ\u00f3mico, ambiental y social\u201d. Ya que hablar de energ\u00edas limpias, agreg\u00f3, es hablar tambi\u00e9n de empat\u00eda con el medio ambiente, modelos innovadores de negocios, inversi\u00f3n y generaci\u00f3n de empleos pero, sobre todo, de conciencia y visi\u00f3n estrat\u00e9gica de gobierno y empresa. \u201cHacemos un llamado a podernos unir las empresas actuales, nacionales e internacionales y tambi\u00e9n el gobierno, para poder lograr juntos un nuevo camino\u201d, finaliz\u00f3.<\/p>\n","protected":false},"excerpt":{"rendered":"<p>\u00a0 El futuro es la energ\u00eda limpia, la sustentabilidad, el cuidado del medio ambiente y el cuidado de la naturaleza, subray\u00f3. Encabez\u00f3 el Foro de Energ\u00edas Limpias La Nueva Riqueza de M\u00e9xico coordinado por Jessica Oceguera Rosales, secretaria de Vinculaci\u00f3n Empresarial y Emprendimento del CDE del PRI y con expertos en la materia. &nbsp; Alejandra [&hellip;]<\/p>\n","protected":false},"author":3,"featured_media":41115,"comment_status":"open","ping_status":"open","sticky":false,"template":"","format":"standard","meta":{"footnotes":""},"categories":[16,9150],"tags":[18492,6460,18494,18493],"class_list":{"0":"post-41112","1":"post","2":"type-post","3":"status-publish","4":"format-standard","5":"has-post-thumbnail","7":"category-foto","8":"category-politica","9":"tag-foro-energias-limpias","10":"tag-jessica-valeria-gonzalez-perez","11":"tag-unidos-evitar-destruccion-de-mexico","12":"tag-video-conferencia-pri-edomex"},"wps_subtitle":"CONCLUSI\u00d3N DEL FORO EFECTUADO POR EL PRI EDOM\u00c9X, ANTE LA AMENAZA DE CANCELAR LAS ENERG\u00cdAS LIMPIAS\u00a0  \u00a0","_links":{"self":[{"href":"https:\/\/www.porlalibreedomex.com\/index.php?rest_route=\/wp\/v2\/posts\/41112","targetHints":{"allow":["GET"]}}],"collection":[{"href":"https:\/\/www.porlalibreedomex.com\/index.php?rest_route=\/wp\/v2\/posts"}],"about":[{"href":"https:\/\/www.porlalibreedomex.com\/index.php?rest_route=\/wp\/v2\/types\/post"}],"author":[{"embeddable":true,"href":"https:\/\/www.porlalibreedomex.com\/index.php?rest_route=\/wp\/v2\/users\/3"}],"replies":[{"embeddable":true,"href":"https:\/\/www.porlalibreedomex.com\/index.php?rest_route=%2Fwp%2Fv2%2Fcomments&post=41112"}],"version-history":[{"count":3,"href":"https:\/\/www.porlalibreedomex.com\/index.php?rest_route=\/wp\/v2\/posts\/41112\/revisions"}],"predecessor-version":[{"id":41117,"href":"https:\/\/www.porlalibreedomex.com\/index.php?rest_route=\/wp\/v2\/posts\/41112\/revisions\/41117"}],"wp:featuredmedia":[{"embeddable":true,"href":"https:\/\/www.porlalibreedomex.com\/index.php?rest_route=\/wp\/v2\/media\/41115"}],"wp:attachment":[{"href":"https:\/\/www.porlalibreedomex.com\/index.php?rest_route=%2Fwp%2Fv2%2Fmedia&parent=41112"}],"wp:term":[{"taxonomy":"category","embeddable":true,"href":"https:\/\/www.porlalibreedomex.com\/index.php?rest_route=%2Fwp%2Fv2%2Fcategories&post=41112"},{"taxonomy":"post_tag","embeddable":true,"href":"https:\/\/www.porlalibreedomex.com\/index.php?rest_route=%2Fwp%2Fv2%2Ftags&post=41112"}],"curies":[{"name":"wp","href":"https:\/\/api.w.org\/{rel}","templated":true}]}}