{"id":41009,"date":"2020-06-15T23:59:37","date_gmt":"2020-06-16T04:59:37","guid":{"rendered":"https:\/\/www.porlalibreedomex.com\/?p=41009"},"modified":"2020-06-16T00:03:49","modified_gmt":"2020-06-16T05:03:49","slug":"implementa-el-gem-acciones-en-materia-de-genero-a-traves-del-consejo-de-la-mujer","status":"publish","type":"post","link":"https:\/\/www.porlalibreedomex.com\/?p=41009","title":{"rendered":"IMPLEMENTA EL GEM ACCIONES EN MATERIA DE G\u00c9NERO A TRAV\u00c9S DEL CONSEJO DE LA MUJER"},"content":{"rendered":"<ul>\n<li><em><strong>Realizan mesas de trabajo virtuales bajo el t\u00edtulo \u201cMasculinidad-es\u201d.<\/strong><\/em><\/li>\n<li><em><strong>Buscan educar y reeducar con una visi\u00f3n incluyente y tolerante.<\/strong><\/em><\/li>\n<\/ul>\n<p>&nbsp;<\/p>\n<p><strong>Toluca, Estado de M\u00e9xico, 15 de junio de 2020.<\/strong> A partir de este a\u00f1o, por instrucci\u00f3n del Gobernador Alfredo Del Mazo Maza, el Consejo Estatal de la Mujer y Bienestar Social (CEMyBS) trabajar\u00e1 en materia de educaci\u00f3n y reeducaci\u00f3n en nuevas masculinidades.<\/p>\n<p>Al presidir las mesas de trabajo virtuales \u201cMasculinidad-es\u00bb, Melissa Vargas Camacho, Vocal Ejecutiva del CEMyBS, se\u00f1al\u00f3 que el tema de g\u00e9nero no se puede seguir centrando en la atenci\u00f3n y trabajo con las mujeres, por lo que es necesario sumar esfuerzos para construir una din\u00e1mica de convivencia entre ni\u00f1as, ni\u00f1os, mujeres y hombres para disminuir no solo la violencia sino la desigualdad de g\u00e9nero.<\/p>\n<figure id=\"attachment_41010\" aria-describedby=\"caption-attachment-41010\" style=\"width: 800px\" class=\"wp-caption aligncenter\"><a href=\"https:\/\/www.porlalibreedomex.com\/wp-content\/uploads\/2020\/06\/CEMYBS-Melissa-Camacho-2020-06-15-at-2.30.32-PM.jpeg\"><img loading=\"lazy\" decoding=\"async\" class=\"size-large wp-image-41010\" src=\"https:\/\/www.porlalibreedomex.com\/wp-content\/uploads\/2020\/06\/CEMYBS-Melissa-Camacho-2020-06-15-at-2.30.32-PM-1024x574.jpeg\" alt=\"\" width=\"800\" height=\"448\" srcset=\"https:\/\/www.porlalibreedomex.com\/wp-content\/uploads\/2020\/06\/CEMYBS-Melissa-Camacho-2020-06-15-at-2.30.32-PM-1024x574.jpeg 1024w, https:\/\/www.porlalibreedomex.com\/wp-content\/uploads\/2020\/06\/CEMYBS-Melissa-Camacho-2020-06-15-at-2.30.32-PM-300x168.jpeg 300w, https:\/\/www.porlalibreedomex.com\/wp-content\/uploads\/2020\/06\/CEMYBS-Melissa-Camacho-2020-06-15-at-2.30.32-PM-768x431.jpeg 768w, https:\/\/www.porlalibreedomex.com\/wp-content\/uploads\/2020\/06\/CEMYBS-Melissa-Camacho-2020-06-15-at-2.30.32-PM.jpeg 1280w\" sizes=\"auto, (max-width: 800px) 100vw, 800px\" \/><\/a><figcaption id=\"caption-attachment-41010\" class=\"wp-caption-text\">Melissa Vargas Camacho, Vocal Ejecutiva del Consejo de la Mujer del Estado de M\u00e9xico.<\/figcaption><\/figure>\n<p>Por ello, el CEMyBS organismo sectorizado a la Secretar\u00eda de Desarrollo Social, impuls\u00f3 esta estrategia, la cual tiene como uno de sus ejes la parte preventiva, desde donde se trabaja en una campa\u00f1a para visibilizar las nuevas maneras de ejercer los tipos de masculinidad, como son masculinidad es disfrutar y vivir la paternidad, masculinidad de expresar emociones, masculinidad es trabajar en actividades del hogar.<\/p>\n<p>Tambi\u00e9n llevar\u00e1n a cabo jornadas de inclusi\u00f3n en primarias y secundarias a trav\u00e9s de mecanismos l\u00fadicos con el fin de sensibilizar a las nuevas generaciones sobre una visi\u00f3n incluyente y tolerante.<\/p>\n<p>Asimismo, Vargas Camacho precis\u00f3 que el resultado de estas mesas servir\u00e1 para la elaboraci\u00f3n de un mascul\u00edmetro que demostrar\u00e1 diversos niveles, desde una masculinidad machista a una participativa, as\u00ed como la primera cartilla de masculinidad para adolescentes, hombres en general y quienes hayan cometido alg\u00fan incidente de violencia.<\/p>\n<figure id=\"attachment_41012\" aria-describedby=\"caption-attachment-41012\" style=\"width: 800px\" class=\"wp-caption aligncenter\"><a href=\"https:\/\/www.porlalibreedomex.com\/wp-content\/uploads\/2020\/06\/CEMYBS-maltrato-mujeresWhatsApp-Image-2020-06-15-at-2.30.31-PM.jpeg\"><img loading=\"lazy\" decoding=\"async\" class=\"size-large wp-image-41012\" src=\"https:\/\/www.porlalibreedomex.com\/wp-content\/uploads\/2020\/06\/CEMYBS-maltrato-mujeresWhatsApp-Image-2020-06-15-at-2.30.31-PM-1024x682.jpeg\" alt=\"\" width=\"800\" height=\"533\" srcset=\"https:\/\/www.porlalibreedomex.com\/wp-content\/uploads\/2020\/06\/CEMYBS-maltrato-mujeresWhatsApp-Image-2020-06-15-at-2.30.31-PM-1024x682.jpeg 1024w, https:\/\/www.porlalibreedomex.com\/wp-content\/uploads\/2020\/06\/CEMYBS-maltrato-mujeresWhatsApp-Image-2020-06-15-at-2.30.31-PM-300x200.jpeg 300w, https:\/\/www.porlalibreedomex.com\/wp-content\/uploads\/2020\/06\/CEMYBS-maltrato-mujeresWhatsApp-Image-2020-06-15-at-2.30.31-PM-768x512.jpeg 768w, https:\/\/www.porlalibreedomex.com\/wp-content\/uploads\/2020\/06\/CEMYBS-maltrato-mujeresWhatsApp-Image-2020-06-15-at-2.30.31-PM.jpeg 1280w\" sizes=\"auto, (max-width: 800px) 100vw, 800px\" \/><\/a><figcaption id=\"caption-attachment-41012\" class=\"wp-caption-text\">Atenci\u00f3n a mujeres en los Albergues del CEMyBS<\/figcaption><\/figure>\n<p>Finalmente adelant\u00f3 que el Gobierno estatal estar\u00e1 impulsando otras acciones en la materia, entre \u00e9stas la apertura de cinco Centros de Reeducaci\u00f3n en la entidad, que se sumar\u00e1n al ubicado en la capital mexiquense y un sistema denominado \u201cSigue\u00bb, el cual permitir\u00e1 tener un seguimiento puntual de cada agresor.<\/p>\n<p>En las mesas virtuales participaron acad\u00e9micos, servidoras y servidores p\u00fablicos, integrantes de organizaciones de la sociedad civil, as\u00ed como titulares de institutos municipales y Unidades de G\u00e9nero.<\/p>\n<p>Cabe destacar que estas acciones forman parte de la Agenda de G\u00e9nero presentada el pasado 7 de marzo por el mandatario estatal.<\/p>\n","protected":false},"excerpt":{"rendered":"<p>Realizan mesas de trabajo virtuales bajo el t\u00edtulo \u201cMasculinidad-es\u201d. Buscan educar y reeducar con una visi\u00f3n incluyente y tolerante. &nbsp; Toluca, Estado de M\u00e9xico, 15 de junio de 2020. A partir de este a\u00f1o, por instrucci\u00f3n del Gobernador Alfredo Del Mazo Maza, el Consejo Estatal de la Mujer y Bienestar Social (CEMyBS) trabajar\u00e1 en materia [&hellip;]<\/p>\n","protected":false},"author":3,"featured_media":41011,"comment_status":"open","ping_status":"open","sticky":false,"template":"","format":"standard","meta":{"footnotes":""},"categories":[9157,16],"tags":[13360,18441,11802],"class_list":{"0":"post-41009","1":"post","2":"type-post","3":"status-publish","4":"format-standard","5":"has-post-thumbnail","7":"category-edomex","8":"category-foto","9":"tag-consejo-estatal-de-la-mujer","10":"tag-gem-acciones-de-genero","11":"tag-melissa-vargas-camacho"},"wps_subtitle":"","_links":{"self":[{"href":"https:\/\/www.porlalibreedomex.com\/index.php?rest_route=\/wp\/v2\/posts\/41009","targetHints":{"allow":["GET"]}}],"collection":[{"href":"https:\/\/www.porlalibreedomex.com\/index.php?rest_route=\/wp\/v2\/posts"}],"about":[{"href":"https:\/\/www.porlalibreedomex.com\/index.php?rest_route=\/wp\/v2\/types\/post"}],"author":[{"embeddable":true,"href":"https:\/\/www.porlalibreedomex.com\/index.php?rest_route=\/wp\/v2\/users\/3"}],"replies":[{"embeddable":true,"href":"https:\/\/www.porlalibreedomex.com\/index.php?rest_route=%2Fwp%2Fv2%2Fcomments&post=41009"}],"version-history":[{"count":3,"href":"https:\/\/www.porlalibreedomex.com\/index.php?rest_route=\/wp\/v2\/posts\/41009\/revisions"}],"predecessor-version":[{"id":41015,"href":"https:\/\/www.porlalibreedomex.com\/index.php?rest_route=\/wp\/v2\/posts\/41009\/revisions\/41015"}],"wp:featuredmedia":[{"embeddable":true,"href":"https:\/\/www.porlalibreedomex.com\/index.php?rest_route=\/wp\/v2\/media\/41011"}],"wp:attachment":[{"href":"https:\/\/www.porlalibreedomex.com\/index.php?rest_route=%2Fwp%2Fv2%2Fmedia&parent=41009"}],"wp:term":[{"taxonomy":"category","embeddable":true,"href":"https:\/\/www.porlalibreedomex.com\/index.php?rest_route=%2Fwp%2Fv2%2Fcategories&post=41009"},{"taxonomy":"post_tag","embeddable":true,"href":"https:\/\/www.porlalibreedomex.com\/index.php?rest_route=%2Fwp%2Fv2%2Ftags&post=41009"}],"curies":[{"name":"wp","href":"https:\/\/api.w.org\/{rel}","templated":true}]}}