{"id":41003,"date":"2020-06-15T23:33:09","date_gmt":"2020-06-16T04:33:09","guid":{"rendered":"https:\/\/www.porlalibreedomex.com\/?p=41003"},"modified":"2020-06-15T23:33:09","modified_gmt":"2020-06-16T04:33:09","slug":"obtiene-fgr-vinculacion-a-proceso-contra-una-persona-por-portacion-de-arma-de-fuego","status":"publish","type":"post","link":"https:\/\/www.porlalibreedomex.com\/?p=41003","title":{"rendered":"OBTIENE FGR VINCULACI\u00d3N A PROCESO CONTRA UNA PERSONA POR PORTACI\u00d3N DE ARMA DE FUEGO\u00a0"},"content":{"rendered":"<p style=\"font-weight: 400;\">\n<ul>\n<li style=\"font-weight: 400;\"><em>La Juez de la causa concedi\u00f3 la suspensi\u00f3n condicional por seis meses, imponiendo un plan de reparaci\u00f3n del da\u00f1o, consistente en la donaci\u00f3n de diez paquetes de pa\u00f1ales para adulto.<\/em><\/li>\n<\/ul>\n<p>&nbsp;<\/p>\n<p style=\"font-weight: 400;\">El Ministerio P\u00fablico de la Fiscal\u00eda General de la Rep\u00fablica (FGR) en el Estado de M\u00e9xico, obtuvo de la Juez de Distrito Especializado en el Sistema Penal Acusatorio, vinculaci\u00f3n a proceso contra una persona, por su probable responsabilidad penal en la comisi\u00f3n del delito de portaci\u00f3n de arma de fuego sin licencia.<\/p>\n<p style=\"font-weight: 400;\">De acuerdo con la investigaci\u00f3n, en la colonia Ol\u00edmpica del municipio de Ecatepec, elementos de la Polic\u00eda Federal Ministerial realizaron un operativo denominado \u201cSeguridad Ciudadana\u201d, en el que detuvieron a Ad\u00e1n \u201cT\u201d, quien portaba un arma de fuego calibre .22, con su respectivo cargador abastecido con ocho cartuchos.<\/p>\n<p style=\"font-weight: 400;\">En consecuencia, el MPF present\u00f3 los datos de prueba a la Juez de la causa, quien mediante una videoconferencia concedi\u00f3 la suspensi\u00f3n condicional por seis meses, imponiendo un plan de reparaci\u00f3n del da\u00f1o, consistente en la donaci\u00f3n de diez paquetes de pa\u00f1ales para adulto, los cuales deber\u00e1n ser entregados al DIF del municipio de Ecatepec.<\/p>\n<p style=\"font-weight: 400;\">\n","protected":false},"excerpt":{"rendered":"<p>La Juez de la causa concedi\u00f3 la suspensi\u00f3n condicional por seis meses, imponiendo un plan de reparaci\u00f3n del da\u00f1o, consistente en la donaci\u00f3n de diez paquetes de pa\u00f1ales para adulto. &nbsp; El Ministerio P\u00fablico de la Fiscal\u00eda General de la Rep\u00fablica (FGR) en el Estado de M\u00e9xico, obtuvo de la Juez de Distrito Especializado en [&hellip;]<\/p>\n","protected":false},"author":3,"featured_media":41004,"comment_status":"open","ping_status":"open","sticky":false,"template":"","format":"standard","meta":{"footnotes":""},"categories":[16,9149],"tags":[18440,18438,18439,11439],"class_list":{"0":"post-41003","1":"post","2":"type-post","3":"status-publish","4":"format-standard","5":"has-post-thumbnail","7":"category-foto","8":"category-policiaca","9":"tag-10-paquetes-de-panales-desechables","10":"tag-fgr-sujeta-a-proceso","11":"tag-jueza-reparacion-del-dano","12":"tag-portacion-de-arma"},"wps_subtitle":"","_links":{"self":[{"href":"https:\/\/www.porlalibreedomex.com\/index.php?rest_route=\/wp\/v2\/posts\/41003","targetHints":{"allow":["GET"]}}],"collection":[{"href":"https:\/\/www.porlalibreedomex.com\/index.php?rest_route=\/wp\/v2\/posts"}],"about":[{"href":"https:\/\/www.porlalibreedomex.com\/index.php?rest_route=\/wp\/v2\/types\/post"}],"author":[{"embeddable":true,"href":"https:\/\/www.porlalibreedomex.com\/index.php?rest_route=\/wp\/v2\/users\/3"}],"replies":[{"embeddable":true,"href":"https:\/\/www.porlalibreedomex.com\/index.php?rest_route=%2Fwp%2Fv2%2Fcomments&post=41003"}],"version-history":[{"count":1,"href":"https:\/\/www.porlalibreedomex.com\/index.php?rest_route=\/wp\/v2\/posts\/41003\/revisions"}],"predecessor-version":[{"id":41005,"href":"https:\/\/www.porlalibreedomex.com\/index.php?rest_route=\/wp\/v2\/posts\/41003\/revisions\/41005"}],"wp:featuredmedia":[{"embeddable":true,"href":"https:\/\/www.porlalibreedomex.com\/index.php?rest_route=\/wp\/v2\/media\/41004"}],"wp:attachment":[{"href":"https:\/\/www.porlalibreedomex.com\/index.php?rest_route=%2Fwp%2Fv2%2Fmedia&parent=41003"}],"wp:term":[{"taxonomy":"category","embeddable":true,"href":"https:\/\/www.porlalibreedomex.com\/index.php?rest_route=%2Fwp%2Fv2%2Fcategories&post=41003"},{"taxonomy":"post_tag","embeddable":true,"href":"https:\/\/www.porlalibreedomex.com\/index.php?rest_route=%2Fwp%2Fv2%2Ftags&post=41003"}],"curies":[{"name":"wp","href":"https:\/\/api.w.org\/{rel}","templated":true}]}}