{"id":40136,"date":"2020-05-15T01:50:53","date_gmt":"2020-05-15T06:50:53","guid":{"rendered":"https:\/\/www.porlalibreedomex.com\/?p=40136"},"modified":"2020-05-16T01:51:13","modified_gmt":"2020-05-16T06:51:13","slug":"apoya-infonavit-a-trabajadores-y-patrones-ante-crisis-por-covid-19","status":"publish","type":"post","link":"https:\/\/www.porlalibreedomex.com\/?p=40136","title":{"rendered":"APOYA INFONAVIT A TRABAJADORES Y PATRONES ANTE CRISIS POR COVID-19"},"content":{"rendered":"<p>&nbsp;<\/p>\n<ul>\n<li><em><strong>Benefician principalmente a trabajadores que sufran una disminuci\u00f3n de su ingreso o pierdan su empleo y a las empresas que tengan la necesidad de entrar en paro t\u00e9cnico.<\/strong><\/em><\/li>\n<li><em><strong>Participa, en el marco de las videoconferencias \u201cMayo: mes laboral\u201d que organiza la Secretar\u00eda del Trabajo, el delegado federal de este organismo en la entidad, Alberto Rodr\u00edguez Tizcare\u00f1o.<\/strong><\/em><\/li>\n<\/ul>\n<p><strong>Toluca, Estado de M\u00e9xico, 15 de mayo de 2020.<\/strong> Con el prop\u00f3sito de apoyar a los trabajadores y patrones que han sido afectados por la emergencia sanitaria del COVID-19, el Instituto del Fondo Nacional de la Vivienda para los Trabajadores (Infonavit) puso en marcha una serie de acciones que permiten dar tranquilidad financiera a sus derechohabientes y proteger las fuentes de empleo, inform\u00f3 Alberto Rodr\u00edguez Tizcare\u00f1o, Delegado del organismo en el Estado de M\u00e9xico.<\/p>\n<p>En el marco de las videoconferencias \u201cMayo: mes laboral\u201d, que organiza la Secretar\u00eda del Trabajo del Estado de M\u00e9xico, el funcionario federal expuso el tema \u201cMedidas de protecci\u00f3n y apoyo del Infonavit ante el COVID-19 dirigido a trabajadores y empresas\u201d.<\/p>\n<p>Indic\u00f3 que a partir del 15 de abril se implementaron una serie de medidas pensadas en tres situaciones: primero, para aquellos trabajadores que sufran una disminuci\u00f3n de su ingreso; segundo, para los que pierdan su empleo y, tercero, para las empresas que tengan la necesidad de entrar en un paro t\u00e9cnico.<a href=\"https:\/\/www.porlalibreedomex.com\/wp-content\/uploads\/2020\/05\/WhatsApp-Image-2020-05-15-at-12.08.35-PM.jpeg\"><img loading=\"lazy\" decoding=\"async\" class=\"alignright size-medium wp-image-40137\" src=\"https:\/\/www.porlalibreedomex.com\/wp-content\/uploads\/2020\/05\/WhatsApp-Image-2020-05-15-at-12.08.35-PM-300x169.jpeg\" alt=\"\" width=\"300\" height=\"169\" srcset=\"https:\/\/www.porlalibreedomex.com\/wp-content\/uploads\/2020\/05\/WhatsApp-Image-2020-05-15-at-12.08.35-PM-300x169.jpeg 300w, https:\/\/www.porlalibreedomex.com\/wp-content\/uploads\/2020\/05\/WhatsApp-Image-2020-05-15-at-12.08.35-PM-768x432.jpeg 768w, https:\/\/www.porlalibreedomex.com\/wp-content\/uploads\/2020\/05\/WhatsApp-Image-2020-05-15-at-12.08.35-PM-1024x576.jpeg 1024w, https:\/\/www.porlalibreedomex.com\/wp-content\/uploads\/2020\/05\/WhatsApp-Image-2020-05-15-at-12.08.35-PM.jpeg 1280w\" sizes=\"auto, (max-width: 300px) 100vw, 300px\" \/><\/a><\/p>\n<p>Agreg\u00f3 que estas medidas estar\u00e1n vigentes durante el primer semestre de 2020, con opci\u00f3n a renovarse por seis meses m\u00e1s, con el objetivo de que los cr\u00e9ditos hipotecarios no sean una carga financiera que impida pensar y satisfacer las necesidades m\u00e1s urgentes y apremiantes de los trabajadores y sus familias.<\/p>\n<p>Rodr\u00edguez Tizcare\u00f1o inform\u00f3 que tan s\u00f3lo el primer d\u00eda que entraron en vigencia dichas soluciones, se tuvieron 18 mil solicitudes de beneficio, de las cuales el mismo d\u00eda se resolvieron 5 mil de manera autom\u00e1tica, pues solamente ten\u00edan que encuadrarse en el supuesto de la p\u00e9rdida de empleo, y el resto se han ido resolviendo a lo largo de esta emergencia sanitaria.<\/p>\n<p>Para que el trabajador pueda obtener estos beneficios y darse de alta, hay que ingresar a la p\u00e1gina micuenta.infonavit.org.mx, tener una cuenta de correo electr\u00f3nico, un n\u00famero de tel\u00e9fono celular donde le har\u00e1n llegar un mensaje SMS para hacer la configuraci\u00f3n del alta de la cuenta, el RFC y clave CURP.<\/p>\n<p>Tambi\u00e9n se present\u00f3 la videoconferencia \u201cLa protecci\u00f3n social como respuesta a los efectos del COVID-19\u201d, por parte de Ricardo Irra Fern\u00e1ndez, funcionario de la Oficina de la Organizaci\u00f3n Internacional del Trabajo (OIT) para M\u00e9xico y Cuba.<\/p>\n<p>En ella inform\u00f3 que de acuerdo con el monitoreo de la organizaci\u00f3n, en M\u00e9xico, en febrero hab\u00eda 20 millones 613 mil empleos registrados ante el Instituto Mexicano del Seguro Social (IMSS), y en abril pas\u00f3 a 19 millones 927 mil, lo que representa una p\u00e9rdida de 685 mil 840 empleos que desaparecieron en estos dos meses de la emergencia sanitaria.<\/p>\n","protected":false},"excerpt":{"rendered":"<p>&nbsp; Benefician principalmente a trabajadores que sufran una disminuci\u00f3n de su ingreso o pierdan su empleo y a las empresas que tengan la necesidad de entrar en paro t\u00e9cnico. Participa, en el marco de las videoconferencias \u201cMayo: mes laboral\u201d que organiza la Secretar\u00eda del Trabajo, el delegado federal de este organismo en la entidad, Alberto [&hellip;]<\/p>\n","protected":false},"author":3,"featured_media":40138,"comment_status":"open","ping_status":"open","sticky":false,"template":"","format":"standard","meta":{"footnotes":""},"categories":[16,9145],"tags":[18012,18013,18014],"class_list":{"0":"post-40136","1":"post","2":"type-post","3":"status-publish","4":"format-standard","5":"has-post-thumbnail","7":"category-foto","8":"category-general","9":"tag-tranquilidad-financiera","10":"tag-alberto-rodriguez-tizcareno","11":"tag-infonavit-autoconstruccion"},"wps_subtitle":"","_links":{"self":[{"href":"https:\/\/www.porlalibreedomex.com\/index.php?rest_route=\/wp\/v2\/posts\/40136","targetHints":{"allow":["GET"]}}],"collection":[{"href":"https:\/\/www.porlalibreedomex.com\/index.php?rest_route=\/wp\/v2\/posts"}],"about":[{"href":"https:\/\/www.porlalibreedomex.com\/index.php?rest_route=\/wp\/v2\/types\/post"}],"author":[{"embeddable":true,"href":"https:\/\/www.porlalibreedomex.com\/index.php?rest_route=\/wp\/v2\/users\/3"}],"replies":[{"embeddable":true,"href":"https:\/\/www.porlalibreedomex.com\/index.php?rest_route=%2Fwp%2Fv2%2Fcomments&post=40136"}],"version-history":[{"count":1,"href":"https:\/\/www.porlalibreedomex.com\/index.php?rest_route=\/wp\/v2\/posts\/40136\/revisions"}],"predecessor-version":[{"id":40139,"href":"https:\/\/www.porlalibreedomex.com\/index.php?rest_route=\/wp\/v2\/posts\/40136\/revisions\/40139"}],"wp:featuredmedia":[{"embeddable":true,"href":"https:\/\/www.porlalibreedomex.com\/index.php?rest_route=\/wp\/v2\/media\/40138"}],"wp:attachment":[{"href":"https:\/\/www.porlalibreedomex.com\/index.php?rest_route=%2Fwp%2Fv2%2Fmedia&parent=40136"}],"wp:term":[{"taxonomy":"category","embeddable":true,"href":"https:\/\/www.porlalibreedomex.com\/index.php?rest_route=%2Fwp%2Fv2%2Fcategories&post=40136"},{"taxonomy":"post_tag","embeddable":true,"href":"https:\/\/www.porlalibreedomex.com\/index.php?rest_route=%2Fwp%2Fv2%2Ftags&post=40136"}],"curies":[{"name":"wp","href":"https:\/\/api.w.org\/{rel}","templated":true}]}}