{"id":40096,"date":"2020-05-14T23:52:31","date_gmt":"2020-05-15T04:52:31","guid":{"rendered":"https:\/\/www.porlalibreedomex.com\/?p=40096"},"modified":"2020-05-15T11:56:45","modified_gmt":"2020-05-15T16:56:45","slug":"prepara-la-secretaria-de-cultura-edomex-el-dia-de-la-cuarentena","status":"publish","type":"post","link":"https:\/\/www.porlalibreedomex.com\/?p=40096","title":{"rendered":"PREPARA LA SECRETAR\u00cdA DE CULTURA EDOM\u00c9X, \u00abEL MUSEO DE LA CUARENTENA\u00bb"},"content":{"rendered":"<p>Carla Col\u00edn<\/p>\n<p>Mar\u00eda Susana Victoria Uribe, Coordinadora de Museograf\u00eda y Desarrollo Cultural del Centro Cultural Toluca, anunci\u00f3 que para el d\u00eda 18 de Mayo se conmemorar\u00e1 el d\u00eda Internacional de los Museos y el Centro Cultural pondr\u00e1 en marcha una din\u00e1mica llamada &#8216;El museo de la cuarentena&#8217;, durante ese d\u00eda a trav\u00e9s de un post abierto al p\u00fablico en la p\u00e1gina oficial de facebook, se podr\u00e1n compartir fotograf\u00edas de las actividades que las personas realizaron o realizan en la cuarentena (cocinar, bordar, bailar, etc\u00e9tera) con el objetivo de hacer una recopilaci\u00f3n y hacer una c\u00e1psula del tiempo gr\u00e1fica.<\/p>\n<p>Dentro de otras actividades programadas para el d\u00eda Internacional de los Museos, Victoria Uribe mencion\u00f3 que se expondr\u00e1n recomendaciones de museos relacionados con las ciencias naturales con un recorrido virtual especial y que para cerrar el d\u00eda, se invit\u00f3 a &#8216;Guita cuenta cuentos&#8217; quien va a narrar una historia sobre los museos del mundo titulado &#8216;Los buscadores de tesoro&#8217; en punto de las 18:30 hrs.<\/p>\n<p>La coordinadora tambi\u00e9n se\u00f1al\u00f3 que para el d\u00eda 22 de Mayo (d\u00eda mundial de la diversidad) se tiene planeado realizar 2 din\u00e1micas, la primera se llevara a cabo a las 18:30 hrs y ser\u00e1 una entrevista oficial al Dr. Gerardo Ceballos Gonz\u00e1les, reconocido bi\u00f3logo y ec\u00f3logo, quien hablar\u00e1 sobre la sexta extinci\u00f3n masiva; y la segunda din\u00e1mica se enfocar\u00e1 en el p\u00fablico, donde a trav\u00e9s de un post en la p\u00e1gina oficial, las personas podr\u00e1n publicar una foto de su animal favorito con informaci\u00f3n importante acerca del mismo y hacer un \u00e1lbum virtual.<\/p>\n<p>Victoria Uribe destac\u00f3 que son m\u00e1s de 20 experiencias recreativas digitales, basadas en la neuro pedagog\u00eda del juego y en la museograf\u00eda did\u00e1ctica, las que se desarrollar\u00e1n en el Centro Cultural Toluca durante el confinamiento.<\/p>\n<p>\u00abEstas exposiciones y din\u00e1micas son 100% mexicanas, todos los proveedores que la hicieron son mexicanos, nos sentimos muy orgullosos de ese M\u00e9xico que trabaja, todos los contenidos est\u00e1n desarrollados por el Centro Cultural Toluca, validados tanto por el Dr. Gerardo Ceballos en la parte cient\u00edfica, las medidas de los robots que se presentar\u00e1n est\u00e1n validados por especialistas del zool\u00f3gico de Zacango y toda la parte del medio ambiente esta validado por la Direcci\u00f3n del Medio Ambiente del Ayuntamiento de Toluca\u00bb explic\u00f3<\/p>\n<p>La encargada de coordinaci\u00f3n de museograf\u00eda destac\u00f3 que la primera exposici\u00f3n interactiva en M\u00e9xico sobre la sexta extinci\u00f3n masiva, se inici\u00f3 desde el mes de Junio de 2019, y se pretende exponer para Junio del presente a\u00f1o por lo que se tendr\u00e1n transmisiones en vivo los d\u00edas Martes y Jueves a las 18:30 hrs y se hablar\u00e1 de distintas zonas del mundo con reservas naturales, animales en peligro de extinci\u00f3n, cuidado al medio ambiente y el papel de los humanos en esta din\u00e1mica de la naturaleza.<\/p>\n<p>Finalmente Victoria Uribe invit\u00f3 al p\u00fablico los talleres virtuales que se llevan a cabo en la p\u00e1gina del Centro Cultural Toluca los d\u00edas Lunes, Viernes y algunos Mi\u00e9rcoles en punto de las 18:00 hrs con el objetivo de acercar a las personas a t\u00e9cnicas pl\u00e1sticas y art\u00edsticas b\u00e1sicas.<\/p>\n","protected":false},"excerpt":{"rendered":"<p>Carla Col\u00edn Mar\u00eda Susana Victoria Uribe, Coordinadora de Museograf\u00eda y Desarrollo Cultural del Centro Cultural Toluca, anunci\u00f3 que para el d\u00eda 18 de Mayo se conmemorar\u00e1 el d\u00eda Internacional de los Museos y el Centro Cultural pondr\u00e1 en marcha una din\u00e1mica llamada &#8216;El museo de la cuarentena&#8217;, durante ese d\u00eda a trav\u00e9s de un post [&hellip;]<\/p>\n","protected":false},"author":3,"featured_media":40097,"comment_status":"open","ping_status":"open","sticky":false,"template":"","format":"standard","meta":{"footnotes":""},"categories":[9873,16,9145],"tags":[],"class_list":{"0":"post-40096","1":"post","2":"type-post","3":"status-publish","4":"format-standard","5":"has-post-thumbnail","7":"category-cultura","8":"category-foto","9":"category-general"},"wps_subtitle":"El 18 de mayo, \"d\u00eda Internacional del Museo\"","_links":{"self":[{"href":"https:\/\/www.porlalibreedomex.com\/index.php?rest_route=\/wp\/v2\/posts\/40096","targetHints":{"allow":["GET"]}}],"collection":[{"href":"https:\/\/www.porlalibreedomex.com\/index.php?rest_route=\/wp\/v2\/posts"}],"about":[{"href":"https:\/\/www.porlalibreedomex.com\/index.php?rest_route=\/wp\/v2\/types\/post"}],"author":[{"embeddable":true,"href":"https:\/\/www.porlalibreedomex.com\/index.php?rest_route=\/wp\/v2\/users\/3"}],"replies":[{"embeddable":true,"href":"https:\/\/www.porlalibreedomex.com\/index.php?rest_route=%2Fwp%2Fv2%2Fcomments&post=40096"}],"version-history":[{"count":3,"href":"https:\/\/www.porlalibreedomex.com\/index.php?rest_route=\/wp\/v2\/posts\/40096\/revisions"}],"predecessor-version":[{"id":40132,"href":"https:\/\/www.porlalibreedomex.com\/index.php?rest_route=\/wp\/v2\/posts\/40096\/revisions\/40132"}],"wp:featuredmedia":[{"embeddable":true,"href":"https:\/\/www.porlalibreedomex.com\/index.php?rest_route=\/wp\/v2\/media\/40097"}],"wp:attachment":[{"href":"https:\/\/www.porlalibreedomex.com\/index.php?rest_route=%2Fwp%2Fv2%2Fmedia&parent=40096"}],"wp:term":[{"taxonomy":"category","embeddable":true,"href":"https:\/\/www.porlalibreedomex.com\/index.php?rest_route=%2Fwp%2Fv2%2Fcategories&post=40096"},{"taxonomy":"post_tag","embeddable":true,"href":"https:\/\/www.porlalibreedomex.com\/index.php?rest_route=%2Fwp%2Fv2%2Ftags&post=40096"}],"curies":[{"name":"wp","href":"https:\/\/api.w.org\/{rel}","templated":true}]}}