{"id":39946,"date":"2020-05-09T17:38:34","date_gmt":"2020-05-09T22:38:34","guid":{"rendered":"https:\/\/www.porlalibreedomex.com\/?p=39946"},"modified":"2020-05-09T17:38:34","modified_gmt":"2020-05-09T22:38:34","slug":"honra-toluca-memoria-de-las-mamas-con-miles-de-flores-en-panteones","status":"publish","type":"post","link":"https:\/\/www.porlalibreedomex.com\/?p=39946","title":{"rendered":"Honra Toluca memoria de las mam\u00e1s con miles de flores en panteones  \u00a0"},"content":{"rendered":"<p>&nbsp;<\/p>\n<ul>\n<li><strong><i>Embellece cerca de 16 mil tumbas del Pante\u00f3n General y del Cementerio Municipal<\/i><\/strong><\/li>\n<\/ul>\n<p>&nbsp;<\/p>\n<p><b><span lang=\"ES-TRAD\">Toluca, Estado de M\u00e9xico, s\u00e1bado 9 de mayo de 2020.-<\/span><\/b><span lang=\"ES-TRAD\">\u00a0El gobierno municipal de Toluca honra la memoria de las mam\u00e1s, embellece cerca de 16 mil tumbas del <strong>Pante\u00f3n General de La Soledad y del Cementerio Municipal<\/strong>, para que este 10 de mayo reciban, a distancia el cari\u00f1o de sus seres queridos.<\/span><\/p>\n<p><span lang=\"ES-TRAD\">\u00a0\u00a0\u00a0\u00a0\u00a0\u00a0\u00a0\u00a0\u00a0\u00a0\u00a0 Derivado de la contingencia del COVID-19 y con el objetivo de prevenir m\u00e1s contagios, estos recintos de descanso <strong>estar\u00e1n cerrados durante el D\u00eda de las Madres;<\/strong> sin embargo, la administraci\u00f3n que preside Juan Rodolfo S\u00e1nchez G\u00f3mez busca consolar a la poblaci\u00f3n con esta acci\u00f3n que demuestra la importancia que brinda a la uni\u00f3n y los valores familiares.<\/span><\/p>\n<figure id=\"attachment_39948\" aria-describedby=\"caption-attachment-39948\" style=\"width: 1280px\" class=\"wp-caption aligncenter\"><a href=\"https:\/\/www.porlalibreedomex.com\/wp-content\/uploads\/2020\/05\/Homenaje-de-Toluca-a-Madres-en-el-Pante\u00f3n-General.jpeg\"><img loading=\"lazy\" decoding=\"async\" class=\"size-full wp-image-39948\" src=\"https:\/\/www.porlalibreedomex.com\/wp-content\/uploads\/2020\/05\/Homenaje-de-Toluca-a-Madres-en-el-Pante\u00f3n-General.jpeg\" alt=\"\" width=\"1280\" height=\"853\" srcset=\"https:\/\/www.porlalibreedomex.com\/wp-content\/uploads\/2020\/05\/Homenaje-de-Toluca-a-Madres-en-el-Pante\u00f3n-General.jpeg 1280w, https:\/\/www.porlalibreedomex.com\/wp-content\/uploads\/2020\/05\/Homenaje-de-Toluca-a-Madres-en-el-Pante\u00f3n-General-300x200.jpeg 300w, https:\/\/www.porlalibreedomex.com\/wp-content\/uploads\/2020\/05\/Homenaje-de-Toluca-a-Madres-en-el-Pante\u00f3n-General-768x512.jpeg 768w, https:\/\/www.porlalibreedomex.com\/wp-content\/uploads\/2020\/05\/Homenaje-de-Toluca-a-Madres-en-el-Pante\u00f3n-General-1024x682.jpeg 1024w\" sizes=\"auto, (max-width: 1280px) 100vw, 1280px\" \/><\/a><figcaption id=\"caption-attachment-39948\" class=\"wp-caption-text\">Coloca el Gobierno Municipal de Toluca flores en alrededor de 16 mil tumbas en los panteones General y Municipal, en v\u00edsperas del D\u00eda de las Madres. Los PANTEONES PERMANECER\u00c1N CERRADOS EL 10 DE MAYO.<\/figcaption><\/figure>\n<p><span lang=\"ES-TRAD\">\u00a0\u00a0\u00a0\u00a0\u00a0\u00a0\u00a0\u00a0\u00a0\u00a0\u00a0 El titular de la Direcci\u00f3n General de Servicios P\u00fablicos, Jes\u00fas Antonio Caballero D\u00edaz, explic\u00f3 que por instrucciones del presidente municipal las l\u00e1pidas se embellecieron con rosas, gladiolas, crisantemos, polar, brandy, morelianas, alhel\u00ed y nube.<\/span><\/p>\n<p><span lang=\"ES-TRAD\">\u00a0\u00a0\u00a0\u00a0\u00a0\u00a0\u00a0\u00a0\u00a0\u00a0\u00a0 El Ayuntamiento de Toluca hace un llamado a las personas a quedarse en casa, sobre todo a los adultos mayores, ya que la mejor forma de demostrarles su amor es cuid\u00e1ndolos y evitar que se contagien de coronavirus.<\/span><\/p>\n","protected":false},"excerpt":{"rendered":"<p>&nbsp; Embellece cerca de 16 mil tumbas del Pante\u00f3n General y del Cementerio Municipal &nbsp; Toluca, Estado de M\u00e9xico, s\u00e1bado 9 de mayo de 2020.-\u00a0El gobierno municipal de Toluca honra la memoria de las mam\u00e1s, embellece cerca de 16 mil tumbas del Pante\u00f3n General de La Soledad y del Cementerio Municipal, para que este 10 [&hellip;]<\/p>\n","protected":false},"author":3,"featured_media":39947,"comment_status":"open","ping_status":"open","sticky":false,"template":"","format":"standard","meta":{"footnotes":""},"categories":[16,13786,9145],"tags":[],"class_list":{"0":"post-39946","1":"post","2":"type-post","3":"status-publish","4":"format-standard","5":"has-post-thumbnail","7":"category-foto","8":"category-gobierno","9":"category-general"},"wps_subtitle":"","_links":{"self":[{"href":"https:\/\/www.porlalibreedomex.com\/index.php?rest_route=\/wp\/v2\/posts\/39946","targetHints":{"allow":["GET"]}}],"collection":[{"href":"https:\/\/www.porlalibreedomex.com\/index.php?rest_route=\/wp\/v2\/posts"}],"about":[{"href":"https:\/\/www.porlalibreedomex.com\/index.php?rest_route=\/wp\/v2\/types\/post"}],"author":[{"embeddable":true,"href":"https:\/\/www.porlalibreedomex.com\/index.php?rest_route=\/wp\/v2\/users\/3"}],"replies":[{"embeddable":true,"href":"https:\/\/www.porlalibreedomex.com\/index.php?rest_route=%2Fwp%2Fv2%2Fcomments&post=39946"}],"version-history":[{"count":1,"href":"https:\/\/www.porlalibreedomex.com\/index.php?rest_route=\/wp\/v2\/posts\/39946\/revisions"}],"predecessor-version":[{"id":39949,"href":"https:\/\/www.porlalibreedomex.com\/index.php?rest_route=\/wp\/v2\/posts\/39946\/revisions\/39949"}],"wp:featuredmedia":[{"embeddable":true,"href":"https:\/\/www.porlalibreedomex.com\/index.php?rest_route=\/wp\/v2\/media\/39947"}],"wp:attachment":[{"href":"https:\/\/www.porlalibreedomex.com\/index.php?rest_route=%2Fwp%2Fv2%2Fmedia&parent=39946"}],"wp:term":[{"taxonomy":"category","embeddable":true,"href":"https:\/\/www.porlalibreedomex.com\/index.php?rest_route=%2Fwp%2Fv2%2Fcategories&post=39946"},{"taxonomy":"post_tag","embeddable":true,"href":"https:\/\/www.porlalibreedomex.com\/index.php?rest_route=%2Fwp%2Fv2%2Ftags&post=39946"}],"curies":[{"name":"wp","href":"https:\/\/api.w.org\/{rel}","templated":true}]}}