{"id":39938,"date":"2020-05-09T17:24:45","date_gmt":"2020-05-09T22:24:45","guid":{"rendered":"https:\/\/www.porlalibreedomex.com\/?p=39938"},"modified":"2020-05-09T17:25:36","modified_gmt":"2020-05-09T22:25:36","slug":"linea-de-credito-apoyada-por-edomex-y-nafin-para-el-sector-productivo","status":"publish","type":"post","link":"https:\/\/www.porlalibreedomex.com\/?p=39938","title":{"rendered":"L\u00cdNEA DE CR\u00c9DITO APOYADA POR EDOM\u00c9X Y NAFIN PARA EL SECTOR PRODUCTIVO"},"content":{"rendered":"<ul>\n<li><strong>Pueden registrarse en el sitio:\u00a0<\/strong><strong> https:\/\/bit.ly\/3aIw5Vs <\/strong><\/li>\n<li><strong>Es para todas las empresas legalmente constituidas.<\/strong><\/li>\n<\/ul>\n<p>&nbsp;<\/p>\n<p><strong>Toluca, Estado de M\u00e9xico, 8 de mayo de 2020.<\/strong> El Gobierno del Estado de M\u00e9xico y Nacional Financiera (Nafin), mantienen abierta la convocatoria para apoyar a las Micro, Peque\u00f1as y Medianas Empresas (Mipymes) con una l\u00ednea de cr\u00e9dito hasta por 5 millones de pesos.<\/p>\n<p>La Secretar\u00eda de Desarrollo Econ\u00f3mico (Sedeco), a trav\u00e9s del Instituto Mexiquense del Emprendedor (IME), hace un llamado a los due\u00f1os de empresas formalmente constituidas y que tengan dos a\u00f1os de funcionamiento, adem\u00e1s de cumplir con los tr\u00e1mites requeridos, a ingresar al sitio web https:\/\/bit.ly\/3aIw5Vs para inscribirse, adem\u00e1s de enviar la documentaci\u00f3n al correo electr\u00f3nico: s.financiamiento@edomex.gob.mx.<\/p>\n<p><a href=\"https:\/\/www.porlalibreedomex.com\/wp-content\/uploads\/2020\/05\/WhatsApp-Image-2020-05-08-at-11.38.18-AM-2.jpeg\"><img loading=\"lazy\" decoding=\"async\" class=\"aligncenter size-full wp-image-39939\" src=\"https:\/\/www.porlalibreedomex.com\/wp-content\/uploads\/2020\/05\/WhatsApp-Image-2020-05-08-at-11.38.18-AM-2.jpeg\" alt=\"\" width=\"1000\" height=\"667\" srcset=\"https:\/\/www.porlalibreedomex.com\/wp-content\/uploads\/2020\/05\/WhatsApp-Image-2020-05-08-at-11.38.18-AM-2.jpeg 1000w, https:\/\/www.porlalibreedomex.com\/wp-content\/uploads\/2020\/05\/WhatsApp-Image-2020-05-08-at-11.38.18-AM-2-300x200.jpeg 300w, https:\/\/www.porlalibreedomex.com\/wp-content\/uploads\/2020\/05\/WhatsApp-Image-2020-05-08-at-11.38.18-AM-2-768x512.jpeg 768w\" sizes=\"auto, (max-width: 1000px) 100vw, 1000px\" \/><\/a><\/p>\n<p>Al respecto, se menciona que la l\u00ednea de cr\u00e9dito para cada una de las empresas del sector comercio o servicios que resulten seleccionadas, est\u00e1n etiquetadas para emplearse en capital de trabajo y activos fijos.<\/p>\n<p><a href=\"https:\/\/www.porlalibreedomex.com\/wp-content\/uploads\/2020\/05\/WhatsApp-Image-2020-05-08-at-11.38.18-AM-1.jpeg\"><img loading=\"lazy\" decoding=\"async\" class=\"aligncenter size-full wp-image-39942\" src=\"https:\/\/www.porlalibreedomex.com\/wp-content\/uploads\/2020\/05\/WhatsApp-Image-2020-05-08-at-11.38.18-AM-1.jpeg\" alt=\"\" width=\"1000\" height=\"670\" srcset=\"https:\/\/www.porlalibreedomex.com\/wp-content\/uploads\/2020\/05\/WhatsApp-Image-2020-05-08-at-11.38.18-AM-1.jpeg 1000w, https:\/\/www.porlalibreedomex.com\/wp-content\/uploads\/2020\/05\/WhatsApp-Image-2020-05-08-at-11.38.18-AM-1-300x201.jpeg 300w, https:\/\/www.porlalibreedomex.com\/wp-content\/uploads\/2020\/05\/WhatsApp-Image-2020-05-08-at-11.38.18-AM-1-768x515.jpeg 768w\" sizes=\"auto, (max-width: 1000px) 100vw, 1000px\" \/><\/a><\/p>\n<p>El impulso de la l\u00ednea de cr\u00e9dito, que tiene como tope un total de 5 millones de pesos, con una tasa anual de 13.9 por ciento y un periodo de gracia de hasta seis meses, busca respaldar las actividades productivas de un amplio n\u00famero de Mipymes.<\/p>\n<p>La acci\u00f3n conjunta de la Sedeco y Nafin, inscrita en el Programa de Impulso para el Desarrollo Industrial y Regional del Estado de M\u00e9xico, tiene un portafolio inicial de 267.2 millones de pesos para el sector comercio y servicios.<\/p>\n<p>Otros 47.6 millones de pesos son para sector industria y tiene como inter\u00e9s primordial impedir el cierre de operaciones de empresas mexiquenses a ra\u00edz de la contingencia sanitaria.<\/p>\n<p><a href=\"https:\/\/www.porlalibreedomex.com\/wp-content\/uploads\/2020\/05\/WhatsApp-Image-2020-05-08-at-11.38.17-AM.jpeg\"><img loading=\"lazy\" decoding=\"async\" class=\"aligncenter size-full wp-image-39941\" src=\"https:\/\/www.porlalibreedomex.com\/wp-content\/uploads\/2020\/05\/WhatsApp-Image-2020-05-08-at-11.38.17-AM.jpeg\" alt=\"\" width=\"1000\" height=\"688\" srcset=\"https:\/\/www.porlalibreedomex.com\/wp-content\/uploads\/2020\/05\/WhatsApp-Image-2020-05-08-at-11.38.17-AM.jpeg 1000w, https:\/\/www.porlalibreedomex.com\/wp-content\/uploads\/2020\/05\/WhatsApp-Image-2020-05-08-at-11.38.17-AM-300x206.jpeg 300w, https:\/\/www.porlalibreedomex.com\/wp-content\/uploads\/2020\/05\/WhatsApp-Image-2020-05-08-at-11.38.17-AM-768x528.jpeg 768w, https:\/\/www.porlalibreedomex.com\/wp-content\/uploads\/2020\/05\/WhatsApp-Image-2020-05-08-at-11.38.17-AM-130x90.jpeg 130w\" sizes=\"auto, (max-width: 1000px) 100vw, 1000px\" \/><\/a><\/p>\n","protected":false},"excerpt":{"rendered":"<p>Pueden registrarse en el sitio:\u00a0 https:\/\/bit.ly\/3aIw5Vs Es para todas las empresas legalmente constituidas. &nbsp; Toluca, Estado de M\u00e9xico, 8 de mayo de 2020. El Gobierno del Estado de M\u00e9xico y Nacional Financiera (Nafin), mantienen abierta la convocatoria para apoyar a las Micro, Peque\u00f1as y Medianas Empresas (Mipymes) con una l\u00ednea de cr\u00e9dito hasta por 5 [&hellip;]<\/p>\n","protected":false},"author":3,"featured_media":39940,"comment_status":"open","ping_status":"open","sticky":false,"template":"","format":"standard","meta":{"footnotes":""},"categories":[9146,16],"tags":[17913,17915,17914],"class_list":{"0":"post-39938","1":"post","2":"type-post","3":"status-publish","4":"format-standard","5":"has-post-thumbnail","7":"category-economia","8":"category-foto","9":"tag-creditos-de-nafin","10":"tag-gobierno-edomex-nafin","11":"tag-pequenas-empresas"},"wps_subtitle":"Est\u00e1 abierta la Convocatoria Impulso\u00a0 Industrial y regional","_links":{"self":[{"href":"https:\/\/www.porlalibreedomex.com\/index.php?rest_route=\/wp\/v2\/posts\/39938","targetHints":{"allow":["GET"]}}],"collection":[{"href":"https:\/\/www.porlalibreedomex.com\/index.php?rest_route=\/wp\/v2\/posts"}],"about":[{"href":"https:\/\/www.porlalibreedomex.com\/index.php?rest_route=\/wp\/v2\/types\/post"}],"author":[{"embeddable":true,"href":"https:\/\/www.porlalibreedomex.com\/index.php?rest_route=\/wp\/v2\/users\/3"}],"replies":[{"embeddable":true,"href":"https:\/\/www.porlalibreedomex.com\/index.php?rest_route=%2Fwp%2Fv2%2Fcomments&post=39938"}],"version-history":[{"count":2,"href":"https:\/\/www.porlalibreedomex.com\/index.php?rest_route=\/wp\/v2\/posts\/39938\/revisions"}],"predecessor-version":[{"id":39944,"href":"https:\/\/www.porlalibreedomex.com\/index.php?rest_route=\/wp\/v2\/posts\/39938\/revisions\/39944"}],"wp:featuredmedia":[{"embeddable":true,"href":"https:\/\/www.porlalibreedomex.com\/index.php?rest_route=\/wp\/v2\/media\/39940"}],"wp:attachment":[{"href":"https:\/\/www.porlalibreedomex.com\/index.php?rest_route=%2Fwp%2Fv2%2Fmedia&parent=39938"}],"wp:term":[{"taxonomy":"category","embeddable":true,"href":"https:\/\/www.porlalibreedomex.com\/index.php?rest_route=%2Fwp%2Fv2%2Fcategories&post=39938"},{"taxonomy":"post_tag","embeddable":true,"href":"https:\/\/www.porlalibreedomex.com\/index.php?rest_route=%2Fwp%2Fv2%2Ftags&post=39938"}],"curies":[{"name":"wp","href":"https:\/\/api.w.org\/{rel}","templated":true}]}}