{"id":39905,"date":"2020-05-07T00:47:54","date_gmt":"2020-05-07T05:47:54","guid":{"rendered":"https:\/\/www.porlalibreedomex.com\/?p=39905"},"modified":"2020-05-08T00:48:10","modified_gmt":"2020-05-08T05:48:10","slug":"alista-gobierno-de-metepec-celebracion-digital-por-el-dia-de-las-madres","status":"publish","type":"post","link":"https:\/\/www.porlalibreedomex.com\/?p=39905","title":{"rendered":"ALISTA GOBIERNO DE METEPEC CELEBRACI\u00d3N DIGITAL POR EL D\u00cdA DE LAS MADRES"},"content":{"rendered":"<p>&nbsp;<\/p>\n<ul>\n<li><em><strong>Este domingo habr\u00e1 grandes din\u00e1micas, concursos y m\u00fasica.<\/strong><\/em><\/li>\n<li><em><strong>Piden autoridades permanecer en casa.<\/strong><\/em><\/li>\n<\/ul>\n<p><strong>Metepec, M\u00e9xico; 07 de mayo de 2020.<\/strong> El gobierno encabezado por la alcaldesa Gaby Gamboa S\u00e1nchez, prepara una celebraci\u00f3n digital por el D\u00eda de las Madres, con una programaci\u00f3n musical y llena de sorpresas.<\/p>\n<p>La contingencia sanitaria por el COVID-19, no es limitante para festejar a las mam\u00e1s metepequenses en un evento particular, a fin de ser disfrutado en familia desde el hogar, a trav\u00e9s de la red social de Facebook: https:\/\/www.facebook.com\/GabyGamboaS de Gaby Gamboa S\u00e1nchez y https:\/\/www.facebook.com\/AyuntamientoMetepec\/.<\/p>\n<p>Las sorpresas iniciar\u00e1n este domingo a partir de las 17:00 horas, donde habr\u00e1 concursos, din\u00e1micas, activaci\u00f3n f\u00edsica, conciertos de piano y canto con m\u00fasica de boleros, blues y otros g\u00e9neros.<\/p>\n<p>En la celebraci\u00f3n, las mam\u00e1s participantes podr\u00e1n ganar varios premios en distintos concursos y rifas que durante la transmisi\u00f3n ser\u00e1n dados a conocer.<\/p>\n<p>El gobierno de Metepec, reitera la importancia de permanecer en casa y de esta manera, coadyuvar para evitar contagios del COVID-19 y riesgos innecesarios.<\/p>\n","protected":false},"excerpt":{"rendered":"<p>&nbsp; Este domingo habr\u00e1 grandes din\u00e1micas, concursos y m\u00fasica. Piden autoridades permanecer en casa. Metepec, M\u00e9xico; 07 de mayo de 2020. El gobierno encabezado por la alcaldesa Gaby Gamboa S\u00e1nchez, prepara una celebraci\u00f3n digital por el D\u00eda de las Madres, con una programaci\u00f3n musical y llena de sorpresas. La contingencia sanitaria por el COVID-19, no [&hellip;]<\/p>\n","protected":false},"author":3,"featured_media":39906,"comment_status":"open","ping_status":"open","sticky":false,"template":"","format":"standard","meta":{"footnotes":""},"categories":[16,9145],"tags":[17898,17899,17897],"class_list":{"0":"post-39905","1":"post","2":"type-post","3":"status-publish","4":"format-standard","5":"has-post-thumbnail","7":"category-foto","8":"category-general","9":"tag-10-de-mayo-metepec","10":"tag-contingencia-sanitaria-metepec","11":"tag-festival-dia-de-las-madres"},"wps_subtitle":"","_links":{"self":[{"href":"https:\/\/www.porlalibreedomex.com\/index.php?rest_route=\/wp\/v2\/posts\/39905","targetHints":{"allow":["GET"]}}],"collection":[{"href":"https:\/\/www.porlalibreedomex.com\/index.php?rest_route=\/wp\/v2\/posts"}],"about":[{"href":"https:\/\/www.porlalibreedomex.com\/index.php?rest_route=\/wp\/v2\/types\/post"}],"author":[{"embeddable":true,"href":"https:\/\/www.porlalibreedomex.com\/index.php?rest_route=\/wp\/v2\/users\/3"}],"replies":[{"embeddable":true,"href":"https:\/\/www.porlalibreedomex.com\/index.php?rest_route=%2Fwp%2Fv2%2Fcomments&post=39905"}],"version-history":[{"count":1,"href":"https:\/\/www.porlalibreedomex.com\/index.php?rest_route=\/wp\/v2\/posts\/39905\/revisions"}],"predecessor-version":[{"id":39907,"href":"https:\/\/www.porlalibreedomex.com\/index.php?rest_route=\/wp\/v2\/posts\/39905\/revisions\/39907"}],"wp:featuredmedia":[{"embeddable":true,"href":"https:\/\/www.porlalibreedomex.com\/index.php?rest_route=\/wp\/v2\/media\/39906"}],"wp:attachment":[{"href":"https:\/\/www.porlalibreedomex.com\/index.php?rest_route=%2Fwp%2Fv2%2Fmedia&parent=39905"}],"wp:term":[{"taxonomy":"category","embeddable":true,"href":"https:\/\/www.porlalibreedomex.com\/index.php?rest_route=%2Fwp%2Fv2%2Fcategories&post=39905"},{"taxonomy":"post_tag","embeddable":true,"href":"https:\/\/www.porlalibreedomex.com\/index.php?rest_route=%2Fwp%2Fv2%2Ftags&post=39905"}],"curies":[{"name":"wp","href":"https:\/\/api.w.org\/{rel}","templated":true}]}}